{"id":13842,"date":"2024-03-07T04:40:06","date_gmt":"2024-03-07T09:40:06","guid":{"rendered":"https:\/\/www.elamazonico.com\/portal\/?p=13842"},"modified":"2024-03-07T04:40:06","modified_gmt":"2024-03-07T09:40:06","slug":"2023-fue-el-ano-mas-mortifero-para-los-migrantes-en-una-decada-segun-la-onu","status":"publish","type":"post","link":"https:\/\/www.elamazonico.com\/portal\/2023-fue-el-ano-mas-mortifero-para-los-migrantes-en-una-decada-segun-la-onu\/","title":{"rendered":"2023 fue el a\u00f1o m\u00e1s mort\u00edfero para los migrantes en una d\u00e9cada, seg\u00fan la ONU"},"content":{"rendered":"<p class=\"p_0\"><b>M\u00e1s de 8.500 personas murieron en rutas migratorias de todo el mundo en 2023, el a\u00f1o m\u00e1s mort\u00edfero jam\u00e1s registrado por la ONU, aunque el balance real es mucho m\u00e1s alto.<\/b><\/p>\n<p class=\"p_1\">\u00abEl n\u00famero de muertos de 2023 representa un\u00a0<b>tr\u00e1gico aumento del 20%<\/b>\u00a0en comparaci\u00f3n con 2022, lo que pone de relieve la necesidad urgente de tomar medidas para<b>\u00a0evitar una mayor p\u00e9rdida de vidas<\/b>\u00ab, indic\u00f3 la Organizaci\u00f3n Internacional para las Migraciones (OIM) en un comunicado.<\/p>\n<p class=\"p_2\">Seg\u00fan las cifras de la OIM, al menos\u00a0<b>8.565 personas murieron<\/b>\u00a0en las rutas migratorias de todo el mundo en 2023.<\/p>\n<p class=\"p_3\">Es el a\u00f1o m\u00e1s mort\u00edfero desde que la organizaci\u00f3n inici\u00f3 su\u00a0<b>Proyecto Migrantes Desaparecidos<\/b>, una base de datos p\u00fablica creada en 2014 que re\u00fane las cifras de migrantes muertos y desaparecidos.<\/p>\n<p class=\"p_4\">El n\u00famero total de muertos del a\u00f1o pasado supera al anterior r\u00e9cord, fijado en 2016, cuando\u00a0<b>8.084 migrantes murieron.<\/b><\/p>\n<div class=\"paragraph texto\">\n<p class=\"p_5\">\u00abAl conmemorar los 10 a\u00f1os del\u00a0<b>Proyecto Migrantes Desaparecidos<\/b>, en primer lugar queremos recordar todas estas vidas perdidas\u00bb, declar\u00f3 el director general adjunto de la OIM, Ugochi Daniels, citado en el comunicado.<\/p>\n<\/div>\n<div class=\"multimediaMacroWrapper img lateral\">\n<figure class=\"contentMedia art-img\">\n<div><img fetchpriority=\"high\" decoding=\"async\" class=\" lazyloaded\" title=\"Migrantes cruzan una alambrada de navajas y p\u00faas, en el \u00e1rea fronteriza con Estados Unidos, el 29 de febrero de 2024, en Ciudad Ju\u00e1rez (M\u00e9xico).\" src=\"https:\/\/www.vistazo.com\/placeholder\/svg\/viewbox\/768x486\" sizes=\"100vw\" srcset=\"\/\/www.vistazo.com\/binrepository\/768x486\/0c0\/0d0\/none\/12727\/BWBC\/ed3c34d4a1c0e3354443f08f7b11b58808b8f_1411112_20240306212427.jpg 768w,\/\/www.vistazo.com\/binrepository\/640x405\/0c0\/0d0\/none\/12727\/BWBC\/ed3c34d4a1c0e3354443f08f7b11b58808b8f_1411112_20240306212427.jpg 640w,\/\/www.vistazo.com\/binrepository\/512x324\/0c0\/0d0\/none\/12727\/BWBC\/ed3c34d4a1c0e3354443f08f7b11b58808b8f_1411112_20240306212427.jpg 512w,\/\/www.vistazo.com\/binrepository\/384x243\/0c0\/0d0\/none\/12727\/BWBL\/ed3c34d4a1c0e3354443f08f7b11b58808b8f_1411112_20240306212427.jpg 384w,\/\/www.vistazo.com\/binrepository\/300x190\/0c0\/0d0\/none\/12727\/BWBK\/ed3c34d4a1c0e3354443f08f7b11b58808b8f_1411112_20240306212427.jpg 300w\" alt=\"$!Migrantes cruzan una alambrada de navajas y p\u00faas, en el \u00e1rea fronteriza con Estados Unidos, el 29 de febrero de 2024, en Ciudad Ju\u00e1rez (M\u00e9xico).\" width=\"768\" height=\"486\" data-srcset=\"\/\/www.vistazo.com\/binrepository\/768x486\/0c0\/0d0\/none\/12727\/BWBC\/ed3c34d4a1c0e3354443f08f7b11b58808b8f_1411112_20240306212427.jpg 768w,\/\/www.vistazo.com\/binrepository\/640x405\/0c0\/0d0\/none\/12727\/BWBC\/ed3c34d4a1c0e3354443f08f7b11b58808b8f_1411112_20240306212427.jpg 640w,\/\/www.vistazo.com\/binrepository\/512x324\/0c0\/0d0\/none\/12727\/BWBC\/ed3c34d4a1c0e3354443f08f7b11b58808b8f_1411112_20240306212427.jpg 512w,\/\/www.vistazo.com\/binrepository\/384x243\/0c0\/0d0\/none\/12727\/BWBL\/ed3c34d4a1c0e3354443f08f7b11b58808b8f_1411112_20240306212427.jpg 384w,\/\/www.vistazo.com\/binrepository\/300x190\/0c0\/0d0\/none\/12727\/BWBK\/ed3c34d4a1c0e3354443f08f7b11b58808b8f_1411112_20240306212427.jpg 300w\" \/><\/div>\n<div class=\"cutline-byline\"><span class=\"cutline-text\">Migrantes cruzan una alambrada de navajas y p\u00faas, en el \u00e1rea fronteriza con Estados Unidos, el 29 de febrero de 2024, en Ciudad Ju\u00e1rez (M\u00e9xico).\u00a0<\/span><span class=\"byline-image\">(Luis Torres \/ EFE)<\/span><\/div>\n<\/figure>\n<\/div>\n<div class=\"paragraph texto\">\n<p class=\"p_6\">\u00abCada una de ellas es una\u00a0<b>terrible tragedia humana\u00a0<\/b>que repercute en las familias y las comunidades durante a\u00f1os\u00bb, subray\u00f3.<\/p>\n<\/div>\n<div class=\"html_text\">\n<h2>El Mediterr\u00e1neo, la ruta m\u00e1s mort\u00edfera<\/h2>\n<h2><\/h2>\n<\/div>\n<div class=\"paragraph texto\">\n<p class=\"p_7\">La OIM subraya que las v\u00edas migratorias seguras y legales siguen siendo escasas, por lo que\u00a0<b>miles de personas intentan lograr una vida mejor cruzando el mar Mediterr\u00e1neo<\/b>\u00a0en peque\u00f1as embarcaciones, emprendiendo un peligroso viaje por la\u00a0<b>selva del Dari\u00e9n<\/b>, en la frontera entre Colombia y Panam\u00e1 o atravesando el desierto del S\u00e1hara.<\/p>\n<p class=\"p_8\"><b>La traves\u00eda del Mediterr\u00e1neo es la ruta m\u00e1s mort\u00edfera para los migrantes<\/b>, con al menos 3.129 decesos y desapariciones reportadas el a\u00f1o pasado. Se trata del m\u00e1ximo balance de muertos registrado en ese punto de paso desde 2017.<\/p>\n<p class=\"p_9\">A nivel regional, se notific\u00f3 un<b>\u00a0n\u00famero sin precedentes de decesos de migrantes en \u00c1frica<\/b>, donde se registraron 1.866 muertes, y en Asia, donde hubo al menos 2.138.<\/p>\n<p class=\"p_10\"><b>Lea tambi\u00e9n |\u00a0<a href=\"https:\/\/www.vistazo.com\/actualidad\/internacional\">Papa Francisco pide un \u00abacceso seguro\u00bb para la ayuda humanitaria en Gaza<\/a><\/b><\/p>\n<p class=\"p_11\">\u00abEn \u00c1frica, la mayor\u00eda de estos decesos se produjeron en el\u00a0<b>desierto del S\u00e1hara<\/b>\u00a0y en la<b>\u00a0ruta mar\u00edtima que conduce a las islas Canarias<\/b>\u00ab, apunt\u00f3 la OIM.<\/p>\n<p class=\"p_12\">En Asia, \u00abel a\u00f1o pasado se reportaron<b>\u00a0cientos de decesos de refugiados afganos y rohiny\u00e1s\u00a0<\/b>que hu\u00edan de sus pa\u00edses de origen\u00bb, explic\u00f3 la organizaci\u00f3n.<\/p>\n<p class=\"p_13\">Un poco m\u00e1s de la mitad de los fallecimientos notificados el a\u00f1o pasado estuvieron causados por\u00a0<b>ahogamientos<\/b>; un 9%, por\u00a0<b>accidentes de tr\u00e1fico<\/b>\u00a0y un 7%, por\u00a0<b>actos violentos<\/b>.<\/p>\n<p class=\"p_14\">Desde que se cre\u00f3 la base de datos, se han documentado m\u00e1s de 63.000 casos en todo el mundo, pero\u00a0<b>se estima que la cifra real es mucho mayor\u00a0<\/b>debido a lo dif\u00edcil que es recopilar informaci\u00f3n, sobre todo en lugares remotos.<\/p>\n<p class=\"p_15\"><b>Lea tambi\u00e9n |\u00a0<a href=\"https:\/\/www.vistazo.com\/actualidad\/internacional\/rescatan-a-85-migrantes-incluidos-19-menores-y-ecuatorianos-encerrados-en-hotel-de-mexico-EN6935042\">Rescatan a 85 migrantes, incluidos 19 menores y ecuatorianos, encerrados en hotel de M\u00e9xico<\/a><\/b><\/p>\n<p class=\"p_16\">\u00abEstas horripilantes cifras, recopiladas por el Proyecto Migrantes Desaparecidos, tambi\u00e9n nos recuerdan que debemos reafirmar nuestro compromiso en actuar m\u00e1s para\u00a0<b>garantizar una migraci\u00f3n segura para todos, para que dentro de 10 a\u00f1os la gente no tenga que arriesgar su vida<\/b>\u00a0en busca de un futuro mejor\u00bb, afirm\u00f3 Daniels.<\/p>\n<p class=\"p_17\">Junto a otras organizaciones, y como coordinadora de la Red de Naciones Unidas sobre las Migraciones, la OIM insta a los gobiernos y a la comunidad internacional a\u00a0<b>\u00abseguir trabajando juntos para evitar m\u00e1s p\u00e9rdidas de vidas humanas y defender la dignidad y los derechos de todos los individuos\u00bb<\/b>. Fuente: Vistazo<\/p>\n<\/div>\n","protected":false},"excerpt":{"rendered":"<p>M\u00e1s de 8.500 personas murieron en rutas migratorias de todo el mundo en 2023, el a\u00f1o m\u00e1s mort\u00edfero jam\u00e1s registrado por la ONU, aunque el balance real es mucho m\u00e1s alto. \u00abEl n\u00famero de muertos de 2023 representa un\u00a0tr\u00e1gico aumento del 20%\u00a0en comparaci\u00f3n con 2022, lo que pone de relieve la necesidad urgente de tomar medidas para\u00a0evitar una mayor p\u00e9rdida de vidas\u00ab, indic\u00f3 la Organizaci\u00f3n Internacional para las Migraciones (OIM) en un comunicado. Seg\u00fan las cifras de la OIM, al menos\u00a08.565 personas murieron\u00a0en las rutas migratorias de todo el mundo en 2023. Es el a\u00f1o m\u00e1s mort\u00edfero desde que la organizaci\u00f3n inici\u00f3 su\u00a0Proyecto Migrantes Desaparecidos, una base de datos p\u00fablica creada en 2014 que re\u00fane las cifras de migrantes muertos y desaparecidos. El n\u00famero total de muertos del a\u00f1o pasado supera al anterior r\u00e9cord, fijado en 2016, cuando\u00a08.084 migrantes murieron. \u00abAl conmemorar los 10 a\u00f1os del\u00a0Proyecto Migrantes Desaparecidos, en primer lugar queremos recordar todas estas vidas perdidas\u00bb, declar\u00f3 el director general adjunto de la OIM, Ugochi Daniels, citado en el comunicado. Migrantes cruzan una alambrada de navajas y p\u00faas, en el \u00e1rea fronteriza con Estados Unidos, el 29 de febrero de 2024, en Ciudad Ju\u00e1rez (M\u00e9xico).\u00a0(Luis Torres \/ EFE) \u00abCada una de ellas es una\u00a0terrible tragedia humana\u00a0que repercute en las familias y las comunidades durante a\u00f1os\u00bb, subray\u00f3. El Mediterr\u00e1neo, la ruta m\u00e1s mort\u00edfera La OIM subraya que las v\u00edas migratorias seguras y legales siguen siendo escasas, por lo que\u00a0miles de personas intentan lograr una vida mejor cruzando el mar Mediterr\u00e1neo\u00a0en peque\u00f1as embarcaciones, emprendiendo un peligroso viaje por la\u00a0selva del Dari\u00e9n, en la frontera entre Colombia y Panam\u00e1 o atravesando el desierto del S\u00e1hara. La traves\u00eda del Mediterr\u00e1neo es la ruta m\u00e1s mort\u00edfera para los migrantes, con al menos 3.129 decesos y desapariciones reportadas el a\u00f1o pasado. Se trata del m\u00e1ximo balance de muertos registrado en ese punto de paso desde 2017. A nivel regional, se notific\u00f3 un\u00a0n\u00famero sin precedentes de decesos de migrantes en \u00c1frica, donde se registraron 1.866 muertes, y en Asia, donde hubo al menos 2.138. Lea tambi\u00e9n |\u00a0Papa Francisco pide un \u00abacceso seguro\u00bb para la ayuda humanitaria en Gaza \u00abEn \u00c1frica, la mayor\u00eda de estos decesos se produjeron en el\u00a0desierto del S\u00e1hara\u00a0y en la\u00a0ruta mar\u00edtima que conduce a las islas Canarias\u00ab, apunt\u00f3 la OIM. En Asia, \u00abel a\u00f1o pasado se reportaron\u00a0cientos de decesos de refugiados afganos y rohiny\u00e1s\u00a0que hu\u00edan de sus pa\u00edses de origen\u00bb, explic\u00f3 la organizaci\u00f3n. Un poco m\u00e1s de la mitad de los fallecimientos notificados el a\u00f1o pasado estuvieron causados por\u00a0ahogamientos; un 9%, por\u00a0accidentes de tr\u00e1fico\u00a0y un 7%, por\u00a0actos violentos. Desde que se cre\u00f3 la base de datos, se han documentado m\u00e1s de 63.000 casos en todo el mundo, pero\u00a0se estima que la cifra real es mucho mayor\u00a0debido a lo dif\u00edcil que es recopilar informaci\u00f3n, sobre todo en lugares remotos. Lea tambi\u00e9n |\u00a0Rescatan a 85 migrantes, incluidos 19 menores y ecuatorianos, encerrados en hotel de M\u00e9xico \u00abEstas horripilantes cifras, recopiladas por el Proyecto Migrantes Desaparecidos, tambi\u00e9n nos recuerdan que debemos reafirmar nuestro compromiso en actuar m\u00e1s para\u00a0garantizar una migraci\u00f3n segura para todos, para que dentro de 10 a\u00f1os la gente no tenga que arriesgar su vida\u00a0en busca de un futuro mejor\u00bb, afirm\u00f3 Daniels. Junto a otras organizaciones, y como coordinadora de la Red de Naciones Unidas sobre las Migraciones, la OIM insta a los gobiernos y a la comunidad internacional a\u00a0\u00abseguir trabajando juntos para evitar m\u00e1s p\u00e9rdidas de vidas humanas y defender la dignidad y los derechos de todos los individuos\u00bb. Fuente: Vistazo<\/p>\n","protected":false},"author":1,"featured_media":13843,"comment_status":"open","ping_status":"open","sticky":false,"template":"","format":"standard","meta":{"footnotes":""},"categories":[268],"tags":[],"class_list":["post-13842","post","type-post","status-publish","format-standard","has-post-thumbnail","hentry","category-nacionales"],"_links":{"self":[{"href":"https:\/\/www.elamazonico.com\/portal\/wp-json\/wp\/v2\/posts\/13842","targetHints":{"allow":["GET"]}}],"collection":[{"href":"https:\/\/www.elamazonico.com\/portal\/wp-json\/wp\/v2\/posts"}],"about":[{"href":"https:\/\/www.elamazonico.com\/portal\/wp-json\/wp\/v2\/types\/post"}],"author":[{"embeddable":true,"href":"https:\/\/www.elamazonico.com\/portal\/wp-json\/wp\/v2\/users\/1"}],"replies":[{"embeddable":true,"href":"https:\/\/www.elamazonico.com\/portal\/wp-json\/wp\/v2\/comments?post=13842"}],"version-history":[{"count":1,"href":"https:\/\/www.elamazonico.com\/portal\/wp-json\/wp\/v2\/posts\/13842\/revisions"}],"predecessor-version":[{"id":13844,"href":"https:\/\/www.elamazonico.com\/portal\/wp-json\/wp\/v2\/posts\/13842\/revisions\/13844"}],"wp:featuredmedia":[{"embeddable":true,"href":"https:\/\/www.elamazonico.com\/portal\/wp-json\/wp\/v2\/media\/13843"}],"wp:attachment":[{"href":"https:\/\/www.elamazonico.com\/portal\/wp-json\/wp\/v2\/media?parent=13842"}],"wp:term":[{"taxonomy":"category","embeddable":true,"href":"https:\/\/www.elamazonico.com\/portal\/wp-json\/wp\/v2\/categories?post=13842"},{"taxonomy":"post_tag","embeddable":true,"href":"https:\/\/www.elamazonico.com\/portal\/wp-json\/wp\/v2\/tags?post=13842"}],"curies":[{"name":"wp","href":"https:\/\/api.w.org\/{rel}","templated":true}]}}