{"id":13839,"date":"2024-03-07T04:37:40","date_gmt":"2024-03-07T09:37:40","guid":{"rendered":"https:\/\/www.elamazonico.com\/portal\/?p=13839"},"modified":"2024-03-07T04:37:40","modified_gmt":"2024-03-07T09:37:40","slug":"ecuador-pondra-en-marcha-nuevo-modelo-de-alimentacion-escolar-junto-al-programa-mundial-de-alimentos","status":"publish","type":"post","link":"https:\/\/www.elamazonico.com\/portal\/ecuador-pondra-en-marcha-nuevo-modelo-de-alimentacion-escolar-junto-al-programa-mundial-de-alimentos\/","title":{"rendered":"Ecuador pondr\u00e1 en marcha nuevo modelo de alimentaci\u00f3n escolar junto al Programa Mundial de Alimentos"},"content":{"rendered":"<p class=\"p_0\"><b>En un esfuerzo conjunto por combatir la desnutrici\u00f3n y promover una alimentaci\u00f3n saludable entre los estudiantes, el Ministerio de Educaci\u00f3n de Ecuador y el Programa Mundial de Alimentos (PMA) han dado un paso adelante con la firma de un memorando de entendimiento para implementar un nuevo modelo de alimentaci\u00f3n escolar.<\/b><\/p>\n<p class=\"p_1\">Este programa, que promete entregar\u00a0<b>raciones frescas y nutritivas<\/b>, se enfocar\u00e1 inicialmente en beneficiar a los estudiantes de las provincias de\u00a0<b>Pichincha, Manab\u00ed y Guayas.<\/b><\/p>\n<p>La colaboraci\u00f3n, oficializada el pasado martes, marca el comienzo de una<b>\u00a0estrategia territorial<\/b>\u00a0que busca no solo alimentar a los estudiantes sino tambi\u00e9n<b>\u00a0activar la econom\u00eda local mediante la inclusi\u00f3n de los productores locales<\/b>\u00a0y la participaci\u00f3n activa de las familias en el proceso de preparaci\u00f3n de los alimentos.<\/p>\n<div class=\"paragraph texto\">\n<p class=\"p_3\">El Ministro de Educaci\u00f3n,\u00a0<b>Daniel Calder\u00f3n<\/b>, y\u00a0<b>Matteo Perrone<\/b>, representante del PMA,\u00a0<b>formalizaron el acuerdo\u00a0<\/b>durante una visita a la Unidad Educativa Carlos Mont\u00fafar en el cant\u00f3n Bol\u00edvar, provincia de Carchi.<\/p>\n<p class=\"p_4\">Esta localidad ya experimenta los beneficios de una<b>\u00a0iniciativa similar que abarca a 53 instituciones educativas<\/b>, demostrando el potencial del programa para transformar la alimentaci\u00f3n escolar en el pa\u00eds.<\/p>\n<p class=\"p_5\">El nuevo modelo se distingue por su<b>\u00a0enfoque en el consumo de productos locales<\/b>, respetando la diversidad cultural y las particularidades de cada territorio.<\/p>\n<\/div>\n<div class=\"multimediaMacroWrapper img lateral\">\n<figure class=\"contentMedia art-img\">\n<div><img fetchpriority=\"high\" decoding=\"async\" class=\" lazyloaded\" title=\"El Ministro de Educaci\u00f3n, Daniel Calder\u00f3n, y Matteo Perrone, representante del PMA.\" src=\"https:\/\/www.vistazo.com\/placeholder\/svg\/viewbox\/768x512\" sizes=\"100vw\" srcset=\"\/\/www.vistazo.com\/binrepository\/768x512\/0c0\/0d0\/none\/12727\/CBYB\/ojo_1411217_20240306230048.jpg 768w,\/\/www.vistazo.com\/binrepository\/640x427\/0c0\/0d0\/none\/12727\/CBAR\/ojo_1411217_20240306230048.jpg 640w,\/\/www.vistazo.com\/binrepository\/512x341\/0c0\/0d0\/none\/12727\/CBYN\/ojo_1411217_20240306230048.jpg 512w,\/\/www.vistazo.com\/binrepository\/384x256\/0c0\/0d0\/none\/12727\/CBAU\/ojo_1411217_20240306230048.jpg 384w,\/\/www.vistazo.com\/binrepository\/300x200\/0c0\/0d0\/none\/12727\/CBDQ\/ojo_1411217_20240306230048.jpg 300w\" alt=\"$!El Ministro de Educaci\u00f3n, Daniel Calder\u00f3n, y Matteo Perrone, representante del PMA.\" width=\"768\" height=\"512\" data-srcset=\"\/\/www.vistazo.com\/binrepository\/768x512\/0c0\/0d0\/none\/12727\/CBYB\/ojo_1411217_20240306230048.jpg 768w,\/\/www.vistazo.com\/binrepository\/640x427\/0c0\/0d0\/none\/12727\/CBAR\/ojo_1411217_20240306230048.jpg 640w,\/\/www.vistazo.com\/binrepository\/512x341\/0c0\/0d0\/none\/12727\/CBYN\/ojo_1411217_20240306230048.jpg 512w,\/\/www.vistazo.com\/binrepository\/384x256\/0c0\/0d0\/none\/12727\/CBAU\/ojo_1411217_20240306230048.jpg 384w,\/\/www.vistazo.com\/binrepository\/300x200\/0c0\/0d0\/none\/12727\/CBDQ\/ojo_1411217_20240306230048.jpg 300w\" \/><\/div>\n<div class=\"cutline-byline\"><span class=\"cutline-text\">El Ministro de Educaci\u00f3n, Daniel Calder\u00f3n, y Matteo Perrone, representante del PMA.<\/span>\u00a0<span class=\"byline-image\">(Ministerio de Educaci\u00f3n)<\/span><\/div>\n<\/figure>\n<\/div>\n<div class=\"paragraph texto\">\n<p class=\"p_6\">\u00abLos ni\u00f1os son el motivo para<b>\u00a0articular esfuerzos interinstitucionales<\/b>, porque este programa significa que no solo vamos a asegurar la alimentaci\u00f3n, significa que\u00a0<b>estamos asegurando su futuro<\/b>\u00ab, afirm\u00f3 el Ministro Calder\u00f3n, subrayando la importancia del programa.<\/p>\n<p class=\"p_7\">Por su parte, Matteo Perrone destac\u00f3 la motivaci\u00f3n que representa ver la felicidad de los ni\u00f1os, lo cual impulsa al PMA a\u00a0<b>expandir su alcance a m\u00e1s comunidades en Ecuador.<\/b><\/p>\n<\/div>\n<div class=\"paragraph texto\">\n<p class=\"p_8\">Actualmente, el modelo de alimentaci\u00f3n escolar del Ministerio de Educaci\u00f3n beneficia a aproximadamente<b>\u00a02.9 millones de estudiantes de 12.303 instituciones educativas a nivel nacional<\/b>, incluyendo escuelas fiscales, municipales y fiscomisionales.<\/p>\n<p class=\"p_9\">La implementaci\u00f3n de este nuevo modelo promete no solo mejorar la calidad de la alimentaci\u00f3n entre los estudiantes ecuatorianos sino tambi\u00e9n\u00a0<b>fortalecer los lazos comunitarios, culturales y econ\u00f3micos en las provincias involucradas. Fuente: Vistazo<\/b><\/p>\n<\/div>\n","protected":false},"excerpt":{"rendered":"<p>En un esfuerzo conjunto por combatir la desnutrici\u00f3n y promover una alimentaci\u00f3n saludable entre los estudiantes, el Ministerio de Educaci\u00f3n de Ecuador y el Programa Mundial de Alimentos (PMA) han dado un paso adelante con la firma de un memorando de entendimiento para implementar un nuevo modelo de alimentaci\u00f3n escolar. Este programa, que promete entregar\u00a0raciones frescas y nutritivas, se enfocar\u00e1 inicialmente en beneficiar a los estudiantes de las provincias de\u00a0Pichincha, Manab\u00ed y Guayas. La colaboraci\u00f3n, oficializada el pasado martes, marca el comienzo de una\u00a0estrategia territorial\u00a0que busca no solo alimentar a los estudiantes sino tambi\u00e9n\u00a0activar la econom\u00eda local mediante la inclusi\u00f3n de los productores locales\u00a0y la participaci\u00f3n activa de las familias en el proceso de preparaci\u00f3n de los alimentos. El Ministro de Educaci\u00f3n,\u00a0Daniel Calder\u00f3n, y\u00a0Matteo Perrone, representante del PMA,\u00a0formalizaron el acuerdo\u00a0durante una visita a la Unidad Educativa Carlos Mont\u00fafar en el cant\u00f3n Bol\u00edvar, provincia de Carchi. Esta localidad ya experimenta los beneficios de una\u00a0iniciativa similar que abarca a 53 instituciones educativas, demostrando el potencial del programa para transformar la alimentaci\u00f3n escolar en el pa\u00eds. El nuevo modelo se distingue por su\u00a0enfoque en el consumo de productos locales, respetando la diversidad cultural y las particularidades de cada territorio. El Ministro de Educaci\u00f3n, Daniel Calder\u00f3n, y Matteo Perrone, representante del PMA.\u00a0(Ministerio de Educaci\u00f3n) \u00abLos ni\u00f1os son el motivo para\u00a0articular esfuerzos interinstitucionales, porque este programa significa que no solo vamos a asegurar la alimentaci\u00f3n, significa que\u00a0estamos asegurando su futuro\u00ab, afirm\u00f3 el Ministro Calder\u00f3n, subrayando la importancia del programa. Por su parte, Matteo Perrone destac\u00f3 la motivaci\u00f3n que representa ver la felicidad de los ni\u00f1os, lo cual impulsa al PMA a\u00a0expandir su alcance a m\u00e1s comunidades en Ecuador. Actualmente, el modelo de alimentaci\u00f3n escolar del Ministerio de Educaci\u00f3n beneficia a aproximadamente\u00a02.9 millones de estudiantes de 12.303 instituciones educativas a nivel nacional, incluyendo escuelas fiscales, municipales y fiscomisionales. La implementaci\u00f3n de este nuevo modelo promete no solo mejorar la calidad de la alimentaci\u00f3n entre los estudiantes ecuatorianos sino tambi\u00e9n\u00a0fortalecer los lazos comunitarios, culturales y econ\u00f3micos en las provincias involucradas. Fuente: Vistazo<\/p>\n","protected":false},"author":1,"featured_media":13840,"comment_status":"open","ping_status":"open","sticky":false,"template":"","format":"standard","meta":{"footnotes":""},"categories":[268],"tags":[],"class_list":["post-13839","post","type-post","status-publish","format-standard","has-post-thumbnail","hentry","category-nacionales"],"_links":{"self":[{"href":"https:\/\/www.elamazonico.com\/portal\/wp-json\/wp\/v2\/posts\/13839","targetHints":{"allow":["GET"]}}],"collection":[{"href":"https:\/\/www.elamazonico.com\/portal\/wp-json\/wp\/v2\/posts"}],"about":[{"href":"https:\/\/www.elamazonico.com\/portal\/wp-json\/wp\/v2\/types\/post"}],"author":[{"embeddable":true,"href":"https:\/\/www.elamazonico.com\/portal\/wp-json\/wp\/v2\/users\/1"}],"replies":[{"embeddable":true,"href":"https:\/\/www.elamazonico.com\/portal\/wp-json\/wp\/v2\/comments?post=13839"}],"version-history":[{"count":1,"href":"https:\/\/www.elamazonico.com\/portal\/wp-json\/wp\/v2\/posts\/13839\/revisions"}],"predecessor-version":[{"id":13841,"href":"https:\/\/www.elamazonico.com\/portal\/wp-json\/wp\/v2\/posts\/13839\/revisions\/13841"}],"wp:featuredmedia":[{"embeddable":true,"href":"https:\/\/www.elamazonico.com\/portal\/wp-json\/wp\/v2\/media\/13840"}],"wp:attachment":[{"href":"https:\/\/www.elamazonico.com\/portal\/wp-json\/wp\/v2\/media?parent=13839"}],"wp:term":[{"taxonomy":"category","embeddable":true,"href":"https:\/\/www.elamazonico.com\/portal\/wp-json\/wp\/v2\/categories?post=13839"},{"taxonomy":"post_tag","embeddable":true,"href":"https:\/\/www.elamazonico.com\/portal\/wp-json\/wp\/v2\/tags?post=13839"}],"curies":[{"name":"wp","href":"https:\/\/api.w.org\/{rel}","templated":true}]}}