{"id":13834,"date":"2024-03-06T04:52:06","date_gmt":"2024-03-06T09:52:06","guid":{"rendered":"https:\/\/www.elamazonico.com\/portal\/?p=13834"},"modified":"2024-03-06T04:52:06","modified_gmt":"2024-03-06T09:52:06","slug":"el-correismo-y-socialcristianos-no-haran-campana-para-la-consulta-popular","status":"publish","type":"post","link":"https:\/\/www.elamazonico.com\/portal\/el-correismo-y-socialcristianos-no-haran-campana-para-la-consulta-popular\/","title":{"rendered":"El corre\u00edsmo y socialcristianos no har\u00e1n campa\u00f1a para la Consulta Popular"},"content":{"rendered":"<p>Finalmente, 21 organizaciones pol\u00edticas y sociales solicitaron la inscripci\u00f3n para hacer campa\u00f1a de cara a la Consulta Popular del pr\u00f3ximo 21 de abril. El Consejo Nacional Electoral tiene hasta el pr\u00f3ximo 7 de marzo de 2024 para calificar los pedidos.<\/p>\n<p>Del total de organizaciones, solamente tres pidieron hacer campa\u00f1a por el No en las 11 preguntas. Se trata de Pachakutik, la Confederaci\u00f3n de Pueblos y Organizaciones Ind\u00edgenas (FEI) y el Foro Permanente de las Mujeres Ecuatorianas.<\/p>\n<p>Sin embargo, tambi\u00e9n otras organizaciones que plantean el No en preguntas puntuales; sobre todo en la relacionada con el arbitraje internacional\u00a0 para resolver controversias en materia de inversi\u00f3n y el trabajo con contratos a plazo fijo y por horas. Entre estas \u00faltimas est\u00e1n el Partido Unidad Popular, y la Uni\u00f3n Nacional de Educadores (UNE) Socialista Ecuatoriano.<\/p>\n<p>En total, de las 21 organizaciones, cinco optaron por inscribirse para el No en preguntas espec\u00edficas. Otras tres quieren hacer proselitismo por el S\u00ed y por el No, en diferentes preguntas.<\/p>\n<p>https:\/\/twitter.com\/cnegobec\/status\/1765060228624814416<\/p>\n<p><strong>Los ausentes en la campa\u00f1a<\/strong><\/p>\n<p>Esta vez, la Revoluci\u00f3n Ciudadana no ser\u00e1 parte de la campa\u00f1a para la Consulta Popular que impulsa el Gobierno de Daniel Noboa. Tampoco solicit\u00f3 la inscripci\u00f3n el Partido Social Cristiano (PSC). Hay que recordar que, actualmente, en la Asamblea Nacional se mantiene un pacto legislativo entre esas organizaciones pol\u00edticas.<\/p>\n<p>Tambi\u00e9n hay sorpresas como el regreso a un proceso electoral del movimiento Creo, del expresidente de la Rep\u00fablica, Guillermo Lasso. Hay que recordar que en las elecciones anticipadas de agosto pasado y octubre pasados no presentaron candidatos.<\/p>\n<p><strong>El proceso<\/strong><\/p>\n<p>Todas las inscripciones fueron enviadas a la Direcci\u00f3n de Organizaciones Pol\u00edticas del CNE, seg\u00fan lo inform\u00f3 el secretario del CNE, Santiago Vallejo. \u201cHasta el 7 de marzo, el Pleno conocer\u00e1 los informes para calificar a las organizaciones que entregaron los documentos\u201d, dijo.<\/p>\n<p>Lo que se verifica es el cumplimiento de requisitos y la documentaci\u00f3n presentada. Entre estos est\u00e1n el formulario de inscripci\u00f3n, la designaci\u00f3n del responsable del manejo econ\u00f3mico, entre otros.<\/p>\n<p><strong>Fuente: El Tel\u00e9grafo<\/strong><\/p>\n","protected":false},"excerpt":{"rendered":"<p>Finalmente, 21 organizaciones pol\u00edticas y sociales solicitaron la inscripci\u00f3n para hacer campa\u00f1a de cara a la Consulta Popular del pr\u00f3ximo 21 de abril. El Consejo Nacional Electoral tiene hasta el pr\u00f3ximo 7 de marzo de 2024 para calificar los pedidos. Del total de organizaciones, solamente tres pidieron hacer campa\u00f1a por el No en las 11 preguntas. Se trata de Pachakutik, la Confederaci\u00f3n de Pueblos y Organizaciones Ind\u00edgenas (FEI) y el Foro Permanente de las Mujeres Ecuatorianas. Sin embargo, tambi\u00e9n otras organizaciones que plantean el No en preguntas puntuales; sobre todo en la relacionada con el arbitraje internacional\u00a0 para resolver controversias en materia de inversi\u00f3n y el trabajo con contratos a plazo fijo y por horas. Entre estas \u00faltimas est\u00e1n el Partido Unidad Popular, y la Uni\u00f3n Nacional de Educadores (UNE) Socialista Ecuatoriano. En total, de las 21 organizaciones, cinco optaron por inscribirse para el No en preguntas espec\u00edficas. Otras tres quieren hacer proselitismo por el S\u00ed y por el No, en diferentes preguntas. https:\/\/twitter.com\/cnegobec\/status\/1765060228624814416 Los ausentes en la campa\u00f1a Esta vez, la Revoluci\u00f3n Ciudadana no ser\u00e1 parte de la campa\u00f1a para la Consulta Popular que impulsa el Gobierno de Daniel Noboa. Tampoco solicit\u00f3 la inscripci\u00f3n el Partido Social Cristiano (PSC). Hay que recordar que, actualmente, en la Asamblea Nacional se mantiene un pacto legislativo entre esas organizaciones pol\u00edticas. Tambi\u00e9n hay sorpresas como el regreso a un proceso electoral del movimiento Creo, del expresidente de la Rep\u00fablica, Guillermo Lasso. Hay que recordar que en las elecciones anticipadas de agosto pasado y octubre pasados no presentaron candidatos. El proceso Todas las inscripciones fueron enviadas a la Direcci\u00f3n de Organizaciones Pol\u00edticas del CNE, seg\u00fan lo inform\u00f3 el secretario del CNE, Santiago Vallejo. \u201cHasta el 7 de marzo, el Pleno conocer\u00e1 los informes para calificar a las organizaciones que entregaron los documentos\u201d, dijo. Lo que se verifica es el cumplimiento de requisitos y la documentaci\u00f3n presentada. Entre estos est\u00e1n el formulario de inscripci\u00f3n, la designaci\u00f3n del responsable del manejo econ\u00f3mico, entre otros. Fuente: El Tel\u00e9grafo<\/p>\n","protected":false},"author":1,"featured_media":13835,"comment_status":"open","ping_status":"open","sticky":false,"template":"","format":"standard","meta":{"footnotes":""},"categories":[268],"tags":[],"class_list":["post-13834","post","type-post","status-publish","format-standard","has-post-thumbnail","hentry","category-nacionales"],"_links":{"self":[{"href":"https:\/\/www.elamazonico.com\/portal\/wp-json\/wp\/v2\/posts\/13834","targetHints":{"allow":["GET"]}}],"collection":[{"href":"https:\/\/www.elamazonico.com\/portal\/wp-json\/wp\/v2\/posts"}],"about":[{"href":"https:\/\/www.elamazonico.com\/portal\/wp-json\/wp\/v2\/types\/post"}],"author":[{"embeddable":true,"href":"https:\/\/www.elamazonico.com\/portal\/wp-json\/wp\/v2\/users\/1"}],"replies":[{"embeddable":true,"href":"https:\/\/www.elamazonico.com\/portal\/wp-json\/wp\/v2\/comments?post=13834"}],"version-history":[{"count":1,"href":"https:\/\/www.elamazonico.com\/portal\/wp-json\/wp\/v2\/posts\/13834\/revisions"}],"predecessor-version":[{"id":13836,"href":"https:\/\/www.elamazonico.com\/portal\/wp-json\/wp\/v2\/posts\/13834\/revisions\/13836"}],"wp:featuredmedia":[{"embeddable":true,"href":"https:\/\/www.elamazonico.com\/portal\/wp-json\/wp\/v2\/media\/13835"}],"wp:attachment":[{"href":"https:\/\/www.elamazonico.com\/portal\/wp-json\/wp\/v2\/media?parent=13834"}],"wp:term":[{"taxonomy":"category","embeddable":true,"href":"https:\/\/www.elamazonico.com\/portal\/wp-json\/wp\/v2\/categories?post=13834"},{"taxonomy":"post_tag","embeddable":true,"href":"https:\/\/www.elamazonico.com\/portal\/wp-json\/wp\/v2\/tags?post=13834"}],"curies":[{"name":"wp","href":"https:\/\/api.w.org\/{rel}","templated":true}]}}