{"id":13828,"date":"2024-03-06T04:42:43","date_gmt":"2024-03-06T09:42:43","guid":{"rendered":"https:\/\/www.elamazonico.com\/portal\/?p=13828"},"modified":"2024-03-06T04:42:43","modified_gmt":"2024-03-06T09:42:43","slug":"museo-de-carondelet-8-000-piezas-entre-joyas-y-obsequios-no-aparecen","status":"publish","type":"post","link":"https:\/\/www.elamazonico.com\/portal\/museo-de-carondelet-8-000-piezas-entre-joyas-y-obsequios-no-aparecen\/","title":{"rendered":"Museo de Carondelet: 8.000 piezas entre joyas y obsequios no aparecen"},"content":{"rendered":"<p>Aproximadamente 8 mil piezas, entre joyas, obsequios entregados al expresidente del Ecuador, Rafael Correa, en viajes diplom\u00e1ticos, cuadros y otros objetos de gran val\u00eda, se contabilizan como desaparecidos del Museo de Carondelet. As\u00ed lo dieron a conocer los comparecientes que rindieron sus versiones durante la sesi\u00f3n 023 de la Comisi\u00f3n de Transparencia, Participaci\u00f3n Ciudadana y Control Social.<\/p>\n<p>Mar\u00eda Alexandra Guarderas, exauxiliar de servicio del Palacio de Gobierno declar\u00f3 que en la gesti\u00f3n del expresidente, Lenin Moreno, se identificaron a varios funcionarios quienes presuntamente se habr\u00edan sustra\u00eddo piezas como cuadros y objetos de valor. Una de ellas estar\u00eda enfrentando 3 juicios por el hecho; y, otro, se habr\u00eda suicidado por no poder justificar su enriquecimiento repentino. Guarderas afirm\u00f3 que la Fiscal\u00eda tiene conocimiento de la situaci\u00f3n.<\/p>\n<p>Indic\u00f3, adem\u00e1s, que luego de 2 o 3 meses de la posesi\u00f3n de Moreno en la Presidencia, el director administrativo dio la orden de desmontar el museo, de forma secreta y de dirigir los objetos a la casa de reserva militar y al Museo del Pasillo. Seis meses habr\u00eda durado el desmontaje del museo, seg\u00fan inform\u00f3.<\/p>\n<p>Andrea Encalada, experta en gesti\u00f3n cultural y Luis Puente Hern\u00e1ndez, experto en procesos de archivo y museos, coincidieron en que se trata de un grave delito que se ha cometido en contra del Patrimonio Cultural del Ecuador, y que, por lo tanto, es indispensable que las autoridades realicen las investigaciones pertinentes y se de con los responsables, ya que son alrededor de 2.5 millones de d\u00f3lares que han sido arrebatados del arte, la cultura y la memoria hist\u00f3rica nacional. \u201cCarondelet debe tener la trascendencia hist\u00f3rica, y rescatar la memoria del pa\u00eds. Un pa\u00eds sin memoria, es un pa\u00eds sin historia\u201d, dijo Encalada.<\/p>\n<p>Al responder a los cuestionamientos de los asamble\u00edstas, Jorge Chamba, M\u00f3nica Salazar y del presidente de la comisi\u00f3n, Patricio Ch\u00e1vez, sobre la dificultad de rescatar el Museo de Carondelet, Encalada recalc\u00f3 que \u201cva a ser muy dif\u00edcil, puesto que, seg\u00fan el inventario que recibi\u00f3 el expresidente, Guillermo Lasso, del gobierno de Lenin Moreno, exist\u00edan apenas 3 mil piezas del Museo de Carondelet, cuando su totalidad era de 11 mil\u201d.<\/p>\n<p>\u201cEs muy grave c\u00f3mo se ha afectado la memoria hist\u00f3rica del Ecuador, porque no solamente se perdieron objetos valios\u00edsimos, sino que, se cerraron las puertas de ingreso a la ciudadan\u00eda nacional y extranjera, fomentando la distancia entre el gobierno y sus mandantes\u201d, insisti\u00f3.<\/p>\n<p>Por su parte, Luis Puentes sostuvo que \u201ccomo ecuatorianos estamos dolidos, heridos porque no es la forma c\u00f3mo se debe tratar a la memoria de un pa\u00eds\u201d. Record\u00f3, tambi\u00e9n, que la memoria es la base de la identidad de una naci\u00f3n. Rememor\u00f3 lo sucedido hace 15 a\u00f1os en Riobamba, cuando se sustrajeron la custodia del convento de Las Madres Conceptas, y que a partir de ese entonces, se vio la necesidad de realizar un inventario del Patrimonio Cultural del Ecuador, lo que ha permitido reconocer la cantidad y cuant\u00eda en objetos desparecidos.<\/p>\n<p>Juan Paz y Mi\u00f1o, doctor en Historia Contempor\u00e1nea e historiador, record\u00f3 que desde 2007 se abrieron las puertas de Carondelet a la ciudadan\u00eda y creci\u00f3 el inter\u00e9s de conocer el Palacio de Gobierno, lo que llev\u00f3 a inaugurar el Museo de Carondelet. Sin embargo, dijo que \u201ces importante hacer una diferencia entre Museo de Carondelet o museo del Ejecutivo, porque se trat\u00f3 de formar un museo de la Funci\u00f3n Ejecutiva, cuyo inter\u00e9s fue dejar un patrimonio hist\u00f3rico de lo que ha sido esta funci\u00f3n del Estado, en referencia al 82 % de regalos nacionales y el 18 %, internacionales, que recibi\u00f3 el expresidente, Rafael Correa\u201d.<\/p>\n<p>Paz y Mi\u00f1o indic\u00f3 que una segunda confusi\u00f3n es el cierre del museo. \u201cNo hay un dato exacto del cierre. Se ha reconocido que durante el gobierno de Len\u00edn Moreno, se cerr\u00f3 el museo, pero tambi\u00e9n se atribuye al expresidente Lasso\u201d, dijo. Sostuvo que se debe reconocer la importancia de un museo de las funciones de Estado, y destac\u00f3 el archivo hist\u00f3rico de la Asamblea Nacional, a trav\u00e9s del cual se pueden realizar interesantes investigaciones hist\u00f3ricas del aporte de la Funci\u00f3n Legislativa.<\/p>\n<p>Tras las apreciaciones, denuncias y criterios dados, la asamble\u00edsta, Luc\u00eda Posso mocion\u00f3 que desde la comisi\u00f3n se presente una denuncia por el delito de p\u00e9rdida o sustracci\u00f3n de elementos patrimoniales ante la Fiscal\u00eda; mientras que Franklin Samaniego sugiri\u00f3 que el informe sobre las declaraciones obtenidas en esta sesi\u00f3n se notifique tambi\u00e9n a la Contralor\u00eda y a la Fiscal\u00eda.<\/p>\n<p>Sin embargo, el equipo t\u00e9cnico de la comisi\u00f3n confirm\u00f3 que ya existe una denuncia en Fiscal\u00eda, interpuesta por la legisladora Pamela Aguirre, en febrero de 2022, por el presunto delito de peculado.<\/p>\n<p>El presidente de la comisi\u00f3n, Patricio Ch\u00e1vez clausur\u00f3 la sesi\u00f3n indicando la importancia del trabajo t\u00e9cnico necesario para transparentar el aparato social. <strong>Fuente: Ecuador en vivo<\/strong><\/p>\n","protected":false},"excerpt":{"rendered":"<p>Aproximadamente 8 mil piezas, entre joyas, obsequios entregados al expresidente del Ecuador, Rafael Correa, en viajes diplom\u00e1ticos, cuadros y otros objetos de gran val\u00eda, se contabilizan como desaparecidos del Museo de Carondelet. As\u00ed lo dieron a conocer los comparecientes que rindieron sus versiones durante la sesi\u00f3n 023 de la Comisi\u00f3n de Transparencia, Participaci\u00f3n Ciudadana y Control Social. Mar\u00eda Alexandra Guarderas, exauxiliar de servicio del Palacio de Gobierno declar\u00f3 que en la gesti\u00f3n del expresidente, Lenin Moreno, se identificaron a varios funcionarios quienes presuntamente se habr\u00edan sustra\u00eddo piezas como cuadros y objetos de valor. Una de ellas estar\u00eda enfrentando 3 juicios por el hecho; y, otro, se habr\u00eda suicidado por no poder justificar su enriquecimiento repentino. Guarderas afirm\u00f3 que la Fiscal\u00eda tiene conocimiento de la situaci\u00f3n. Indic\u00f3, adem\u00e1s, que luego de 2 o 3 meses de la posesi\u00f3n de Moreno en la Presidencia, el director administrativo dio la orden de desmontar el museo, de forma secreta y de dirigir los objetos a la casa de reserva militar y al Museo del Pasillo. Seis meses habr\u00eda durado el desmontaje del museo, seg\u00fan inform\u00f3. Andrea Encalada, experta en gesti\u00f3n cultural y Luis Puente Hern\u00e1ndez, experto en procesos de archivo y museos, coincidieron en que se trata de un grave delito que se ha cometido en contra del Patrimonio Cultural del Ecuador, y que, por lo tanto, es indispensable que las autoridades realicen las investigaciones pertinentes y se de con los responsables, ya que son alrededor de 2.5 millones de d\u00f3lares que han sido arrebatados del arte, la cultura y la memoria hist\u00f3rica nacional. \u201cCarondelet debe tener la trascendencia hist\u00f3rica, y rescatar la memoria del pa\u00eds. Un pa\u00eds sin memoria, es un pa\u00eds sin historia\u201d, dijo Encalada. Al responder a los cuestionamientos de los asamble\u00edstas, Jorge Chamba, M\u00f3nica Salazar y del presidente de la comisi\u00f3n, Patricio Ch\u00e1vez, sobre la dificultad de rescatar el Museo de Carondelet, Encalada recalc\u00f3 que \u201cva a ser muy dif\u00edcil, puesto que, seg\u00fan el inventario que recibi\u00f3 el expresidente, Guillermo Lasso, del gobierno de Lenin Moreno, exist\u00edan apenas 3 mil piezas del Museo de Carondelet, cuando su totalidad era de 11 mil\u201d. \u201cEs muy grave c\u00f3mo se ha afectado la memoria hist\u00f3rica del Ecuador, porque no solamente se perdieron objetos valios\u00edsimos, sino que, se cerraron las puertas de ingreso a la ciudadan\u00eda nacional y extranjera, fomentando la distancia entre el gobierno y sus mandantes\u201d, insisti\u00f3. Por su parte, Luis Puentes sostuvo que \u201ccomo ecuatorianos estamos dolidos, heridos porque no es la forma c\u00f3mo se debe tratar a la memoria de un pa\u00eds\u201d. Record\u00f3, tambi\u00e9n, que la memoria es la base de la identidad de una naci\u00f3n. Rememor\u00f3 lo sucedido hace 15 a\u00f1os en Riobamba, cuando se sustrajeron la custodia del convento de Las Madres Conceptas, y que a partir de ese entonces, se vio la necesidad de realizar un inventario del Patrimonio Cultural del Ecuador, lo que ha permitido reconocer la cantidad y cuant\u00eda en objetos desparecidos. Juan Paz y Mi\u00f1o, doctor en Historia Contempor\u00e1nea e historiador, record\u00f3 que desde 2007 se abrieron las puertas de Carondelet a la ciudadan\u00eda y creci\u00f3 el inter\u00e9s de conocer el Palacio de Gobierno, lo que llev\u00f3 a inaugurar el Museo de Carondelet. Sin embargo, dijo que \u201ces importante hacer una diferencia entre Museo de Carondelet o museo del Ejecutivo, porque se trat\u00f3 de formar un museo de la Funci\u00f3n Ejecutiva, cuyo inter\u00e9s fue dejar un patrimonio hist\u00f3rico de lo que ha sido esta funci\u00f3n del Estado, en referencia al 82 % de regalos nacionales y el 18 %, internacionales, que recibi\u00f3 el expresidente, Rafael Correa\u201d. Paz y Mi\u00f1o indic\u00f3 que una segunda confusi\u00f3n es el cierre del museo. \u201cNo hay un dato exacto del cierre. Se ha reconocido que durante el gobierno de Len\u00edn Moreno, se cerr\u00f3 el museo, pero tambi\u00e9n se atribuye al expresidente Lasso\u201d, dijo. Sostuvo que se debe reconocer la importancia de un museo de las funciones de Estado, y destac\u00f3 el archivo hist\u00f3rico de la Asamblea Nacional, a trav\u00e9s del cual se pueden realizar interesantes investigaciones hist\u00f3ricas del aporte de la Funci\u00f3n Legislativa. Tras las apreciaciones, denuncias y criterios dados, la asamble\u00edsta, Luc\u00eda Posso mocion\u00f3 que desde la comisi\u00f3n se presente una denuncia por el delito de p\u00e9rdida o sustracci\u00f3n de elementos patrimoniales ante la Fiscal\u00eda; mientras que Franklin Samaniego sugiri\u00f3 que el informe sobre las declaraciones obtenidas en esta sesi\u00f3n se notifique tambi\u00e9n a la Contralor\u00eda y a la Fiscal\u00eda. Sin embargo, el equipo t\u00e9cnico de la comisi\u00f3n confirm\u00f3 que ya existe una denuncia en Fiscal\u00eda, interpuesta por la legisladora Pamela Aguirre, en febrero de 2022, por el presunto delito de peculado. El presidente de la comisi\u00f3n, Patricio Ch\u00e1vez clausur\u00f3 la sesi\u00f3n indicando la importancia del trabajo t\u00e9cnico necesario para transparentar el aparato social. Fuente: Ecuador en vivo<\/p>\n","protected":false},"author":1,"featured_media":13829,"comment_status":"open","ping_status":"open","sticky":false,"template":"","format":"standard","meta":{"footnotes":""},"categories":[268],"tags":[],"class_list":["post-13828","post","type-post","status-publish","format-standard","has-post-thumbnail","hentry","category-nacionales"],"_links":{"self":[{"href":"https:\/\/www.elamazonico.com\/portal\/wp-json\/wp\/v2\/posts\/13828","targetHints":{"allow":["GET"]}}],"collection":[{"href":"https:\/\/www.elamazonico.com\/portal\/wp-json\/wp\/v2\/posts"}],"about":[{"href":"https:\/\/www.elamazonico.com\/portal\/wp-json\/wp\/v2\/types\/post"}],"author":[{"embeddable":true,"href":"https:\/\/www.elamazonico.com\/portal\/wp-json\/wp\/v2\/users\/1"}],"replies":[{"embeddable":true,"href":"https:\/\/www.elamazonico.com\/portal\/wp-json\/wp\/v2\/comments?post=13828"}],"version-history":[{"count":1,"href":"https:\/\/www.elamazonico.com\/portal\/wp-json\/wp\/v2\/posts\/13828\/revisions"}],"predecessor-version":[{"id":13830,"href":"https:\/\/www.elamazonico.com\/portal\/wp-json\/wp\/v2\/posts\/13828\/revisions\/13830"}],"wp:featuredmedia":[{"embeddable":true,"href":"https:\/\/www.elamazonico.com\/portal\/wp-json\/wp\/v2\/media\/13829"}],"wp:attachment":[{"href":"https:\/\/www.elamazonico.com\/portal\/wp-json\/wp\/v2\/media?parent=13828"}],"wp:term":[{"taxonomy":"category","embeddable":true,"href":"https:\/\/www.elamazonico.com\/portal\/wp-json\/wp\/v2\/categories?post=13828"},{"taxonomy":"post_tag","embeddable":true,"href":"https:\/\/www.elamazonico.com\/portal\/wp-json\/wp\/v2\/tags?post=13828"}],"curies":[{"name":"wp","href":"https:\/\/api.w.org\/{rel}","templated":true}]}}