{"id":13825,"date":"2024-03-06T04:40:36","date_gmt":"2024-03-06T09:40:36","guid":{"rendered":"https:\/\/www.elamazonico.com\/portal\/?p=13825"},"modified":"2024-03-06T04:40:36","modified_gmt":"2024-03-06T09:40:36","slug":"asesinato-de-villavicencio-daniel-salcedo-y-mayra-salazar-estarian-detras-de-difusion-de-presunto-video-de-los-lobos","status":"publish","type":"post","link":"https:\/\/www.elamazonico.com\/portal\/asesinato-de-villavicencio-daniel-salcedo-y-mayra-salazar-estarian-detras-de-difusion-de-presunto-video-de-los-lobos\/","title":{"rendered":"Asesinato de Villavicencio: Daniel Salcedo y Mayra Salazar estar\u00edan detr\u00e1s de difusi\u00f3n de presunto video de Los Lobos"},"content":{"rendered":"<p>La difusi\u00f3n de un video que habla del asesinato de Fernando Villavicencio por parte de un supuesto miembro de la organizaci\u00f3n conocida como Los Lobos ha generado conmoci\u00f3n. Seg\u00fan la Fiscal\u00eda, el 10 de agosto de 2023, Daniel Salcedo habr\u00eda solicitado a Mayra Salazar la publicaci\u00f3n del material. Un d\u00eda despu\u00e9s de que se ejecut\u00f3 el crimen en Quito.<\/p>\n<p>Durante la audiencia de formulaci\u00f3n de cargos en el denominado Caso Purga, la fiscal Diana Salazar present\u00f3 un audio en el que se escucha una voz que se identifica como perteneciente al GDO Los Lobos, rechazando el asesinato de Fernando Villavicencio y negando cualquier implicaci\u00f3n en actos violentos contra el Gobierno o civiles.<\/p>\n<p>\u00abEcuador, no se dejen enga\u00f1ar, nosotros somos el GDO Los Lobos\u2026 rechazamos el asesinato del candidato a la Presidencia, el se\u00f1or Fernando Villavicencio, y dejamos en claro que nosotros jam\u00e1s hemos asesinado a personas del Gobierno o civiles\u2026\u00bb.<\/p>\n<p>Seg\u00fan la investigaci\u00f3n fiscal, Daniel Salcedo habr\u00eda enviado el material a Mayra Salazar con un mensaje inst\u00e1ndola a hacerlo viral y subirlo a las redes. La respuesta de ella, seg\u00fan lo presentado por la fiscal\u00eda, fue un mensaje jocoso indicando que en ese momento ella tambi\u00e9n se convert\u00eda en lobo y proceder\u00eda a subir el video.<\/p>\n<p>La fiscal\u00eda ha se\u00f1alado que el video fue generado desde el tel\u00e9fono de Daniel Salcedo y que ser\u00e1 incluido en la investigaci\u00f3n en curso para identificar a los autores intelectuales detr\u00e1s del asesinato de Fernando Villavicencio. Fuente: Ecuador en vivo<\/p>\n","protected":false},"excerpt":{"rendered":"<p>La difusi\u00f3n de un video que habla del asesinato de Fernando Villavicencio por parte de un supuesto miembro de la organizaci\u00f3n conocida como Los Lobos ha generado conmoci\u00f3n. Seg\u00fan la Fiscal\u00eda, el 10 de agosto de 2023, Daniel Salcedo habr\u00eda solicitado a Mayra Salazar la publicaci\u00f3n del material. Un d\u00eda despu\u00e9s de que se ejecut\u00f3 el crimen en Quito. Durante la audiencia de formulaci\u00f3n de cargos en el denominado Caso Purga, la fiscal Diana Salazar present\u00f3 un audio en el que se escucha una voz que se identifica como perteneciente al GDO Los Lobos, rechazando el asesinato de Fernando Villavicencio y negando cualquier implicaci\u00f3n en actos violentos contra el Gobierno o civiles. \u00abEcuador, no se dejen enga\u00f1ar, nosotros somos el GDO Los Lobos\u2026 rechazamos el asesinato del candidato a la Presidencia, el se\u00f1or Fernando Villavicencio, y dejamos en claro que nosotros jam\u00e1s hemos asesinado a personas del Gobierno o civiles\u2026\u00bb. Seg\u00fan la investigaci\u00f3n fiscal, Daniel Salcedo habr\u00eda enviado el material a Mayra Salazar con un mensaje inst\u00e1ndola a hacerlo viral y subirlo a las redes. La respuesta de ella, seg\u00fan lo presentado por la fiscal\u00eda, fue un mensaje jocoso indicando que en ese momento ella tambi\u00e9n se convert\u00eda en lobo y proceder\u00eda a subir el video. La fiscal\u00eda ha se\u00f1alado que el video fue generado desde el tel\u00e9fono de Daniel Salcedo y que ser\u00e1 incluido en la investigaci\u00f3n en curso para identificar a los autores intelectuales detr\u00e1s del asesinato de Fernando Villavicencio. Fuente: Ecuador en vivo<\/p>\n","protected":false},"author":1,"featured_media":13826,"comment_status":"open","ping_status":"open","sticky":false,"template":"","format":"standard","meta":{"footnotes":""},"categories":[268],"tags":[],"class_list":["post-13825","post","type-post","status-publish","format-standard","has-post-thumbnail","hentry","category-nacionales"],"_links":{"self":[{"href":"https:\/\/www.elamazonico.com\/portal\/wp-json\/wp\/v2\/posts\/13825","targetHints":{"allow":["GET"]}}],"collection":[{"href":"https:\/\/www.elamazonico.com\/portal\/wp-json\/wp\/v2\/posts"}],"about":[{"href":"https:\/\/www.elamazonico.com\/portal\/wp-json\/wp\/v2\/types\/post"}],"author":[{"embeddable":true,"href":"https:\/\/www.elamazonico.com\/portal\/wp-json\/wp\/v2\/users\/1"}],"replies":[{"embeddable":true,"href":"https:\/\/www.elamazonico.com\/portal\/wp-json\/wp\/v2\/comments?post=13825"}],"version-history":[{"count":1,"href":"https:\/\/www.elamazonico.com\/portal\/wp-json\/wp\/v2\/posts\/13825\/revisions"}],"predecessor-version":[{"id":13827,"href":"https:\/\/www.elamazonico.com\/portal\/wp-json\/wp\/v2\/posts\/13825\/revisions\/13827"}],"wp:featuredmedia":[{"embeddable":true,"href":"https:\/\/www.elamazonico.com\/portal\/wp-json\/wp\/v2\/media\/13826"}],"wp:attachment":[{"href":"https:\/\/www.elamazonico.com\/portal\/wp-json\/wp\/v2\/media?parent=13825"}],"wp:term":[{"taxonomy":"category","embeddable":true,"href":"https:\/\/www.elamazonico.com\/portal\/wp-json\/wp\/v2\/categories?post=13825"},{"taxonomy":"post_tag","embeddable":true,"href":"https:\/\/www.elamazonico.com\/portal\/wp-json\/wp\/v2\/tags?post=13825"}],"curies":[{"name":"wp","href":"https:\/\/api.w.org\/{rel}","templated":true}]}}