{"id":13822,"date":"2024-03-06T04:38:36","date_gmt":"2024-03-06T09:38:36","guid":{"rendered":"https:\/\/www.elamazonico.com\/portal\/?p=13822"},"modified":"2024-03-06T04:38:36","modified_gmt":"2024-03-06T09:38:36","slug":"ecuador-proyecta-conseguir-mas-de-usd-4-800-millones-en-nuevas-inversiones-mineras-sostenibles","status":"publish","type":"post","link":"https:\/\/www.elamazonico.com\/portal\/ecuador-proyecta-conseguir-mas-de-usd-4-800-millones-en-nuevas-inversiones-mineras-sostenibles\/","title":{"rendered":"Ecuador proyecta conseguir m\u00e1s de USD 4.800 millones en nuevas inversiones mineras sostenibles"},"content":{"rendered":"<p>En el marco de la Convenci\u00f3n Mundial de Exploraci\u00f3n y Miner\u00eda en Toronto, Canad\u00e1, el presidente de la Rep\u00fablica, Daniel Noboa Azin, junto a su comitiva oficial, particip\u00f3 en el evento \u00abEcuador Day\u00bb, organizado por la C\u00e1mara de Miner\u00eda de Ecuador para resaltar el potencial minero del pa\u00eds, fomentar la inversi\u00f3n extranjera en el sector y promover una miner\u00eda sostenible.<\/p>\n<p>Como parte de la agenda oficial, la ministra Sonsoles Garc\u00eda, junto a Andrea Arrobo, titular de la cartera de Energ\u00eda y Recursos no Renovables, firmaron seis acuerdos de inversi\u00f3n con el objetivo de expresar formalmente el inter\u00e9s mutuo del Estado ecuatoriano y de los inversionistas para desarrollar proyectos para en el sector minero. Estos acuerdos sentaron las bases para futuras negociaciones y colaboraci\u00f3n, con un enfoque de negocios sostenibles, responsables y a largo plazo.<\/p>\n<p>Los acuerdos suman un valor de m\u00e1s de USD 4.800 millones y no implican una erogaci\u00f3n de recursos por parte del Estado ecuatoriano. Los mismos, seguir\u00e1n los procedimientos establecidos en la legislaci\u00f3n ecuatoriana para determinar el alcance del proyecto, compromisos, cronogramas, aprobaciones y responsabilidades de cada parte. Esta acci\u00f3n se alinea con los objetivos del Estado de estimular el crecimiento econ\u00f3mico, crear empleos y desarrollar los recursos naturales de manera sostenible.<\/p>\n<p>La agenda de trabajo tambi\u00e9n incluy\u00f3 una reuni\u00f3n con representantes de Canadian Council for the Americas para informar sobre la pol\u00edtica de apertura comercial y el proceso de negociaci\u00f3n del acuerdo comercial, un di\u00e1logo con ejecutivos de Barrick Gold, y un encuentro con Export Development Canada para impulsar la cooperaci\u00f3n t\u00e9cnica en la estructuraci\u00f3n de proyectos de APP y la internacionalizaci\u00f3n de nuevas empresas. <strong>Fuente: Ecuador en vivo<\/strong><\/p>\n","protected":false},"excerpt":{"rendered":"<p>En el marco de la Convenci\u00f3n Mundial de Exploraci\u00f3n y Miner\u00eda en Toronto, Canad\u00e1, el presidente de la Rep\u00fablica, Daniel Noboa Azin, junto a su comitiva oficial, particip\u00f3 en el evento \u00abEcuador Day\u00bb, organizado por la C\u00e1mara de Miner\u00eda de Ecuador para resaltar el potencial minero del pa\u00eds, fomentar la inversi\u00f3n extranjera en el sector y promover una miner\u00eda sostenible. Como parte de la agenda oficial, la ministra Sonsoles Garc\u00eda, junto a Andrea Arrobo, titular de la cartera de Energ\u00eda y Recursos no Renovables, firmaron seis acuerdos de inversi\u00f3n con el objetivo de expresar formalmente el inter\u00e9s mutuo del Estado ecuatoriano y de los inversionistas para desarrollar proyectos para en el sector minero. Estos acuerdos sentaron las bases para futuras negociaciones y colaboraci\u00f3n, con un enfoque de negocios sostenibles, responsables y a largo plazo. Los acuerdos suman un valor de m\u00e1s de USD 4.800 millones y no implican una erogaci\u00f3n de recursos por parte del Estado ecuatoriano. Los mismos, seguir\u00e1n los procedimientos establecidos en la legislaci\u00f3n ecuatoriana para determinar el alcance del proyecto, compromisos, cronogramas, aprobaciones y responsabilidades de cada parte. Esta acci\u00f3n se alinea con los objetivos del Estado de estimular el crecimiento econ\u00f3mico, crear empleos y desarrollar los recursos naturales de manera sostenible. La agenda de trabajo tambi\u00e9n incluy\u00f3 una reuni\u00f3n con representantes de Canadian Council for the Americas para informar sobre la pol\u00edtica de apertura comercial y el proceso de negociaci\u00f3n del acuerdo comercial, un di\u00e1logo con ejecutivos de Barrick Gold, y un encuentro con Export Development Canada para impulsar la cooperaci\u00f3n t\u00e9cnica en la estructuraci\u00f3n de proyectos de APP y la internacionalizaci\u00f3n de nuevas empresas. Fuente: Ecuador en vivo<\/p>\n","protected":false},"author":1,"featured_media":13823,"comment_status":"open","ping_status":"open","sticky":false,"template":"","format":"standard","meta":{"footnotes":""},"categories":[268],"tags":[],"class_list":["post-13822","post","type-post","status-publish","format-standard","has-post-thumbnail","hentry","category-nacionales"],"_links":{"self":[{"href":"https:\/\/www.elamazonico.com\/portal\/wp-json\/wp\/v2\/posts\/13822","targetHints":{"allow":["GET"]}}],"collection":[{"href":"https:\/\/www.elamazonico.com\/portal\/wp-json\/wp\/v2\/posts"}],"about":[{"href":"https:\/\/www.elamazonico.com\/portal\/wp-json\/wp\/v2\/types\/post"}],"author":[{"embeddable":true,"href":"https:\/\/www.elamazonico.com\/portal\/wp-json\/wp\/v2\/users\/1"}],"replies":[{"embeddable":true,"href":"https:\/\/www.elamazonico.com\/portal\/wp-json\/wp\/v2\/comments?post=13822"}],"version-history":[{"count":1,"href":"https:\/\/www.elamazonico.com\/portal\/wp-json\/wp\/v2\/posts\/13822\/revisions"}],"predecessor-version":[{"id":13824,"href":"https:\/\/www.elamazonico.com\/portal\/wp-json\/wp\/v2\/posts\/13822\/revisions\/13824"}],"wp:featuredmedia":[{"embeddable":true,"href":"https:\/\/www.elamazonico.com\/portal\/wp-json\/wp\/v2\/media\/13823"}],"wp:attachment":[{"href":"https:\/\/www.elamazonico.com\/portal\/wp-json\/wp\/v2\/media?parent=13822"}],"wp:term":[{"taxonomy":"category","embeddable":true,"href":"https:\/\/www.elamazonico.com\/portal\/wp-json\/wp\/v2\/categories?post=13822"},{"taxonomy":"post_tag","embeddable":true,"href":"https:\/\/www.elamazonico.com\/portal\/wp-json\/wp\/v2\/tags?post=13822"}],"curies":[{"name":"wp","href":"https:\/\/api.w.org\/{rel}","templated":true}]}}