{"id":13816,"date":"2024-03-06T04:32:40","date_gmt":"2024-03-06T09:32:40","guid":{"rendered":"https:\/\/www.elamazonico.com\/portal\/?p=13816"},"modified":"2024-03-06T04:32:40","modified_gmt":"2024-03-06T09:32:40","slug":"caso-purga-prision-preventiva-para-el-exasambleista-pablo-m-y-la-expresidenta-de-la-corte-de-guayas-fabiola-g","status":"publish","type":"post","link":"https:\/\/www.elamazonico.com\/portal\/caso-purga-prision-preventiva-para-el-exasambleista-pablo-m-y-la-expresidenta-de-la-corte-de-guayas-fabiola-g\/","title":{"rendered":"Caso Purga: Prisi\u00f3n preventiva para el exasamble\u00edsta Pablo M. y la expresidenta de la Corte de Guayas, Fabiola G"},"content":{"rendered":"<p class=\"p_0\"><b>El exasamble\u00edsta del Partido Social Cristiano (PSC),\u00a0<a href=\"https:\/\/www.vistazo.com\/cronologia\/-\/meta\/pablo-m-\">Pablo M.<\/a>, la expresidenta de la Corte de Guayas, Fabiola G. y otros siete procesados dentro del\u00a0<a href=\"https:\/\/www.vistazo.com\/politica\/nacional\/caso-purga-prision-preventiva-para-el-exasambleista-pablo-m-y-la-expresidenta-de-la-corte-de-guayas-fabiola-g-FK6963531\">Caso Purga<\/a>\u00a0recibieron una orden de prisi\u00f3n preventiva por el presunto delito de delincuencia organizada.<\/b><\/p>\n<p class=\"p_1\">La disposici\u00f3n judicial fue emitida este martes, tras la reinstalaci\u00f3n en Quito de la\u00a0<b>audiencia de formulaci\u00f3n de cargos\u00a0<\/b>contra los detenidos en el marco de la investigaci\u00f3n que, de acuerdo a la Fiscal General del Estado, Diana Salazar, est\u00e1 enfocado en la<b>\u00a0\u00ablimpieza\u00bb de las instituciones del Estado.<\/b><\/p>\n<p>Durante la diligencia, el juez Javier de la Cadena, de la Corte Nacional de Justicia (CNJ), consider\u00f3 que hab\u00eda\u00a0<b>suficientes elementos\u00a0<\/b>para justificar la medida solicitada por la titular del Ministerio P\u00fablico, quien acus\u00f3 a<b>\u00a0Pablo M., Fabiola G.\u00a0<\/b>y al juez\u00a0<b>Gustavo M.\u00a0<\/b>en calidad de\u00a0<b>autores<\/b>.<\/p>\n<p>Antes de la instalaci\u00f3n de la audiencia de formulaci\u00f3n de cargos, Salazar indic\u00f3 que los aprehendidos \u00ab<b>han permitido que la pol\u00edtica legislativa, la justicia y el narcotr\u00e1fico trabajen de la mano<\/b>\u00a0atentando directamente a los intereses de los ecuatorianos\u00bb.<\/p>\n<div class=\"multimediaMacroWrapper img lateral\">\n<figure class=\"contentMedia art-img\">\n<div><img fetchpriority=\"high\" decoding=\"async\" class=\" lazyloaded\" title=\"La Fiscal General del Estado, Diana Salazar, estuvo presente durante la audiencia.\" src=\"https:\/\/www.vistazo.com\/placeholder\/svg\/viewbox\/768x512\" sizes=\"100vw\" srcset=\"\/\/www.vistazo.com\/binrepository\/768x512\/0c0\/0d0\/none\/12727\/RCLO\/2024030595328-clj-corte-nacional-de-j_1409236_20240305214740.jpg 768w,\/\/www.vistazo.com\/binrepository\/640x427\/0c0\/0d0\/none\/12727\/RCLC\/2024030595328-clj-corte-nacional-de-j_1409236_20240305214740.jpg 640w,\/\/www.vistazo.com\/binrepository\/512x341\/0c0\/0d0\/none\/12727\/RCLB\/2024030595328-clj-corte-nacional-de-j_1409236_20240305214740.jpg 512w,\/\/www.vistazo.com\/binrepository\/384x256\/0c0\/0d0\/none\/12727\/RCLP\/2024030595328-clj-corte-nacional-de-j_1409236_20240305214740.jpg 384w,\/\/www.vistazo.com\/binrepository\/300x200\/0c0\/0d0\/none\/12727\/RCLA\/2024030595328-clj-corte-nacional-de-j_1409236_20240305214740.jpg 300w\" alt=\"$!La Fiscal General del Estado, Diana Salazar, estuvo presente durante la audiencia.\" width=\"768\" height=\"512\" data-srcset=\"\/\/www.vistazo.com\/binrepository\/768x512\/0c0\/0d0\/none\/12727\/RCLO\/2024030595328-clj-corte-nacional-de-j_1409236_20240305214740.jpg 768w,\/\/www.vistazo.com\/binrepository\/640x427\/0c0\/0d0\/none\/12727\/RCLC\/2024030595328-clj-corte-nacional-de-j_1409236_20240305214740.jpg 640w,\/\/www.vistazo.com\/binrepository\/512x341\/0c0\/0d0\/none\/12727\/RCLB\/2024030595328-clj-corte-nacional-de-j_1409236_20240305214740.jpg 512w,\/\/www.vistazo.com\/binrepository\/384x256\/0c0\/0d0\/none\/12727\/RCLP\/2024030595328-clj-corte-nacional-de-j_1409236_20240305214740.jpg 384w,\/\/www.vistazo.com\/binrepository\/300x200\/0c0\/0d0\/none\/12727\/RCLA\/2024030595328-clj-corte-nacional-de-j_1409236_20240305214740.jpg 300w\" \/><\/div>\n<div class=\"cutline-byline\"><span class=\"cutline-text\">La Fiscal General del Estado, Diana Salazar, estuvo presente durante la audiencia.<\/span>\u00a0<span class=\"byline-image\">(Daniel Molineros \/ API)<\/span><\/div>\n<\/figure>\n<\/div>\n<div class=\"paragraph texto\">\n<p class=\"p_5\">Explic\u00f3 posteriormente que se realizaron\u00a0<b>43 allanamientos a varios inmuebles, 25 registros de veh\u00edculos y se detuvo a una docena de personas.<\/b>\u00a0En adici\u00f3n, afirm\u00f3 que a todos los sospechosos se les respetaron sus derechos al momento de la detenci\u00f3n.<\/p>\n<\/div>\n<div class=\"paragraph texto\">\n<p class=\"p_6\">En lo que respecta a los otros 10 procesados, entre quienes hay jueces y personal administrativo de la Direcci\u00f3n del Consejo de la Judicatura del Guayas, se\u00a0<b>dict\u00f3 prisi\u00f3n preventiva contra 7 personas, medidas alternativas para otras 2 y arresto domiciliario para el juez Reinaldo C.<\/b>\u00a0por su edad avanzada.<\/p>\n<p class=\"p_7\">\u00abAdem\u00e1s, (el juez que lleva el caso)<b>\u00a0ordena la prohibici\u00f3n de enajenar bienes muebles e inmuebles por un valor de 3,9 millones de d\u00f3lares<\/b>\u00a0y dispone la retenci\u00f3n de cuentas que los procesados tengan en el sistema financiero nacional\u00bb, acot\u00f3 la Fiscal\u00eda a trav\u00e9s de X.<\/p>\n<\/div>\n<div class=\"paragraph texto\">\n<p class=\"p_8\">De acuerdo con\u00a0<b>Salazar<\/b>, la investigaci\u00f3n en torno al\u00a0<b>Caso Purga<\/b>\u00a0se desarrolla debido a que hay \u00abelementos que<b>\u00a0evidencian la necesidad de sanear el sistema judicial\u00a0<\/b>para librarnos de la\u00a0<b>corrupci\u00f3n\u00a0<\/b>y de la profunda descomposici\u00f3n estructural de la que hemos sido testigos estos \u00faltimos meses\u00bb.<\/p>\n<p class=\"p_9\"><b>Lea tambi\u00e9n |\u00a0<a href=\"https:\/\/www.vistazo.com\/politica\/nacional\/caso-purga-primo-de-pablo-m-logro-apropiarse-de-un-terreno-en-duran-DM6961612\">Caso Purga: primo de Pablo M. logr\u00f3 apropiarse de un terreno en Dur\u00e1n<\/a><\/b><\/p>\n<p class=\"p_10\">La investigaci\u00f3n parte del\u00a0<b>caso Met\u00e1stasis<\/b>, referente a una presunta gran trama de\u00a0<b>corrupci\u00f3n en el sistema judicial, carcelario y policial<\/b>\u00a0por infiltraci\u00f3n y sobornos del\u00a0<b>narcotr\u00e1fico<\/b>. Por este caso siguen encarceladas provisionalmente figuras notables de la pol\u00edtica como<b>\u00a0Wilman Ter\u00e1n<\/b>, extitular del Consejo de la Judicatura. <strong>Fuente: Vistazo<\/strong><\/p>\n<\/div>\n","protected":false},"excerpt":{"rendered":"<p>El exasamble\u00edsta del Partido Social Cristiano (PSC),\u00a0Pablo M., la expresidenta de la Corte de Guayas, Fabiola G. y otros siete procesados dentro del\u00a0Caso Purga\u00a0recibieron una orden de prisi\u00f3n preventiva por el presunto delito de delincuencia organizada. La disposici\u00f3n judicial fue emitida este martes, tras la reinstalaci\u00f3n en Quito de la\u00a0audiencia de formulaci\u00f3n de cargos\u00a0contra los detenidos en el marco de la investigaci\u00f3n que, de acuerdo a la Fiscal General del Estado, Diana Salazar, est\u00e1 enfocado en la\u00a0\u00ablimpieza\u00bb de las instituciones del Estado. Durante la diligencia, el juez Javier de la Cadena, de la Corte Nacional de Justicia (CNJ), consider\u00f3 que hab\u00eda\u00a0suficientes elementos\u00a0para justificar la medida solicitada por la titular del Ministerio P\u00fablico, quien acus\u00f3 a\u00a0Pablo M., Fabiola G.\u00a0y al juez\u00a0Gustavo M.\u00a0en calidad de\u00a0autores. Antes de la instalaci\u00f3n de la audiencia de formulaci\u00f3n de cargos, Salazar indic\u00f3 que los aprehendidos \u00abhan permitido que la pol\u00edtica legislativa, la justicia y el narcotr\u00e1fico trabajen de la mano\u00a0atentando directamente a los intereses de los ecuatorianos\u00bb. La Fiscal General del Estado, Diana Salazar, estuvo presente durante la audiencia.\u00a0(Daniel Molineros \/ API) Explic\u00f3 posteriormente que se realizaron\u00a043 allanamientos a varios inmuebles, 25 registros de veh\u00edculos y se detuvo a una docena de personas.\u00a0En adici\u00f3n, afirm\u00f3 que a todos los sospechosos se les respetaron sus derechos al momento de la detenci\u00f3n. En lo que respecta a los otros 10 procesados, entre quienes hay jueces y personal administrativo de la Direcci\u00f3n del Consejo de la Judicatura del Guayas, se\u00a0dict\u00f3 prisi\u00f3n preventiva contra 7 personas, medidas alternativas para otras 2 y arresto domiciliario para el juez Reinaldo C.\u00a0por su edad avanzada. \u00abAdem\u00e1s, (el juez que lleva el caso)\u00a0ordena la prohibici\u00f3n de enajenar bienes muebles e inmuebles por un valor de 3,9 millones de d\u00f3lares\u00a0y dispone la retenci\u00f3n de cuentas que los procesados tengan en el sistema financiero nacional\u00bb, acot\u00f3 la Fiscal\u00eda a trav\u00e9s de X. De acuerdo con\u00a0Salazar, la investigaci\u00f3n en torno al\u00a0Caso Purga\u00a0se desarrolla debido a que hay \u00abelementos que\u00a0evidencian la necesidad de sanear el sistema judicial\u00a0para librarnos de la\u00a0corrupci\u00f3n\u00a0y de la profunda descomposici\u00f3n estructural de la que hemos sido testigos estos \u00faltimos meses\u00bb. Lea tambi\u00e9n |\u00a0Caso Purga: primo de Pablo M. logr\u00f3 apropiarse de un terreno en Dur\u00e1n La investigaci\u00f3n parte del\u00a0caso Met\u00e1stasis, referente a una presunta gran trama de\u00a0corrupci\u00f3n en el sistema judicial, carcelario y policial\u00a0por infiltraci\u00f3n y sobornos del\u00a0narcotr\u00e1fico. Por este caso siguen encarceladas provisionalmente figuras notables de la pol\u00edtica como\u00a0Wilman Ter\u00e1n, extitular del Consejo de la Judicatura. Fuente: Vistazo<\/p>\n","protected":false},"author":1,"featured_media":13817,"comment_status":"open","ping_status":"open","sticky":false,"template":"","format":"standard","meta":{"footnotes":""},"categories":[268],"tags":[],"class_list":["post-13816","post","type-post","status-publish","format-standard","has-post-thumbnail","hentry","category-nacionales"],"_links":{"self":[{"href":"https:\/\/www.elamazonico.com\/portal\/wp-json\/wp\/v2\/posts\/13816","targetHints":{"allow":["GET"]}}],"collection":[{"href":"https:\/\/www.elamazonico.com\/portal\/wp-json\/wp\/v2\/posts"}],"about":[{"href":"https:\/\/www.elamazonico.com\/portal\/wp-json\/wp\/v2\/types\/post"}],"author":[{"embeddable":true,"href":"https:\/\/www.elamazonico.com\/portal\/wp-json\/wp\/v2\/users\/1"}],"replies":[{"embeddable":true,"href":"https:\/\/www.elamazonico.com\/portal\/wp-json\/wp\/v2\/comments?post=13816"}],"version-history":[{"count":1,"href":"https:\/\/www.elamazonico.com\/portal\/wp-json\/wp\/v2\/posts\/13816\/revisions"}],"predecessor-version":[{"id":13818,"href":"https:\/\/www.elamazonico.com\/portal\/wp-json\/wp\/v2\/posts\/13816\/revisions\/13818"}],"wp:featuredmedia":[{"embeddable":true,"href":"https:\/\/www.elamazonico.com\/portal\/wp-json\/wp\/v2\/media\/13817"}],"wp:attachment":[{"href":"https:\/\/www.elamazonico.com\/portal\/wp-json\/wp\/v2\/media?parent=13816"}],"wp:term":[{"taxonomy":"category","embeddable":true,"href":"https:\/\/www.elamazonico.com\/portal\/wp-json\/wp\/v2\/categories?post=13816"},{"taxonomy":"post_tag","embeddable":true,"href":"https:\/\/www.elamazonico.com\/portal\/wp-json\/wp\/v2\/tags?post=13816"}],"curies":[{"name":"wp","href":"https:\/\/api.w.org\/{rel}","templated":true}]}}