{"id":13792,"date":"2024-03-05T04:49:27","date_gmt":"2024-03-05T09:49:27","guid":{"rendered":"https:\/\/www.elamazonico.com\/portal\/?p=13792"},"modified":"2024-03-05T04:49:27","modified_gmt":"2024-03-05T09:49:27","slug":"tribunal-pide-a-interpol-detener-a-seis-familiares-del-narcotraficante-ecuatoriano-gato-farfan","status":"publish","type":"post","link":"https:\/\/www.elamazonico.com\/portal\/tribunal-pide-a-interpol-detener-a-seis-familiares-del-narcotraficante-ecuatoriano-gato-farfan\/","title":{"rendered":"Tribunal pide a Interpol detener a seis familiares del narcotraficante ecuatoriano &#8216;Gato Farf\u00e1n&#8217;"},"content":{"rendered":"<p class=\"p_0\"><b>Un tribunal aprob\u00f3 el inicio de un juicio contra el narcotraficante Wilder S\u00e1nchez, apodado como el &#8216;<a href=\"https:\/\/www.vistazo.com\/cronologia\/-\/meta\/gato-farfan\">Gato Farf\u00e1n<\/a>&#8216;, que en enero fue extraditado de Colombia a Estados Unidos, y emiti\u00f3 una orden de captura internacional con alerta \u00abroja\u00bb contra seis familiares de este.<\/b><\/p>\n<p class=\"p_1\">La Fiscal\u00eda General de Ecuador inform\u00f3 a trav\u00e9s de su cuenta en la red X que el juez que lleva una causa por<b>\u00a0lavado de activos\u00a0<\/b>ha\u00a0<b>aceptado la versi\u00f3n del Ministerio P\u00fablico<\/b>\u00a0y ha\u00a0<b>llamado a juicio<\/b>\u00a0tanto al propio &#8216;Gato Farf\u00e1n&#8217; como a otras diez personas.<\/p>\n<p>\u00abJuez acoge el pedido de Fiscal\u00eda -legalmente justificado- y\u00a0<b>llama a juicio a diez personas naturales<\/b>, entre ellas Wilder S., alias &#8216;El Gato Farf\u00e1n&#8217;, y cinco (personas) jur\u00eddicas por lavado de activos, por un monto de 11.566.883,15&#8243; d\u00f3lares, precis\u00f3 la fuente.<\/p>\n<div class=\"paragraph texto\">\n<p class=\"p_3\">Tambi\u00e9n mencion\u00f3 que el juez ha dispuesto \u00abla\u00a0<b>incautaci\u00f3n de dos embarcaciones<\/b>, adem\u00e1s de las 53 propiedades que ya est\u00e1n incautadas\u00bb en el proceso.<\/p>\n<p class=\"p_4\">Reiter\u00f3 que el magistrado ha ordenado que \u00abse oficie a la Interpol, a fin de que emita la\u00a0<b>difusi\u00f3n roja<\/b>\u00a0para seis de los procesados\u00a0<b>(familiares de Wilder S.)<\/b>\u00a0que se encuentran\u00a0<b>pr\u00f3fugos<\/b>\u00ab.<\/p>\n<\/div>\n<div class=\"multimediaMacroWrapper img lateral\">\n<figure class=\"contentMedia art-img\">\n<div><img fetchpriority=\"high\" decoding=\"async\" class=\" lazyloaded\" title=\"Fotograf\u00eda tomada el 9 de febrero de 2023, cuando Farf\u00e1n fue detenido por la Polic\u00eda de Colombia mientras se movilizaba por la ciudad de Pasto en un veh\u00edculo.\" src=\"https:\/\/www.vistazo.com\/placeholder\/svg\/viewbox\/768x432\" sizes=\"100vw\" srcset=\"\/\/www.vistazo.com\/binrepository\/768x432\/0c0\/0d0\/none\/12727\/PFPC\/narcu_1407159_20240304200357.jpg 768w,\/\/www.vistazo.com\/binrepository\/640x360\/0c0\/0d0\/none\/12727\/PFIP\/narcu_1407159_20240304200357.jpg 640w,\/\/www.vistazo.com\/binrepository\/512x288\/0c0\/0d0\/none\/12727\/PFOS\/narcu_1407159_20240304200357.jpg 512w,\/\/www.vistazo.com\/binrepository\/384x216\/0c0\/0d0\/none\/12727\/PFJC\/narcu_1407159_20240304200357.jpg 384w,\/\/www.vistazo.com\/binrepository\/300x169\/0c0\/0d0\/none\/12727\/PFBM\/narcu_1407159_20240304200357.jpg 300w\" alt=\"$!Fotograf\u00eda tomada el 9 de febrero de 2023, cuando Farf\u00e1n fue detenido por la Polic\u00eda de Colombia mientras se movilizaba por la ciudad de Pasto en un veh\u00edculo.\" width=\"768\" height=\"432\" data-srcset=\"\/\/www.vistazo.com\/binrepository\/768x432\/0c0\/0d0\/none\/12727\/PFPC\/narcu_1407159_20240304200357.jpg 768w,\/\/www.vistazo.com\/binrepository\/640x360\/0c0\/0d0\/none\/12727\/PFIP\/narcu_1407159_20240304200357.jpg 640w,\/\/www.vistazo.com\/binrepository\/512x288\/0c0\/0d0\/none\/12727\/PFOS\/narcu_1407159_20240304200357.jpg 512w,\/\/www.vistazo.com\/binrepository\/384x216\/0c0\/0d0\/none\/12727\/PFJC\/narcu_1407159_20240304200357.jpg 384w,\/\/www.vistazo.com\/binrepository\/300x169\/0c0\/0d0\/none\/12727\/PFBM\/narcu_1407159_20240304200357.jpg 300w\" \/><\/div>\n<div class=\"cutline-byline\"><span class=\"cutline-text\">Fotograf\u00eda tomada el 9 de febrero de 2023, cuando Farf\u00e1n fue detenido por la Polic\u00eda de Colombia mientras se movilizaba por la ciudad de Pasto en un veh\u00edculo.<\/span><\/div>\n<\/figure>\n<\/div>\n<div class=\"paragraph texto\">\n<p class=\"p_5\">El pasado 25 de enero, el Gobierno de Colombia anunci\u00f3 la extradici\u00f3n a Estados Unidos del &#8216;Gato Farf\u00e1n&#8217;, un a\u00f1o despu\u00e9s de su captura en la ciudad de Pasto, en el departamento fronterizo de Nari\u00f1o, en una\u00a0<b>operaci\u00f3n conjunta entre las polic\u00edas de Colombia y Ecuador\u00a0<\/b>con\u00a0<b>fines de extraditarlo\u00a0<\/b>ante una solicitud de la Corte del Distrito Sur de California.<\/p>\n<\/div>\n<div class=\"paragraph texto\">\n<p class=\"p_6\">El exministro del Interior Juan Zapata, que entonces era titular de la cartera, hab\u00eda asegurado que en ese tiempo S\u00e1nchez era\u00a0<b>\u00abel blanco de m\u00e1s alto valor e importancia para el Estado\u00bb.<\/b><\/p>\n<p class=\"p_7\"><b>Lea tambi\u00e9n |\u00a0<a href=\"https:\/\/www.vistazo.com\/actualidad\/nacional\/operativo-amanecer-radiante-desmantela-al-grupo-terrorista-los-lobos-en-ventanas-los-rios-IH6955820\">Operativo \u2018Amanecer Radiante\u2019 desmantela al grupo terrorista \u00abLos Lobos\u00bb en Ventanas, Los R\u00edos<\/a><\/b><\/p>\n<p class=\"p_8\">Seg\u00fan Zapata, el<b>\u00a0&#8216;Gato Farf\u00e1n&#8217;<\/b>\u00a0aparentemente \u00ab<b>coordinaba el env\u00edo de droga hacia Estados Unidos<\/b>\u00a0mediante diferentes modalidades a trav\u00e9s de los principales puertos de Ecuador y M\u00e9xico, en asociaci\u00f3n con los carteles de Sinaloa y Jalisco Nueva Generaci\u00f3n\u00bb.<\/p>\n<p class=\"p_9\">Las autoridades ecuatorianas de entonces tambi\u00e9n lo acusaron de ser el<b>\u00a0responsable de varias masacres carcelarias<\/b>\u00a0y de\u00a0<b>asesinatos\u00a0<\/b>en v\u00edas p\u00fablicas.<\/p>\n<p>Fuente: Vistazo<\/p>\n<\/div>\n","protected":false},"excerpt":{"rendered":"<p>Un tribunal aprob\u00f3 el inicio de un juicio contra el narcotraficante Wilder S\u00e1nchez, apodado como el &#8216;Gato Farf\u00e1n&#8216;, que en enero fue extraditado de Colombia a Estados Unidos, y emiti\u00f3 una orden de captura internacional con alerta \u00abroja\u00bb contra seis familiares de este. La Fiscal\u00eda General de Ecuador inform\u00f3 a trav\u00e9s de su cuenta en la red X que el juez que lleva una causa por\u00a0lavado de activos\u00a0ha\u00a0aceptado la versi\u00f3n del Ministerio P\u00fablico\u00a0y ha\u00a0llamado a juicio\u00a0tanto al propio &#8216;Gato Farf\u00e1n&#8217; como a otras diez personas. \u00abJuez acoge el pedido de Fiscal\u00eda -legalmente justificado- y\u00a0llama a juicio a diez personas naturales, entre ellas Wilder S., alias &#8216;El Gato Farf\u00e1n&#8217;, y cinco (personas) jur\u00eddicas por lavado de activos, por un monto de 11.566.883,15&#8243; d\u00f3lares, precis\u00f3 la fuente. Tambi\u00e9n mencion\u00f3 que el juez ha dispuesto \u00abla\u00a0incautaci\u00f3n de dos embarcaciones, adem\u00e1s de las 53 propiedades que ya est\u00e1n incautadas\u00bb en el proceso. Reiter\u00f3 que el magistrado ha ordenado que \u00abse oficie a la Interpol, a fin de que emita la\u00a0difusi\u00f3n roja\u00a0para seis de los procesados\u00a0(familiares de Wilder S.)\u00a0que se encuentran\u00a0pr\u00f3fugos\u00ab. Fotograf\u00eda tomada el 9 de febrero de 2023, cuando Farf\u00e1n fue detenido por la Polic\u00eda de Colombia mientras se movilizaba por la ciudad de Pasto en un veh\u00edculo. El pasado 25 de enero, el Gobierno de Colombia anunci\u00f3 la extradici\u00f3n a Estados Unidos del &#8216;Gato Farf\u00e1n&#8217;, un a\u00f1o despu\u00e9s de su captura en la ciudad de Pasto, en el departamento fronterizo de Nari\u00f1o, en una\u00a0operaci\u00f3n conjunta entre las polic\u00edas de Colombia y Ecuador\u00a0con\u00a0fines de extraditarlo\u00a0ante una solicitud de la Corte del Distrito Sur de California. El exministro del Interior Juan Zapata, que entonces era titular de la cartera, hab\u00eda asegurado que en ese tiempo S\u00e1nchez era\u00a0\u00abel blanco de m\u00e1s alto valor e importancia para el Estado\u00bb. Lea tambi\u00e9n |\u00a0Operativo \u2018Amanecer Radiante\u2019 desmantela al grupo terrorista \u00abLos Lobos\u00bb en Ventanas, Los R\u00edos Seg\u00fan Zapata, el\u00a0&#8216;Gato Farf\u00e1n&#8217;\u00a0aparentemente \u00abcoordinaba el env\u00edo de droga hacia Estados Unidos\u00a0mediante diferentes modalidades a trav\u00e9s de los principales puertos de Ecuador y M\u00e9xico, en asociaci\u00f3n con los carteles de Sinaloa y Jalisco Nueva Generaci\u00f3n\u00bb. Las autoridades ecuatorianas de entonces tambi\u00e9n lo acusaron de ser el\u00a0responsable de varias masacres carcelarias\u00a0y de\u00a0asesinatos\u00a0en v\u00edas p\u00fablicas. Fuente: Vistazo<\/p>\n","protected":false},"author":1,"featured_media":13793,"comment_status":"open","ping_status":"open","sticky":false,"template":"","format":"standard","meta":{"footnotes":""},"categories":[268],"tags":[],"class_list":["post-13792","post","type-post","status-publish","format-standard","has-post-thumbnail","hentry","category-nacionales"],"_links":{"self":[{"href":"https:\/\/www.elamazonico.com\/portal\/wp-json\/wp\/v2\/posts\/13792","targetHints":{"allow":["GET"]}}],"collection":[{"href":"https:\/\/www.elamazonico.com\/portal\/wp-json\/wp\/v2\/posts"}],"about":[{"href":"https:\/\/www.elamazonico.com\/portal\/wp-json\/wp\/v2\/types\/post"}],"author":[{"embeddable":true,"href":"https:\/\/www.elamazonico.com\/portal\/wp-json\/wp\/v2\/users\/1"}],"replies":[{"embeddable":true,"href":"https:\/\/www.elamazonico.com\/portal\/wp-json\/wp\/v2\/comments?post=13792"}],"version-history":[{"count":1,"href":"https:\/\/www.elamazonico.com\/portal\/wp-json\/wp\/v2\/posts\/13792\/revisions"}],"predecessor-version":[{"id":13794,"href":"https:\/\/www.elamazonico.com\/portal\/wp-json\/wp\/v2\/posts\/13792\/revisions\/13794"}],"wp:featuredmedia":[{"embeddable":true,"href":"https:\/\/www.elamazonico.com\/portal\/wp-json\/wp\/v2\/media\/13793"}],"wp:attachment":[{"href":"https:\/\/www.elamazonico.com\/portal\/wp-json\/wp\/v2\/media?parent=13792"}],"wp:term":[{"taxonomy":"category","embeddable":true,"href":"https:\/\/www.elamazonico.com\/portal\/wp-json\/wp\/v2\/categories?post=13792"},{"taxonomy":"post_tag","embeddable":true,"href":"https:\/\/www.elamazonico.com\/portal\/wp-json\/wp\/v2\/tags?post=13792"}],"curies":[{"name":"wp","href":"https:\/\/api.w.org\/{rel}","templated":true}]}}