{"id":13789,"date":"2024-03-05T04:47:05","date_gmt":"2024-03-05T09:47:05","guid":{"rendered":"https:\/\/www.elamazonico.com\/portal\/?p=13789"},"modified":"2024-03-05T05:18:38","modified_gmt":"2024-03-05T10:18:38","slug":"ecuador-y-el-fmi-firmaran-un-acuerdo-en-los-siguientes-dos-o-tres-meses-anuncia-el-presidente-noboa","status":"publish","type":"post","link":"https:\/\/www.elamazonico.com\/portal\/ecuador-y-el-fmi-firmaran-un-acuerdo-en-los-siguientes-dos-o-tres-meses-anuncia-el-presidente-noboa\/","title":{"rendered":"Ecuador y el FMI firmar\u00e1n un acuerdo en los siguientes \u00abdos o tres meses\u00bb, anuncia el presidente Noboa"},"content":{"rendered":"<p class=\"p_0\"><b>Ecuador est\u00e1 negociando un acuerdo con el Fondo Monetario Internacional (FMI) para proporcionar estabilidad financiera al pa\u00eds, que podr\u00eda estar cerrado en \u00ablos pr\u00f3ximos dos o tres meses\u00bb revel\u00f3 este lunes el presidente ecuatoriano, Daniel Noboa.<\/b><\/p>\n<p class=\"p_1\">El jefe del Ejecutivo, que pronunci\u00f3 un discurso en\u00a0<b>la mayor feria de la miner\u00eda del mundo<\/b>\u00a0(PDAC), que se desarrolla en\u00a0<b>Toronto<\/b>\u00a0(Canad\u00e1), para promocionar las inversiones en su pa\u00eds, a\u00f1adi\u00f3 que en los pasados 60 d\u00edas<b>\u00a0\u00abel riesgo de pa\u00eds ha ca\u00eddo 800 puntos\u00bb<\/b>\u00a0y que los bonos de Ecuador \u00abest\u00e1n muy cerca de tener grado de inversi\u00f3n\u00bb.<\/p>\n<p>El presidente, ante una sala llena de\u00a0<b>inversores\u00a0<\/b>y\u00a0<b>directivos de empresas mineras<\/b>, se refiri\u00f3 al refer\u00e9ndum que ha convocado para el 21 de abril, y que aborda propuestas relacionadas con la s<b>eguridad, la econom\u00eda y la justicia<\/b>\u00a0para lo que propone varias reformas constitucionales.<\/p>\n<p class=\"p_3\">\u00abCreo que har\u00e1 el pa\u00eds incluso m\u00e1s\u00a0<b>atractivo\u00a0<\/b>y estamos tambi\u00e9n trabajando en un\u00a0<b>acuerdo con el FMI<\/b>\u00a0que estar\u00e1 concluido en los pr\u00f3ximos<b>\u00a0dos o tres meses<\/b>. As\u00ed que en t\u00e9rminos de estabilidad financiera, estamos bien. Y en t\u00e9rminos de seguridad tambi\u00e9n\u00bb, explic\u00f3 Noboa.<\/p>\n<p class=\"p_4\">Noboa, que asumi\u00f3 el poder a mediados de noviembre de 2023 en medio de una\u00a0<b>grave crisis econ\u00f3mica y de seguridad<\/b>, afirm\u00f3 que el pa\u00eds \u00abha\u00a0<b>superado incluso las mejores expectativas<\/b>\u00a0de las instituciones financieras\u00bb, incluido el FMI.<\/p>\n<p class=\"p_5\">\u00abHemos\u00a0<b>superado en 1.200 millones de d\u00f3lares<\/b>\u00a0nuestra\u00a0<b>proyecci\u00f3n de ingresos fiscales\u00a0<\/b>este a\u00f1o, as\u00ed que no habr\u00e1 ning\u00fan problema con la dolarizaci\u00f3n\u00bb, declar\u00f3 Noboa.<\/p>\n<div class=\"multimediaMacroWrapper img lateral\">\n<figure class=\"contentMedia art-img\">\n<div><img fetchpriority=\"high\" decoding=\"async\" class=\" lazyloaded\" title=\"El presidente de Ecuador, Daniel Noboa, y la ministra de Asuntos Exteriores, Gabriela Sommerfeld, durante su participaci\u00f3n en la mayor feria de la miner\u00eda del mundo (PDAC), este lunes en Toronto (Canad\u00e1).\" src=\"https:\/\/www.vistazo.com\/placeholder\/svg\/viewbox\/768x512\" sizes=\"100vw\" srcset=\"\/\/www.vistazo.com\/binrepository\/768x512\/0c0\/0d0\/none\/12727\/BLAO\/8ae8ae5220bc534575aebeecfe44cfe22adf0_1406917_20240304180321.jpg 768w,\/\/www.vistazo.com\/binrepository\/640x427\/0c0\/0d0\/none\/12727\/BLAC\/8ae8ae5220bc534575aebeecfe44cfe22adf0_1406917_20240304180321.jpg 640w,\/\/www.vistazo.com\/binrepository\/512x341\/0c0\/0d0\/none\/12727\/BLAB\/8ae8ae5220bc534575aebeecfe44cfe22adf0_1406917_20240304180321.jpg 512w,\/\/www.vistazo.com\/binrepository\/384x256\/0c0\/0d0\/none\/12727\/BLAP\/8ae8ae5220bc534575aebeecfe44cfe22adf0_1406917_20240304180321.jpg 384w,\/\/www.vistazo.com\/binrepository\/300x200\/0c0\/0d0\/none\/12727\/BLAA\/8ae8ae5220bc534575aebeecfe44cfe22adf0_1406917_20240304180321.jpg 300w\" alt=\"$!El presidente de Ecuador, Daniel Noboa, y la ministra de Asuntos Exteriores, Gabriela Sommerfeld, durante su participaci\u00f3n en la mayor feria de la miner\u00eda del mundo (PDAC), este lunes en Toronto (Canad\u00e1).\" width=\"768\" height=\"512\" data-srcset=\"\/\/www.vistazo.com\/binrepository\/768x512\/0c0\/0d0\/none\/12727\/BLAO\/8ae8ae5220bc534575aebeecfe44cfe22adf0_1406917_20240304180321.jpg 768w,\/\/www.vistazo.com\/binrepository\/640x427\/0c0\/0d0\/none\/12727\/BLAC\/8ae8ae5220bc534575aebeecfe44cfe22adf0_1406917_20240304180321.jpg 640w,\/\/www.vistazo.com\/binrepository\/512x341\/0c0\/0d0\/none\/12727\/BLAB\/8ae8ae5220bc534575aebeecfe44cfe22adf0_1406917_20240304180321.jpg 512w,\/\/www.vistazo.com\/binrepository\/384x256\/0c0\/0d0\/none\/12727\/BLAP\/8ae8ae5220bc534575aebeecfe44cfe22adf0_1406917_20240304180321.jpg 384w,\/\/www.vistazo.com\/binrepository\/300x200\/0c0\/0d0\/none\/12727\/BLAA\/8ae8ae5220bc534575aebeecfe44cfe22adf0_1406917_20240304180321.jpg 300w\" \/><\/div>\n<div class=\"cutline-byline\"><span class=\"cutline-text\">El presidente de Ecuador, Daniel Noboa, y la ministra de Asuntos Exteriores, Gabriela Sommerfeld, durante su participaci\u00f3n en la mayor feria de la miner\u00eda del mundo (PDAC), este lunes en Toronto (Canad\u00e1).<\/span>\u00a0<span class=\"byline-image\">(Julio C\u00e9sar Rivas \/ EFE)<\/span><\/div>\n<\/figure>\n<\/div>\n<div class=\"paragraph texto\">\n<p class=\"p_6\">El presidente se refiri\u00f3 a la violencia y aunque afirm\u00f3 que es inferior a cuando lleg\u00f3 al poder, reconoci\u00f3 que\u00a0<b>sigue habiendo cr\u00edmenes.<\/b><\/p>\n<p class=\"p_7\">\u00abHemos reducido un 90% las<b>\u00a0heridas por arma de fuego en todos nuestros hospitales p\u00fablicos<\/b>. Hemos reducido las\u00a0<b>muertes violentas<\/b>\u00a0en alrededor del 85% en menos de 100 d\u00edas\u00bb, dijo.<\/p>\n<\/div>\n<div class=\"paragraph texto\">\n<p class=\"p_8\">\u00abPero tenemos una naci\u00f3n muy joven con un 40% de la poblaci\u00f3n entre los 14 y los 35 a\u00f1os. Y no hay m\u00e1s oportunidad para los graduados de secundaria.\u00a0<b>Si no les damos trabajo, si no les damos educaci\u00f3n, toda la naci\u00f3n se colapsa<\/b>\u00ab, a\u00f1adi\u00f3.<\/p>\n<p class=\"p_9\">Con respecto al sector minero, Noboa se\u00f1al\u00f3 que aunque<b>\u00a0su Gobierno va a ser \u00abmuy estricto\u00bb en cuestiones medioambientales<\/b>, tambi\u00e9n va a ser \u00abmuy r\u00e1pido\u00bb.<\/p>\n<p class=\"p_10\">\u00abVan a saber muy pronto si las cosas funcionan o no porque el tiempo es valioso. Y<b>\u00a0tenemos que resolver los problemas a un ritmo m\u00e1s r\u00e1pido<\/b>\u00a0que antes\u00bb, explic\u00f3.<\/p>\n<\/div>\n<div class=\"paragraph texto\">\n<p class=\"p_11\">Por otra parte, la ministra de Asuntos Exteriores de Ecuador, Gabriela Sommerfeld, que acompa\u00f1a a Noboa en su viaje a Canad\u00e1, el primero que un presidente ecuatoriano realiza al pa\u00eds norteamericano, revel\u00f3 que las<b>\u00a0negociaciones para la firma de un acuerdo de libre comercio con Ottawa<\/b>, que en principio ten\u00edan que comenzar este mes,\u00a0<b>se iniciar\u00e1n en abril.<\/b><\/p>\n<p class=\"p_12\">\u00abEn abril celebraremos la\u00a0<b>primera ronda de negociaciones formales<\/b> para un acuerdo de libre comercio tras 27 sesiones de conversaciones exploratorias\u00bb, declar\u00f3 Sommerfeld. Fuente: Primicias<\/p>\n<\/div>\n","protected":false},"excerpt":{"rendered":"<p>Ecuador est\u00e1 negociando un acuerdo con el Fondo Monetario Internacional (FMI) para proporcionar estabilidad financiera al pa\u00eds, que podr\u00eda estar cerrado en \u00ablos pr\u00f3ximos dos o tres meses\u00bb revel\u00f3 este lunes el presidente ecuatoriano, Daniel Noboa. El jefe del Ejecutivo, que pronunci\u00f3 un discurso en\u00a0la mayor feria de la miner\u00eda del mundo\u00a0(PDAC), que se desarrolla en\u00a0Toronto\u00a0(Canad\u00e1), para promocionar las inversiones en su pa\u00eds, a\u00f1adi\u00f3 que en los pasados 60 d\u00edas\u00a0\u00abel riesgo de pa\u00eds ha ca\u00eddo 800 puntos\u00bb\u00a0y que los bonos de Ecuador \u00abest\u00e1n muy cerca de tener grado de inversi\u00f3n\u00bb. El presidente, ante una sala llena de\u00a0inversores\u00a0y\u00a0directivos de empresas mineras, se refiri\u00f3 al refer\u00e9ndum que ha convocado para el 21 de abril, y que aborda propuestas relacionadas con la seguridad, la econom\u00eda y la justicia\u00a0para lo que propone varias reformas constitucionales. \u00abCreo que har\u00e1 el pa\u00eds incluso m\u00e1s\u00a0atractivo\u00a0y estamos tambi\u00e9n trabajando en un\u00a0acuerdo con el FMI\u00a0que estar\u00e1 concluido en los pr\u00f3ximos\u00a0dos o tres meses. As\u00ed que en t\u00e9rminos de estabilidad financiera, estamos bien. Y en t\u00e9rminos de seguridad tambi\u00e9n\u00bb, explic\u00f3 Noboa. Noboa, que asumi\u00f3 el poder a mediados de noviembre de 2023 en medio de una\u00a0grave crisis econ\u00f3mica y de seguridad, afirm\u00f3 que el pa\u00eds \u00abha\u00a0superado incluso las mejores expectativas\u00a0de las instituciones financieras\u00bb, incluido el FMI. \u00abHemos\u00a0superado en 1.200 millones de d\u00f3lares\u00a0nuestra\u00a0proyecci\u00f3n de ingresos fiscales\u00a0este a\u00f1o, as\u00ed que no habr\u00e1 ning\u00fan problema con la dolarizaci\u00f3n\u00bb, declar\u00f3 Noboa. El presidente de Ecuador, Daniel Noboa, y la ministra de Asuntos Exteriores, Gabriela Sommerfeld, durante su participaci\u00f3n en la mayor feria de la miner\u00eda del mundo (PDAC), este lunes en Toronto (Canad\u00e1).\u00a0(Julio C\u00e9sar Rivas \/ EFE) El presidente se refiri\u00f3 a la violencia y aunque afirm\u00f3 que es inferior a cuando lleg\u00f3 al poder, reconoci\u00f3 que\u00a0sigue habiendo cr\u00edmenes. \u00abHemos reducido un 90% las\u00a0heridas por arma de fuego en todos nuestros hospitales p\u00fablicos. Hemos reducido las\u00a0muertes violentas\u00a0en alrededor del 85% en menos de 100 d\u00edas\u00bb, dijo. \u00abPero tenemos una naci\u00f3n muy joven con un 40% de la poblaci\u00f3n entre los 14 y los 35 a\u00f1os. Y no hay m\u00e1s oportunidad para los graduados de secundaria.\u00a0Si no les damos trabajo, si no les damos educaci\u00f3n, toda la naci\u00f3n se colapsa\u00ab, a\u00f1adi\u00f3. Con respecto al sector minero, Noboa se\u00f1al\u00f3 que aunque\u00a0su Gobierno va a ser \u00abmuy estricto\u00bb en cuestiones medioambientales, tambi\u00e9n va a ser \u00abmuy r\u00e1pido\u00bb. \u00abVan a saber muy pronto si las cosas funcionan o no porque el tiempo es valioso. Y\u00a0tenemos que resolver los problemas a un ritmo m\u00e1s r\u00e1pido\u00a0que antes\u00bb, explic\u00f3. Por otra parte, la ministra de Asuntos Exteriores de Ecuador, Gabriela Sommerfeld, que acompa\u00f1a a Noboa en su viaje a Canad\u00e1, el primero que un presidente ecuatoriano realiza al pa\u00eds norteamericano, revel\u00f3 que las\u00a0negociaciones para la firma de un acuerdo de libre comercio con Ottawa, que en principio ten\u00edan que comenzar este mes,\u00a0se iniciar\u00e1n en abril. \u00abEn abril celebraremos la\u00a0primera ronda de negociaciones formales para un acuerdo de libre comercio tras 27 sesiones de conversaciones exploratorias\u00bb, declar\u00f3 Sommerfeld. Fuente: Primicias<\/p>\n","protected":false},"author":1,"featured_media":13804,"comment_status":"open","ping_status":"open","sticky":false,"template":"","format":"standard","meta":{"footnotes":""},"categories":[268],"tags":[],"class_list":["post-13789","post","type-post","status-publish","format-standard","has-post-thumbnail","hentry","category-nacionales"],"_links":{"self":[{"href":"https:\/\/www.elamazonico.com\/portal\/wp-json\/wp\/v2\/posts\/13789","targetHints":{"allow":["GET"]}}],"collection":[{"href":"https:\/\/www.elamazonico.com\/portal\/wp-json\/wp\/v2\/posts"}],"about":[{"href":"https:\/\/www.elamazonico.com\/portal\/wp-json\/wp\/v2\/types\/post"}],"author":[{"embeddable":true,"href":"https:\/\/www.elamazonico.com\/portal\/wp-json\/wp\/v2\/users\/1"}],"replies":[{"embeddable":true,"href":"https:\/\/www.elamazonico.com\/portal\/wp-json\/wp\/v2\/comments?post=13789"}],"version-history":[{"count":1,"href":"https:\/\/www.elamazonico.com\/portal\/wp-json\/wp\/v2\/posts\/13789\/revisions"}],"predecessor-version":[{"id":13791,"href":"https:\/\/www.elamazonico.com\/portal\/wp-json\/wp\/v2\/posts\/13789\/revisions\/13791"}],"wp:featuredmedia":[{"embeddable":true,"href":"https:\/\/www.elamazonico.com\/portal\/wp-json\/wp\/v2\/media\/13804"}],"wp:attachment":[{"href":"https:\/\/www.elamazonico.com\/portal\/wp-json\/wp\/v2\/media?parent=13789"}],"wp:term":[{"taxonomy":"category","embeddable":true,"href":"https:\/\/www.elamazonico.com\/portal\/wp-json\/wp\/v2\/categories?post=13789"},{"taxonomy":"post_tag","embeddable":true,"href":"https:\/\/www.elamazonico.com\/portal\/wp-json\/wp\/v2\/tags?post=13789"}],"curies":[{"name":"wp","href":"https:\/\/api.w.org\/{rel}","templated":true}]}}