{"id":1377,"date":"2021-10-13T05:32:00","date_gmt":"2021-10-13T10:32:00","guid":{"rendered":"https:\/\/www.elamazonico.com\/portal\/?p=1377"},"modified":"2021-10-12T22:34:23","modified_gmt":"2021-10-13T03:34:23","slug":"feria-de-la-interculturalidad-se-desarrollo-en-zamora","status":"publish","type":"post","link":"https:\/\/www.elamazonico.com\/portal\/feria-de-la-interculturalidad-se-desarrollo-en-zamora\/","title":{"rendered":"Feria de la Interculturalidad, se desarroll\u00f3 en Zamora"},"content":{"rendered":"\n<p>Con el objetivo de resaltar el D\u00eda de la Interculturalidad y Plurinacionalidad, que se conmemora el 12 de octubre de cada a\u00f1o, la Gobernaci\u00f3n de Zamora, conjuntamente con la Casa de la Cultura y Ejecutivo Desconcentrado, llev\u00f3 a cabo una Feria Ciudadana, denominada \u201cFeria de la Interculturalidad\u201d.<\/p>\n\n\n\n<p>De esta iniciativa fueron parte instituciones como: Servicio de Rentas Internas, Ministerio del Ambiente, Agua y Transici\u00f3n Ecol\u00f3gica, Ministerio de Inclusi\u00f3n Econ\u00f3mica y Social, Agencia Nacional de Tr\u00e1nsito, Agrocalidad, Ministerio de Energ\u00eda y Recursos Naturales no Renovables, Direcci\u00f3n General de Registro Civil, Identificaci\u00f3n y Cedulaci\u00f3n y Casa de la Cultura N\u00facleo de Zamora Chinchipe; quienes dieron realce a esta fecha hist\u00f3rica.<\/p>\n\n\n\n<p>La jornada fue oficialmente inaugurada por el gobernador Absal\u00f3n Campoverde, quien recalc\u00f3 que el territorio ecuatoriano tiene 17 nacionalidades y pueblos ind\u00edgenas, \u201ccontento por este evento dedicado a la unidad, a la uni\u00f3n, &nbsp;a la inclusi\u00f3n de todos; esta es la oportunidad de unirnos y trabajar juntos para sacar con responsabilidad a nuestra provincia\u201d. &nbsp;<\/p>\n\n\n\n<p>A estas palabras se sum\u00f3 tambi\u00e9n Hamilton Mart\u00ednez, presidente de la Casa de la Cultura N\u00facleo Zamora, quien resalt\u00f3 la coordinaci\u00f3n que se ha realizado con el Ejecutivo, \u201ceste d\u00eda es importante, hemos podido presenciar grupos de danza, artistas de diferentes exposiciones que nos invitan a recordar quienes somos y cu\u00e1les son nuestras ra\u00edces\u201d.<\/p>\n\n\n\n<p>Por su parte, Javier Bustamante, Director del MIES, a\u00f1adi\u00f3 que esta Cartera de Estado se ha hecho presente mostrando a la comunidad los servicios de inclusi\u00f3n, programas y proyectos que se vienen impulsando en beneficio de los sectores m\u00e1s vulnerables. &nbsp;<\/p>\n\n\n\n<p>La Feria concluy\u00f3 con un espacio cultural y el recorrido por parte de las autoridades y ciudadan\u00eda a los diferentes stands que se ubicaron en la calle Diego de Vaca, frente al Parque Central de Zamora.<\/p>\n","protected":false},"excerpt":{"rendered":"<p>Con el objetivo de resaltar el D\u00eda de la Interculturalidad y Plurinacionalidad, que se conmemora el 12 de octubre de cada a\u00f1o, la Gobernaci\u00f3n de Zamora, conjuntamente con la Casa de la Cultura y Ejecutivo Desconcentrado, llev\u00f3 a cabo una Feria Ciudadana, denominada \u201cFeria de la Interculturalidad\u201d. De esta iniciativa fueron parte instituciones como: Servicio de Rentas Internas, Ministerio del Ambiente, Agua y Transici\u00f3n Ecol\u00f3gica, Ministerio de Inclusi\u00f3n Econ\u00f3mica y Social, Agencia Nacional de Tr\u00e1nsito, Agrocalidad, Ministerio de Energ\u00eda y Recursos Naturales no Renovables, Direcci\u00f3n General de Registro Civil, Identificaci\u00f3n y Cedulaci\u00f3n y Casa de la Cultura N\u00facleo de Zamora Chinchipe; quienes dieron realce a esta fecha hist\u00f3rica. La jornada fue oficialmente inaugurada por el gobernador Absal\u00f3n Campoverde, quien recalc\u00f3 que el territorio ecuatoriano tiene 17 nacionalidades y pueblos ind\u00edgenas, \u201ccontento por este evento dedicado a la unidad, a la uni\u00f3n, &nbsp;a la inclusi\u00f3n de todos; esta es la oportunidad de unirnos y trabajar juntos para sacar con responsabilidad a nuestra provincia\u201d. &nbsp; A estas palabras se sum\u00f3 tambi\u00e9n Hamilton Mart\u00ednez, presidente de la Casa de la Cultura N\u00facleo Zamora, quien resalt\u00f3 la coordinaci\u00f3n que se ha realizado con el Ejecutivo, \u201ceste d\u00eda es importante, hemos podido presenciar grupos de danza, artistas de diferentes exposiciones que nos invitan a recordar quienes somos y cu\u00e1les son nuestras ra\u00edces\u201d. Por su parte, Javier Bustamante, Director del MIES, a\u00f1adi\u00f3 que esta Cartera de Estado se ha hecho presente mostrando a la comunidad los servicios de inclusi\u00f3n, programas y proyectos que se vienen impulsando en beneficio de los sectores m\u00e1s vulnerables. &nbsp; La Feria concluy\u00f3 con un espacio cultural y el recorrido por parte de las autoridades y ciudadan\u00eda a los diferentes stands que se ubicaron en la calle Diego de Vaca, frente al Parque Central de Zamora.<\/p>\n","protected":false},"author":1,"featured_media":1378,"comment_status":"open","ping_status":"open","sticky":false,"template":"","format":"standard","meta":{"footnotes":""},"categories":[243],"tags":[],"class_list":["post-1377","post","type-post","status-publish","format-standard","has-post-thumbnail","hentry","category-noticias-zamora"],"_links":{"self":[{"href":"https:\/\/www.elamazonico.com\/portal\/wp-json\/wp\/v2\/posts\/1377","targetHints":{"allow":["GET"]}}],"collection":[{"href":"https:\/\/www.elamazonico.com\/portal\/wp-json\/wp\/v2\/posts"}],"about":[{"href":"https:\/\/www.elamazonico.com\/portal\/wp-json\/wp\/v2\/types\/post"}],"author":[{"embeddable":true,"href":"https:\/\/www.elamazonico.com\/portal\/wp-json\/wp\/v2\/users\/1"}],"replies":[{"embeddable":true,"href":"https:\/\/www.elamazonico.com\/portal\/wp-json\/wp\/v2\/comments?post=1377"}],"version-history":[{"count":1,"href":"https:\/\/www.elamazonico.com\/portal\/wp-json\/wp\/v2\/posts\/1377\/revisions"}],"predecessor-version":[{"id":1379,"href":"https:\/\/www.elamazonico.com\/portal\/wp-json\/wp\/v2\/posts\/1377\/revisions\/1379"}],"wp:featuredmedia":[{"embeddable":true,"href":"https:\/\/www.elamazonico.com\/portal\/wp-json\/wp\/v2\/media\/1378"}],"wp:attachment":[{"href":"https:\/\/www.elamazonico.com\/portal\/wp-json\/wp\/v2\/media?parent=1377"}],"wp:term":[{"taxonomy":"category","embeddable":true,"href":"https:\/\/www.elamazonico.com\/portal\/wp-json\/wp\/v2\/categories?post=1377"},{"taxonomy":"post_tag","embeddable":true,"href":"https:\/\/www.elamazonico.com\/portal\/wp-json\/wp\/v2\/tags?post=1377"}],"curies":[{"name":"wp","href":"https:\/\/api.w.org\/{rel}","templated":true}]}}