{"id":13720,"date":"2024-02-23T12:55:39","date_gmt":"2024-02-23T17:55:39","guid":{"rendered":"https:\/\/www.elamazonico.com\/portal\/?p=13720"},"modified":"2024-02-23T12:55:39","modified_gmt":"2024-02-23T17:55:39","slug":"ecuador-sera-sede-de-la-copa-mundial-de-fotografia-2025","status":"publish","type":"post","link":"https:\/\/www.elamazonico.com\/portal\/ecuador-sera-sede-de-la-copa-mundial-de-fotografia-2025\/","title":{"rendered":"Ecuador ser\u00e1 sede de la Copa Mundial de Fotograf\u00eda 2025"},"content":{"rendered":"<p>Del 17 al 21 de marzo del 2025 la capital de los ecuatorianos (Quito), ser\u00e1 la ciudad que acoger\u00e1 a uno de los eventos m\u00e1s importantes de la fotograf\u00eda a nivel mundial los\u00a0 \u201cWorld Photographic Cup\u201d, cuya gala se llevar\u00e1 a cabo por primera vez en Sudam\u00e9rica.<\/p>\n<p>Esta hist\u00f3rica designaci\u00f3n viene acompa\u00f1ada de una fuerte campa\u00f1a de promoci\u00f3n de nuestro pa\u00eds en eventos internacionales y contar\u00e1 con la presencia de la \u201cExpo Latitude Zero\u201d un evento macro que enmarca la premiaci\u00f3n y que tiene como objetivo reunir a los mejores exponentes de la fotograf\u00eda\u00a0 mundial a m\u00e1s de cuarenta delegaciones internacionales, influencers y marcas prestigiosas en la industria audiovisual.<\/p>\n<p>Para el evento se contar\u00e1 con m\u00e1s de 50 clases magistrales dirigidas por profesionales de la fotograf\u00eda a nivel internacional, que expondr\u00e1n las tendencias m\u00e1s vanguardistas de la industria audiovisual convirti\u00e9ndose en una experiencia pr\u00e1ctica y \u00fanica que engalanar\u00e1 los World Photographic Cup 2025\u201d.<\/p>\n<p>Es importante mencionar que en el 2023 la delegaci\u00f3n ecuatoriana logr\u00f3 resultados importantes dentro de la competencia la cual se llev\u00f3 a cabo en Singapur y recientemente se anuncio a los finalistas para la Copa mundial 2024 en Dallas Texas donde el Team Ecuador vuelve a estar en el The Best of Nations en la b\u00fasqueda de la Copa Mundial de este a\u00f1o.<\/p>\n<p>Para m\u00e1s informaci\u00f3n visitar nuestra p\u00e1gina web <a href=\"http:\/\/www.zerolatexpo.com\">www.zerolatexpo.com<\/a> o nuestras redes\u00a0 sociales @zerolatexpo.<\/p>\n","protected":false},"excerpt":{"rendered":"<p>Del 17 al 21 de marzo del 2025 la capital de los ecuatorianos (Quito), ser\u00e1 la ciudad que acoger\u00e1 a uno de los eventos m\u00e1s importantes de la fotograf\u00eda a nivel mundial los\u00a0 \u201cWorld Photographic Cup\u201d, cuya gala se llevar\u00e1 a cabo por primera vez en Sudam\u00e9rica. Esta hist\u00f3rica designaci\u00f3n viene acompa\u00f1ada de una fuerte campa\u00f1a de promoci\u00f3n de nuestro pa\u00eds en eventos internacionales y contar\u00e1 con la presencia de la \u201cExpo Latitude Zero\u201d un evento macro que enmarca la premiaci\u00f3n y que tiene como objetivo reunir a los mejores exponentes de la fotograf\u00eda\u00a0 mundial a m\u00e1s de cuarenta delegaciones internacionales, influencers y marcas prestigiosas en la industria audiovisual. Para el evento se contar\u00e1 con m\u00e1s de 50 clases magistrales dirigidas por profesionales de la fotograf\u00eda a nivel internacional, que expondr\u00e1n las tendencias m\u00e1s vanguardistas de la industria audiovisual convirti\u00e9ndose en una experiencia pr\u00e1ctica y \u00fanica que engalanar\u00e1 los World Photographic Cup 2025\u201d. Es importante mencionar que en el 2023 la delegaci\u00f3n ecuatoriana logr\u00f3 resultados importantes dentro de la competencia la cual se llev\u00f3 a cabo en Singapur y recientemente se anuncio a los finalistas para la Copa mundial 2024 en Dallas Texas donde el Team Ecuador vuelve a estar en el The Best of Nations en la b\u00fasqueda de la Copa Mundial de este a\u00f1o. Para m\u00e1s informaci\u00f3n visitar nuestra p\u00e1gina web www.zerolatexpo.com o nuestras redes\u00a0 sociales @zerolatexpo.<\/p>\n","protected":false},"author":1,"featured_media":13721,"comment_status":"open","ping_status":"open","sticky":false,"template":"","format":"standard","meta":{"footnotes":""},"categories":[6],"tags":[],"class_list":["post-13720","post","type-post","status-publish","format-standard","has-post-thumbnail","hentry","category-deportes"],"_links":{"self":[{"href":"https:\/\/www.elamazonico.com\/portal\/wp-json\/wp\/v2\/posts\/13720","targetHints":{"allow":["GET"]}}],"collection":[{"href":"https:\/\/www.elamazonico.com\/portal\/wp-json\/wp\/v2\/posts"}],"about":[{"href":"https:\/\/www.elamazonico.com\/portal\/wp-json\/wp\/v2\/types\/post"}],"author":[{"embeddable":true,"href":"https:\/\/www.elamazonico.com\/portal\/wp-json\/wp\/v2\/users\/1"}],"replies":[{"embeddable":true,"href":"https:\/\/www.elamazonico.com\/portal\/wp-json\/wp\/v2\/comments?post=13720"}],"version-history":[{"count":1,"href":"https:\/\/www.elamazonico.com\/portal\/wp-json\/wp\/v2\/posts\/13720\/revisions"}],"predecessor-version":[{"id":13722,"href":"https:\/\/www.elamazonico.com\/portal\/wp-json\/wp\/v2\/posts\/13720\/revisions\/13722"}],"wp:featuredmedia":[{"embeddable":true,"href":"https:\/\/www.elamazonico.com\/portal\/wp-json\/wp\/v2\/media\/13721"}],"wp:attachment":[{"href":"https:\/\/www.elamazonico.com\/portal\/wp-json\/wp\/v2\/media?parent=13720"}],"wp:term":[{"taxonomy":"category","embeddable":true,"href":"https:\/\/www.elamazonico.com\/portal\/wp-json\/wp\/v2\/categories?post=13720"},{"taxonomy":"post_tag","embeddable":true,"href":"https:\/\/www.elamazonico.com\/portal\/wp-json\/wp\/v2\/tags?post=13720"}],"curies":[{"name":"wp","href":"https:\/\/api.w.org\/{rel}","templated":true}]}}