{"id":1356,"date":"2021-10-12T05:05:00","date_gmt":"2021-10-12T10:05:00","guid":{"rendered":"https:\/\/www.elamazonico.com\/portal\/?p=1356"},"modified":"2021-10-11T22:59:00","modified_gmt":"2021-10-12T03:59:00","slug":"comision-de-educacion-de-la-asamblea-nacional-sesionara-en-zamora-chinchipe","status":"publish","type":"post","link":"https:\/\/www.elamazonico.com\/portal\/comision-de-educacion-de-la-asamblea-nacional-sesionara-en-zamora-chinchipe\/","title":{"rendered":"Comisi\u00f3n de Educaci\u00f3n de la Asamblea Nacional sesionar\u00e1 en Zamora Chinchipe"},"content":{"rendered":"\n<p>De acuerdo con el cronograma de trabajo en territorio, la Comisi\u00f3n de Educaci\u00f3n, Cultura, Ciencia, Tecnolog\u00eda, Innovaci\u00f3n y Saberes Ancestrales de la Asamblea Nacional visitar\u00e1 la provincia de Zamora Chinchipe, los d\u00edas 15 y 16 de octubre, con la finalidad de recoger aportes para la construcci\u00f3n de las reformas a las leyes priorizadas en la Agenda Legislativa y el Plan de Trabajo 2021-2022.<\/p>\n\n\n\n<p>Para el efecto, el presidente de la comisi\u00f3n, Manuel Medina, ha dispuesto a su equipo asesor, organizar conjuntamente con los asamble\u00edstas de Zamora Chinchipe, Isabel Enrr\u00edquez y Diego Esparza que forman parte de la misma, la organizaci\u00f3n de la agenda de trabajo donde se prevea la realizaci\u00f3n de la sesi\u00f3n No. 030, en Zamora, durante la tarde del d\u00eda 15 de septiembre, y un foro ciudadano en Yantzaza durante la ma\u00f1ana del 16 del mismo mes.<\/p>\n\n\n\n<p><strong>Sesi\u00f3n Nro. 030 de Comisi\u00f3n<\/strong><\/p>\n\n\n\n<p>En este sentido, la Legisladora Enrr\u00edquez, ya corri\u00f3 traslado a la comisi\u00f3n de Educaci\u00f3n, que tienen todo listo para la ejecuci\u00f3n de la sesi\u00f3n No. 030, durante el primer d\u00eda, a partir de las 15:00, en el auditorio de la Gobernaci\u00f3n, gracias al apoyo de su titular, Absal\u00f3n Campoverde.<\/p>\n\n\n\n<p>A las 19:00 del mismo d\u00eda, se realizar\u00e1 una Noche Cultural, en las instalaciones de la Casa de la Cultura, N\u00facleo-Zamora, donde se ha obtenido la colaboraci\u00f3n de su presidente, H\u00e1milton Mart\u00ednez en la parte organizativa y, de los alcaldes de Yantzaza, Mart\u00edn Jim\u00e9nez; de Zamora, Manuel Gonz\u00e1lez y de Centinela del C\u00f3ndor, Luis Merino, quienes, con toda su voluntad, han ofrecido aportar con presentaciones art\u00edsticas y culturales.<\/p>\n\n\n\n<p><strong>Foro ciudadano<\/strong><\/p>\n\n\n\n<p>Isabel Enrr\u00edquez, indic\u00f3 que para el s\u00e1bado 16 de octubre se ha organizado el Foro Ciudadano, en el auditorio del municipio de Yantzaza, gracias a la colaboraci\u00f3n del alcalde Mart\u00edn Jim\u00e9nez. Para el efecto invit\u00f3 a los zamoranos chinchipenses a participar de esta actividad legislativa, <strong><em>\u201cya que sus aportes son de suma importancia para los asamble\u00edstas de la Comisi\u00f3n de Educaci\u00f3n y Cultura\u201d.<\/em><\/strong><\/p>\n\n\n\n<p>La Asamble\u00edsta, mencion\u00f3 que se han reunido con el Gobernador de Zamora Chinchipe y con los alcaldes para pedirles su apoyo en la organizaci\u00f3n de los eventos programados a prop\u00f3sito de la visita de la Comisi\u00f3n de Educaci\u00f3n, de la cual forma parte, raz\u00f3n por la cual dijo mostrarse agradecida por la unidad que demuestran las autoridades locales.<\/p>\n\n\n\n<p>Zamora Chinchipe es la segunda provincia que visita la Comisi\u00f3n, antes ya estuvieron en la provincia de El Oro los d\u00edas 16 y 17 de septiembre y se mantuvo un di\u00e1logo directo con m\u00e1s de 800 orenses que aportaron para la Ley Org\u00e1nica de Educaci\u00f3n Superior, Ley de Educaci\u00f3n Intercultural y Ley de Cultura.<\/p>\n","protected":false},"excerpt":{"rendered":"<p>De acuerdo con el cronograma de trabajo en territorio, la Comisi\u00f3n de Educaci\u00f3n, Cultura, Ciencia, Tecnolog\u00eda, Innovaci\u00f3n y Saberes Ancestrales de la Asamblea Nacional visitar\u00e1 la provincia de Zamora Chinchipe, los d\u00edas 15 y 16 de octubre, con la finalidad de recoger aportes para la construcci\u00f3n de las reformas a las leyes priorizadas en la Agenda Legislativa y el Plan de Trabajo 2021-2022. Para el efecto, el presidente de la comisi\u00f3n, Manuel Medina, ha dispuesto a su equipo asesor, organizar conjuntamente con los asamble\u00edstas de Zamora Chinchipe, Isabel Enrr\u00edquez y Diego Esparza que forman parte de la misma, la organizaci\u00f3n de la agenda de trabajo donde se prevea la realizaci\u00f3n de la sesi\u00f3n No. 030, en Zamora, durante la tarde del d\u00eda 15 de septiembre, y un foro ciudadano en Yantzaza durante la ma\u00f1ana del 16 del mismo mes. Sesi\u00f3n Nro. 030 de Comisi\u00f3n En este sentido, la Legisladora Enrr\u00edquez, ya corri\u00f3 traslado a la comisi\u00f3n de Educaci\u00f3n, que tienen todo listo para la ejecuci\u00f3n de la sesi\u00f3n No. 030, durante el primer d\u00eda, a partir de las 15:00, en el auditorio de la Gobernaci\u00f3n, gracias al apoyo de su titular, Absal\u00f3n Campoverde. A las 19:00 del mismo d\u00eda, se realizar\u00e1 una Noche Cultural, en las instalaciones de la Casa de la Cultura, N\u00facleo-Zamora, donde se ha obtenido la colaboraci\u00f3n de su presidente, H\u00e1milton Mart\u00ednez en la parte organizativa y, de los alcaldes de Yantzaza, Mart\u00edn Jim\u00e9nez; de Zamora, Manuel Gonz\u00e1lez y de Centinela del C\u00f3ndor, Luis Merino, quienes, con toda su voluntad, han ofrecido aportar con presentaciones art\u00edsticas y culturales. Foro ciudadano Isabel Enrr\u00edquez, indic\u00f3 que para el s\u00e1bado 16 de octubre se ha organizado el Foro Ciudadano, en el auditorio del municipio de Yantzaza, gracias a la colaboraci\u00f3n del alcalde Mart\u00edn Jim\u00e9nez. Para el efecto invit\u00f3 a los zamoranos chinchipenses a participar de esta actividad legislativa, \u201cya que sus aportes son de suma importancia para los asamble\u00edstas de la Comisi\u00f3n de Educaci\u00f3n y Cultura\u201d. La Asamble\u00edsta, mencion\u00f3 que se han reunido con el Gobernador de Zamora Chinchipe y con los alcaldes para pedirles su apoyo en la organizaci\u00f3n de los eventos programados a prop\u00f3sito de la visita de la Comisi\u00f3n de Educaci\u00f3n, de la cual forma parte, raz\u00f3n por la cual dijo mostrarse agradecida por la unidad que demuestran las autoridades locales. Zamora Chinchipe es la segunda provincia que visita la Comisi\u00f3n, antes ya estuvieron en la provincia de El Oro los d\u00edas 16 y 17 de septiembre y se mantuvo un di\u00e1logo directo con m\u00e1s de 800 orenses que aportaron para la Ley Org\u00e1nica de Educaci\u00f3n Superior, Ley de Educaci\u00f3n Intercultural y Ley de Cultura.<\/p>\n","protected":false},"author":1,"featured_media":1357,"comment_status":"open","ping_status":"open","sticky":false,"template":"","format":"standard","meta":{"footnotes":""},"categories":[243],"tags":[],"class_list":["post-1356","post","type-post","status-publish","format-standard","has-post-thumbnail","hentry","category-noticias-zamora"],"_links":{"self":[{"href":"https:\/\/www.elamazonico.com\/portal\/wp-json\/wp\/v2\/posts\/1356","targetHints":{"allow":["GET"]}}],"collection":[{"href":"https:\/\/www.elamazonico.com\/portal\/wp-json\/wp\/v2\/posts"}],"about":[{"href":"https:\/\/www.elamazonico.com\/portal\/wp-json\/wp\/v2\/types\/post"}],"author":[{"embeddable":true,"href":"https:\/\/www.elamazonico.com\/portal\/wp-json\/wp\/v2\/users\/1"}],"replies":[{"embeddable":true,"href":"https:\/\/www.elamazonico.com\/portal\/wp-json\/wp\/v2\/comments?post=1356"}],"version-history":[{"count":1,"href":"https:\/\/www.elamazonico.com\/portal\/wp-json\/wp\/v2\/posts\/1356\/revisions"}],"predecessor-version":[{"id":1358,"href":"https:\/\/www.elamazonico.com\/portal\/wp-json\/wp\/v2\/posts\/1356\/revisions\/1358"}],"wp:featuredmedia":[{"embeddable":true,"href":"https:\/\/www.elamazonico.com\/portal\/wp-json\/wp\/v2\/media\/1357"}],"wp:attachment":[{"href":"https:\/\/www.elamazonico.com\/portal\/wp-json\/wp\/v2\/media?parent=1356"}],"wp:term":[{"taxonomy":"category","embeddable":true,"href":"https:\/\/www.elamazonico.com\/portal\/wp-json\/wp\/v2\/categories?post=1356"},{"taxonomy":"post_tag","embeddable":true,"href":"https:\/\/www.elamazonico.com\/portal\/wp-json\/wp\/v2\/tags?post=1356"}],"curies":[{"name":"wp","href":"https:\/\/api.w.org\/{rel}","templated":true}]}}