{"id":13453,"date":"2024-01-24T10:09:15","date_gmt":"2024-01-24T15:09:15","guid":{"rendered":"https:\/\/www.elamazonico.comportal\/?p=13453"},"modified":"2024-01-24T10:09:15","modified_gmt":"2024-01-24T15:09:15","slug":"hijo-del-chucho-benitez-estoy-seguro-de-que-a-mi-padre-lo-asesinaron","status":"publish","type":"post","link":"https:\/\/www.elamazonico.com\/portal\/hijo-del-chucho-benitez-estoy-seguro-de-que-a-mi-padre-lo-asesinaron\/","title":{"rendered":"Hijo del &#8216;Chucho&#8217; Ben\u00edtez: \u00abEstoy seguro de que a mi padre lo asesinaron\u00bb"},"content":{"rendered":"<p>Fabiano Ben\u00edtez dio unas fuertes declaraciones sobre la muerte de su padre,\u00a0<strong>Christian Ben\u00edtez<\/strong>, quien fue seleccionado nacional de f\u00fatbol.<\/p>\n<p>En 2013, Ben\u00edtez falleci\u00f3 en\u00a0<strong>Qatar.\u00a0<\/strong>En ese entonces,\u00a0se dijo que se deb\u00eda a un problema cong\u00e9nito.<\/p>\n<p>Sin embargo, once a\u00f1os despu\u00e9s\u00a0<strong>Fabiano<\/strong>\u00a0Ben\u00edtez no est\u00e1 convencido de esa versi\u00f3n.<\/p>\n<p>\u201cCuando mi pap\u00e1 fallece, yo era muy ni\u00f1o. Ten\u00eda 10 a\u00f1os y yo no entend\u00eda nada, solo quer\u00eda a mi pap\u00e1. Yo no sab\u00eda de\u00a0<strong>maldad<\/strong>, ni nada, pero a medida que voy creciendo me voy haciendo preguntas y en internet hay muchas respuestas y ninguna es verdad\u201d, dijo Ben\u00edtez en F\u00fatbol sin Cassette.<\/p>\n<p>Entonces, cont\u00f3, fue revisando algunos documentos y leyendo varios art\u00edculos en la web y sac\u00f3 nuevas\u00a0<strong>conclusiones<\/strong>.<\/p>\n<p>\u201cEl instinto de uno como persona que lo conoci\u00f3, que era sano, que no tomaba, que ayudaba a las personas me llev\u00f3 a hacer consultas. Me pregunto porqu\u00e9 y c\u00f3mo fue\u201d.<\/p>\n<p>Y entonces, solt\u00f3 su bomba. \u201cHe obtenido documentos donde yo no quiero culpar a nadie, pero estoy seguro que a mi pap\u00e1 lo\u00a0<strong>asesinaron<\/strong>\u201d, concluy\u00f3. (D)<\/p>\n<p>Fuente: El Tel\u00e9grafo<\/p>\n","protected":false},"excerpt":{"rendered":"<p>Fabiano Ben\u00edtez dio unas fuertes declaraciones sobre la muerte de su padre,\u00a0Christian Ben\u00edtez, quien fue seleccionado nacional de f\u00fatbol. En 2013, Ben\u00edtez falleci\u00f3 en\u00a0Qatar.\u00a0En ese entonces,\u00a0se dijo que se deb\u00eda a un problema cong\u00e9nito. Sin embargo, once a\u00f1os despu\u00e9s\u00a0Fabiano\u00a0Ben\u00edtez no est\u00e1 convencido de esa versi\u00f3n. \u201cCuando mi pap\u00e1 fallece, yo era muy ni\u00f1o. Ten\u00eda 10 a\u00f1os y yo no entend\u00eda nada, solo quer\u00eda a mi pap\u00e1. Yo no sab\u00eda de\u00a0maldad, ni nada, pero a medida que voy creciendo me voy haciendo preguntas y en internet hay muchas respuestas y ninguna es verdad\u201d, dijo Ben\u00edtez en F\u00fatbol sin Cassette. Entonces, cont\u00f3, fue revisando algunos documentos y leyendo varios art\u00edculos en la web y sac\u00f3 nuevas\u00a0conclusiones. \u201cEl instinto de uno como persona que lo conoci\u00f3, que era sano, que no tomaba, que ayudaba a las personas me llev\u00f3 a hacer consultas. Me pregunto porqu\u00e9 y c\u00f3mo fue\u201d. Y entonces, solt\u00f3 su bomba. \u201cHe obtenido documentos donde yo no quiero culpar a nadie, pero estoy seguro que a mi pap\u00e1 lo\u00a0asesinaron\u201d, concluy\u00f3. (D) Fuente: El Tel\u00e9grafo<\/p>\n","protected":false},"author":1,"featured_media":13457,"comment_status":"open","ping_status":"open","sticky":false,"template":"","format":"standard","meta":{"footnotes":""},"categories":[6],"tags":[],"class_list":["post-13453","post","type-post","status-publish","format-standard","has-post-thumbnail","hentry","category-deportes"],"_links":{"self":[{"href":"https:\/\/www.elamazonico.com\/portal\/wp-json\/wp\/v2\/posts\/13453","targetHints":{"allow":["GET"]}}],"collection":[{"href":"https:\/\/www.elamazonico.com\/portal\/wp-json\/wp\/v2\/posts"}],"about":[{"href":"https:\/\/www.elamazonico.com\/portal\/wp-json\/wp\/v2\/types\/post"}],"author":[{"embeddable":true,"href":"https:\/\/www.elamazonico.com\/portal\/wp-json\/wp\/v2\/users\/1"}],"replies":[{"embeddable":true,"href":"https:\/\/www.elamazonico.com\/portal\/wp-json\/wp\/v2\/comments?post=13453"}],"version-history":[{"count":1,"href":"https:\/\/www.elamazonico.com\/portal\/wp-json\/wp\/v2\/posts\/13453\/revisions"}],"predecessor-version":[{"id":13458,"href":"https:\/\/www.elamazonico.com\/portal\/wp-json\/wp\/v2\/posts\/13453\/revisions\/13458"}],"wp:featuredmedia":[{"embeddable":true,"href":"https:\/\/www.elamazonico.com\/portal\/wp-json\/wp\/v2\/media\/13457"}],"wp:attachment":[{"href":"https:\/\/www.elamazonico.com\/portal\/wp-json\/wp\/v2\/media?parent=13453"}],"wp:term":[{"taxonomy":"category","embeddable":true,"href":"https:\/\/www.elamazonico.com\/portal\/wp-json\/wp\/v2\/categories?post=13453"},{"taxonomy":"post_tag","embeddable":true,"href":"https:\/\/www.elamazonico.com\/portal\/wp-json\/wp\/v2\/tags?post=13453"}],"curies":[{"name":"wp","href":"https:\/\/api.w.org\/{rel}","templated":true}]}}