{"id":13399,"date":"2024-01-22T08:43:40","date_gmt":"2024-01-22T13:43:40","guid":{"rendered":"https:\/\/www.elamazonico.com\/portal\/?p=13399"},"modified":"2024-01-22T08:43:40","modified_gmt":"2024-01-22T13:43:40","slug":"papa-francisco-afirma-que-reza-por-la-paz-en-ecuador","status":"publish","type":"post","link":"https:\/\/www.elamazonico.com\/portal\/papa-francisco-afirma-que-reza-por-la-paz-en-ecuador\/","title":{"rendered":"Papa Francisco afirma que reza por la paz en Ecuador"},"content":{"rendered":"<p class=\"tmzr-el\">El papa Francisco salud\u00f3 hoy (21 enero 2024) a un grupo de peregrinos llegados desde Ecuador y asegur\u00f3 que reza por la paz en el pa\u00eds, durante los saludos tras la oraci\u00f3n del \u00e1ngelus en la plaza de San Pedro.<\/p>\n<p class=\"tmzr-el\">\u201cSaludo a los peregrinos llegados desde Ecuador y aseguro mi oraci\u00f3n por la paz en su pa\u00eds\u201d, dijo el papa asomado a la ventana del palacio apost\u00f3lico para el rezo del \u00e1ngelus.<\/p>\n<p class=\"tmzr-el\">Ecuador vive en estos d\u00edas un \u201cconflicto armado interno\u201d contra el crimen organizado y se ha proclamado el estado de excepci\u00f3n en el pa\u00eds.<\/p>\n<p class=\"tmzr-el aBigClassNameToAvoidCollisionInText aBigClassNameToAvoidCollisionInText\">El \u201cconflicto armado interno\u201d fue declarado por el presidente de Ecuador, Daniel Noboa, el 9 de enero debido a una oleada de actos violentos atribuidos al crimen organizado, que incluyeron el secuestro y asesinato de polic\u00edas, alertas de explosiones, veh\u00edculos incendiados y motines simult\u00e1neos en c\u00e1rceles con toma de rehenes. EFE<\/p>\n","protected":false},"excerpt":{"rendered":"<p>El papa Francisco salud\u00f3 hoy (21 enero 2024) a un grupo de peregrinos llegados desde Ecuador y asegur\u00f3 que reza por la paz en el pa\u00eds, durante los saludos tras la oraci\u00f3n del \u00e1ngelus en la plaza de San Pedro. \u201cSaludo a los peregrinos llegados desde Ecuador y aseguro mi oraci\u00f3n por la paz en su pa\u00eds\u201d, dijo el papa asomado a la ventana del palacio apost\u00f3lico para el rezo del \u00e1ngelus. Ecuador vive en estos d\u00edas un \u201cconflicto armado interno\u201d contra el crimen organizado y se ha proclamado el estado de excepci\u00f3n en el pa\u00eds. El \u201cconflicto armado interno\u201d fue declarado por el presidente de Ecuador, Daniel Noboa, el 9 de enero debido a una oleada de actos violentos atribuidos al crimen organizado, que incluyeron el secuestro y asesinato de polic\u00edas, alertas de explosiones, veh\u00edculos incendiados y motines simult\u00e1neos en c\u00e1rceles con toma de rehenes. EFE<\/p>\n","protected":false},"author":1,"featured_media":13400,"comment_status":"open","ping_status":"open","sticky":false,"template":"","format":"standard","meta":{"footnotes":""},"categories":[5],"tags":[],"class_list":["post-13399","post","type-post","status-publish","format-standard","has-post-thumbnail","hentry","category-internacionales"],"_links":{"self":[{"href":"https:\/\/www.elamazonico.com\/portal\/wp-json\/wp\/v2\/posts\/13399","targetHints":{"allow":["GET"]}}],"collection":[{"href":"https:\/\/www.elamazonico.com\/portal\/wp-json\/wp\/v2\/posts"}],"about":[{"href":"https:\/\/www.elamazonico.com\/portal\/wp-json\/wp\/v2\/types\/post"}],"author":[{"embeddable":true,"href":"https:\/\/www.elamazonico.com\/portal\/wp-json\/wp\/v2\/users\/1"}],"replies":[{"embeddable":true,"href":"https:\/\/www.elamazonico.com\/portal\/wp-json\/wp\/v2\/comments?post=13399"}],"version-history":[{"count":1,"href":"https:\/\/www.elamazonico.com\/portal\/wp-json\/wp\/v2\/posts\/13399\/revisions"}],"predecessor-version":[{"id":13401,"href":"https:\/\/www.elamazonico.com\/portal\/wp-json\/wp\/v2\/posts\/13399\/revisions\/13401"}],"wp:featuredmedia":[{"embeddable":true,"href":"https:\/\/www.elamazonico.com\/portal\/wp-json\/wp\/v2\/media\/13400"}],"wp:attachment":[{"href":"https:\/\/www.elamazonico.com\/portal\/wp-json\/wp\/v2\/media?parent=13399"}],"wp:term":[{"taxonomy":"category","embeddable":true,"href":"https:\/\/www.elamazonico.com\/portal\/wp-json\/wp\/v2\/categories?post=13399"},{"taxonomy":"post_tag","embeddable":true,"href":"https:\/\/www.elamazonico.com\/portal\/wp-json\/wp\/v2\/tags?post=13399"}],"curies":[{"name":"wp","href":"https:\/\/api.w.org\/{rel}","templated":true}]}}