{"id":13355,"date":"2024-01-19T09:40:22","date_gmt":"2024-01-19T14:40:22","guid":{"rendered":"https:\/\/www.elamazonico.com\/portal\/?p=13355"},"modified":"2024-01-19T09:40:22","modified_gmt":"2024-01-19T14:40:22","slug":"el-odio-y-la-maldad","status":"publish","type":"post","link":"https:\/\/www.elamazonico.com\/portal\/el-odio-y-la-maldad\/","title":{"rendered":"El odio y la maldad"},"content":{"rendered":"<p><a href=\"https:\/\/www.eltelegrafo.com.ec\/contenido\/autor\/15\/duglas-rangel\" rel=\"author\"><strong>Duglas Rangel<\/strong><\/a><\/p>\n<p>\u00abEl odio es el m\u00e1s accesible y completo de todos los agentes unificadores&#8230;Los movimientos de masas pueden surgir y extenderse sin la creencia de un Dios, pero nunca sin la creencia en un diablo\u00bb. (Eric Hoffer).<\/p>\n<p>Dur\u00e1n es la ciudad m\u00e1s violenta del Ecuador y Guayaquil es la ciudad m\u00e1s violenta de Am\u00e9rica Latina. \u00bfEs violencia delictiva lo que estamos viviendo y sufriendo o es el odio entre bandas de delincuentes que nos ha llevado a este nivel de muertes violentas grande y dolorosa?\u00a0Sostengo que estos delincuentes se est\u00e1n matando por odio.<\/p>\n<p>Hay razones econ\u00f3micas en esta violencia pero tambi\u00e9n odio. Inter\u00e9s econ\u00f3mico y odio son dos caras de la misma moneda. En todos estos actos de maldad est\u00e1 el odio. El odio une, prepara, act\u00faa para vivir la violencia contra el otro. El odio no tiene contrarios. El odio no es contrario del amor. No es contrario a la paz. Es crueldad, intolerancia, es destrucci\u00f3n, es caer a balas a un contrario que no me ha hecho nada personal sino que es un enemigo.<\/p>\n<p>El odio es la conciencia del mal. El odio es el odio al rico, al que piensa diferente, al que tiene lo que yo quiero. El odio saca del anonimato a tanto marginado que se prioriza ser alguien y dejar de ser marginado. Cualquiera puede odiar y tambi\u00e9n ser objeto e instrumento del odio.<\/p>\n<p>La maldad ha crecido en el pa\u00eds. Los que salen a matar, a robar, a vacunar, extorsionar, los sicarios son la maldad misma. No representan la vida: son la muerte suelta, transitando fr\u00eda y poderosa en las calzadas calientes de las calles. Estamos en guerra: las fuerzas del odio contra los ciudadanos y nuestras ganas y amor de vivir. <strong>Fuente: El Tel\u00e9grafo<\/strong><\/p>\n","protected":false},"excerpt":{"rendered":"<p>Duglas Rangel \u00abEl odio es el m\u00e1s accesible y completo de todos los agentes unificadores&#8230;Los movimientos de masas pueden surgir y extenderse sin la creencia de un Dios, pero nunca sin la creencia en un diablo\u00bb. (Eric Hoffer). Dur\u00e1n es la ciudad m\u00e1s violenta del Ecuador y Guayaquil es la ciudad m\u00e1s violenta de Am\u00e9rica Latina. \u00bfEs violencia delictiva lo que estamos viviendo y sufriendo o es el odio entre bandas de delincuentes que nos ha llevado a este nivel de muertes violentas grande y dolorosa?\u00a0Sostengo que estos delincuentes se est\u00e1n matando por odio. Hay razones econ\u00f3micas en esta violencia pero tambi\u00e9n odio. Inter\u00e9s econ\u00f3mico y odio son dos caras de la misma moneda. En todos estos actos de maldad est\u00e1 el odio. El odio une, prepara, act\u00faa para vivir la violencia contra el otro. El odio no tiene contrarios. El odio no es contrario del amor. No es contrario a la paz. Es crueldad, intolerancia, es destrucci\u00f3n, es caer a balas a un contrario que no me ha hecho nada personal sino que es un enemigo. El odio es la conciencia del mal. El odio es el odio al rico, al que piensa diferente, al que tiene lo que yo quiero. El odio saca del anonimato a tanto marginado que se prioriza ser alguien y dejar de ser marginado. Cualquiera puede odiar y tambi\u00e9n ser objeto e instrumento del odio. La maldad ha crecido en el pa\u00eds. Los que salen a matar, a robar, a vacunar, extorsionar, los sicarios son la maldad misma. No representan la vida: son la muerte suelta, transitando fr\u00eda y poderosa en las calzadas calientes de las calles. Estamos en guerra: las fuerzas del odio contra los ciudadanos y nuestras ganas y amor de vivir. Fuente: El Tel\u00e9grafo<\/p>\n","protected":false},"author":1,"featured_media":13357,"comment_status":"open","ping_status":"open","sticky":false,"template":"","format":"standard","meta":{"footnotes":""},"categories":[7],"tags":[],"class_list":["post-13355","post","type-post","status-publish","format-standard","has-post-thumbnail","hentry","category-opinion"],"_links":{"self":[{"href":"https:\/\/www.elamazonico.com\/portal\/wp-json\/wp\/v2\/posts\/13355","targetHints":{"allow":["GET"]}}],"collection":[{"href":"https:\/\/www.elamazonico.com\/portal\/wp-json\/wp\/v2\/posts"}],"about":[{"href":"https:\/\/www.elamazonico.com\/portal\/wp-json\/wp\/v2\/types\/post"}],"author":[{"embeddable":true,"href":"https:\/\/www.elamazonico.com\/portal\/wp-json\/wp\/v2\/users\/1"}],"replies":[{"embeddable":true,"href":"https:\/\/www.elamazonico.com\/portal\/wp-json\/wp\/v2\/comments?post=13355"}],"version-history":[{"count":1,"href":"https:\/\/www.elamazonico.com\/portal\/wp-json\/wp\/v2\/posts\/13355\/revisions"}],"predecessor-version":[{"id":13358,"href":"https:\/\/www.elamazonico.com\/portal\/wp-json\/wp\/v2\/posts\/13355\/revisions\/13358"}],"wp:featuredmedia":[{"embeddable":true,"href":"https:\/\/www.elamazonico.com\/portal\/wp-json\/wp\/v2\/media\/13357"}],"wp:attachment":[{"href":"https:\/\/www.elamazonico.com\/portal\/wp-json\/wp\/v2\/media?parent=13355"}],"wp:term":[{"taxonomy":"category","embeddable":true,"href":"https:\/\/www.elamazonico.com\/portal\/wp-json\/wp\/v2\/categories?post=13355"},{"taxonomy":"post_tag","embeddable":true,"href":"https:\/\/www.elamazonico.com\/portal\/wp-json\/wp\/v2\/tags?post=13355"}],"curies":[{"name":"wp","href":"https:\/\/api.w.org\/{rel}","templated":true}]}}