{"id":13349,"date":"2024-01-19T09:25:02","date_gmt":"2024-01-19T14:25:02","guid":{"rendered":"https:\/\/www.elamazonico.com\/portal\/?p=13349"},"modified":"2024-01-19T09:25:02","modified_gmt":"2024-01-19T14:25:02","slug":"jose-quintero-la-copa-libertadores-es-la-ilusion-de-todos","status":"publish","type":"post","link":"https:\/\/www.elamazonico.com\/portal\/jose-quintero-la-copa-libertadores-es-la-ilusion-de-todos\/","title":{"rendered":"Jos\u00e9 Quintero: \u00abLa Copa Libertadores es la ilusi\u00f3n de todos\u00bb"},"content":{"rendered":"<p>Jos\u00e9 Quintero fue uno de los m\u00e1ximos responsables del exitoso 2023 de Liga de Quito. El lateral derecho tuvo el mejor a\u00f1o de su carrera y lo cerr\u00f3 con dos t\u00edtulos: Sudamericana y LigaPro.<\/p>\n<p>\u00abSin duda, 2023 fue un a\u00f1o magn\u00edfico y queda marcado en mi vida\u00bb, asegur\u00f3 el futbolista en una entrevista con ESPN y agreg\u00f3 que la ayuda psicol\u00f3gica fue determinante para su crecimiento.<\/p>\n<p>\u00abTenemos un departamento de psicolog\u00eda, que no solo nos ayuda en cosas dentro de la cancha, sino tambi\u00e9n en lo que pasa fuera. Todos pasamos por problemas, pero uno aprende y escucha. Eso me ayud\u00f3 bastante\u00bb.<\/p>\n<p>\u00abNo todo lo que brilla es oro y la verdad que pas\u00e9 momentos muy dif\u00edciles, como todo jugador. Pero hay que seguir trabajando y eso te dar\u00e1 frutos\u00bb Jos\u00e9 Quintero, futbolista de Liga de Quito<\/p>\n<p>Adem\u00e1s, Quintero confes\u00f3 que, gracias a la confianza brindada por el entrenador Luis Zubeld\u00eda, corrigi\u00f3 sus errores con el transcurso de la temporada.<\/p>\n<p>Por otra parte, el lateral de 33 a\u00f1os se refiri\u00f3 a la metodolog\u00eda de trabajo de su nuevo DT, el espa\u00f1ol Josep Alc\u00e1cer, quien ya lleva dos semanas en el cargo.<\/p>\n<p>\u00abYa vamos nueve sesiones de entrenamientos y \u00e9l nos va dando su idea. Es un t\u00e9cnico al que le gusta que sus jugadores sean din\u00e1micos. Estamos en ese aprendizaje y esperamos acoplarnos lo m\u00e1s pronto posible por lo que se viene\u00bb.<\/p>\n<p>Liga de Quito tendr\u00e1 cinco partidos amistosos como parte de su pretemporada. Despu\u00e9s de eso, el equipo se enfocar\u00e1 en el arranque de la LigaPro y la final de la Recopa, ante Fluminense. <strong>Fuente: Primicias<\/strong><\/p>\n","protected":false},"excerpt":{"rendered":"<p>Jos\u00e9 Quintero fue uno de los m\u00e1ximos responsables del exitoso 2023 de Liga de Quito. El lateral derecho tuvo el mejor a\u00f1o de su carrera y lo cerr\u00f3 con dos t\u00edtulos: Sudamericana y LigaPro. \u00abSin duda, 2023 fue un a\u00f1o magn\u00edfico y queda marcado en mi vida\u00bb, asegur\u00f3 el futbolista en una entrevista con ESPN y agreg\u00f3 que la ayuda psicol\u00f3gica fue determinante para su crecimiento. \u00abTenemos un departamento de psicolog\u00eda, que no solo nos ayuda en cosas dentro de la cancha, sino tambi\u00e9n en lo que pasa fuera. Todos pasamos por problemas, pero uno aprende y escucha. Eso me ayud\u00f3 bastante\u00bb. \u00abNo todo lo que brilla es oro y la verdad que pas\u00e9 momentos muy dif\u00edciles, como todo jugador. Pero hay que seguir trabajando y eso te dar\u00e1 frutos\u00bb Jos\u00e9 Quintero, futbolista de Liga de Quito Adem\u00e1s, Quintero confes\u00f3 que, gracias a la confianza brindada por el entrenador Luis Zubeld\u00eda, corrigi\u00f3 sus errores con el transcurso de la temporada. Por otra parte, el lateral de 33 a\u00f1os se refiri\u00f3 a la metodolog\u00eda de trabajo de su nuevo DT, el espa\u00f1ol Josep Alc\u00e1cer, quien ya lleva dos semanas en el cargo. \u00abYa vamos nueve sesiones de entrenamientos y \u00e9l nos va dando su idea. Es un t\u00e9cnico al que le gusta que sus jugadores sean din\u00e1micos. Estamos en ese aprendizaje y esperamos acoplarnos lo m\u00e1s pronto posible por lo que se viene\u00bb. Liga de Quito tendr\u00e1 cinco partidos amistosos como parte de su pretemporada. Despu\u00e9s de eso, el equipo se enfocar\u00e1 en el arranque de la LigaPro y la final de la Recopa, ante Fluminense. Fuente: Primicias<\/p>\n","protected":false},"author":1,"featured_media":13350,"comment_status":"open","ping_status":"open","sticky":false,"template":"","format":"standard","meta":{"footnotes":""},"categories":[6],"tags":[],"class_list":["post-13349","post","type-post","status-publish","format-standard","has-post-thumbnail","hentry","category-deportes"],"_links":{"self":[{"href":"https:\/\/www.elamazonico.com\/portal\/wp-json\/wp\/v2\/posts\/13349","targetHints":{"allow":["GET"]}}],"collection":[{"href":"https:\/\/www.elamazonico.com\/portal\/wp-json\/wp\/v2\/posts"}],"about":[{"href":"https:\/\/www.elamazonico.com\/portal\/wp-json\/wp\/v2\/types\/post"}],"author":[{"embeddable":true,"href":"https:\/\/www.elamazonico.com\/portal\/wp-json\/wp\/v2\/users\/1"}],"replies":[{"embeddable":true,"href":"https:\/\/www.elamazonico.com\/portal\/wp-json\/wp\/v2\/comments?post=13349"}],"version-history":[{"count":1,"href":"https:\/\/www.elamazonico.com\/portal\/wp-json\/wp\/v2\/posts\/13349\/revisions"}],"predecessor-version":[{"id":13351,"href":"https:\/\/www.elamazonico.com\/portal\/wp-json\/wp\/v2\/posts\/13349\/revisions\/13351"}],"wp:featuredmedia":[{"embeddable":true,"href":"https:\/\/www.elamazonico.com\/portal\/wp-json\/wp\/v2\/media\/13350"}],"wp:attachment":[{"href":"https:\/\/www.elamazonico.com\/portal\/wp-json\/wp\/v2\/media?parent=13349"}],"wp:term":[{"taxonomy":"category","embeddable":true,"href":"https:\/\/www.elamazonico.com\/portal\/wp-json\/wp\/v2\/categories?post=13349"},{"taxonomy":"post_tag","embeddable":true,"href":"https:\/\/www.elamazonico.com\/portal\/wp-json\/wp\/v2\/tags?post=13349"}],"curies":[{"name":"wp","href":"https:\/\/api.w.org\/{rel}","templated":true}]}}