{"id":13293,"date":"2024-01-17T15:46:07","date_gmt":"2024-01-17T20:46:07","guid":{"rendered":"https:\/\/www.elamazonico.com\/portal\/?p=13293"},"modified":"2024-01-17T15:46:07","modified_gmt":"2024-01-17T20:46:07","slug":"no-perdamos-la-esperanza-ecuador-se-recuperara","status":"publish","type":"post","link":"https:\/\/www.elamazonico.com\/portal\/no-perdamos-la-esperanza-ecuador-se-recuperara\/","title":{"rendered":"No perdamos la esperanza, Ecuador se recuperar\u00e1"},"content":{"rendered":"<p><strong>Por: Cristhian Sarango Jaramillo<\/strong><\/p>\n<p>En medio de los desaf\u00edos que enfrenta nuestro querido Ecuador, es f\u00e1cil caer en la desesperaci\u00f3n y el pesimismo. Sin embargo, es precisamente en estos momentos cuando debemos recordar la resiliencia y la fortaleza que caracterizan a nuestra naci\u00f3n.<\/p>\n<p>Ecuador es un pa\u00eds de una rica diversidad cultural y natural, con una historia de superaci\u00f3n de adversidades. Hemos enfrentado desaf\u00edos antes y hemos emergido m\u00e1s fuertes y unidos. La esperanza no es solo un sentimiento, sino una elecci\u00f3n consciente que hacemos cada d\u00eda para creer en un futuro mejor.<\/p>\n<p>La recuperaci\u00f3n no ser\u00e1 f\u00e1cil ni r\u00e1pida. Requerir\u00e1 sacrificios, paciencia y un compromiso inquebrantable con nuestros valores y objetivos compartidos. Pero si hay algo que la historia de Ecuador nos ha ense\u00f1ado, es que somos capaces de grandes cosas cuando trabajamos juntos con un prop\u00f3sito com\u00fan.<\/p>\n<p>As\u00ed que no perdamos la esperanza. Sigamos luchando, trabajando y creyendo en nosotros mismos y en nuestro pa\u00eds. Recordemos que la esperanza es el faro que nos gu\u00eda a trav\u00e9s de la oscuridad hacia un futuro m\u00e1s brillante.<\/p>\n<p>Ecuador se recuperar\u00e1. Y cuando lo haga, ser\u00e1 gracias a la determinaci\u00f3n, la resiliencia y la esperanza de su gente. Mantengamos viva esa esperanza, hoy y siempre. Porque juntos, somos Ecuador. Y juntos, podemos y vamos a superar cualquier desaf\u00edo que se nos presente. \u00a1Vamos Ecuador!<\/p>\n","protected":false},"excerpt":{"rendered":"<p>Por: Cristhian Sarango Jaramillo En medio de los desaf\u00edos que enfrenta nuestro querido Ecuador, es f\u00e1cil caer en la desesperaci\u00f3n y el pesimismo. Sin embargo, es precisamente en estos momentos cuando debemos recordar la resiliencia y la fortaleza que caracterizan a nuestra naci\u00f3n. Ecuador es un pa\u00eds de una rica diversidad cultural y natural, con una historia de superaci\u00f3n de adversidades. Hemos enfrentado desaf\u00edos antes y hemos emergido m\u00e1s fuertes y unidos. La esperanza no es solo un sentimiento, sino una elecci\u00f3n consciente que hacemos cada d\u00eda para creer en un futuro mejor. La recuperaci\u00f3n no ser\u00e1 f\u00e1cil ni r\u00e1pida. Requerir\u00e1 sacrificios, paciencia y un compromiso inquebrantable con nuestros valores y objetivos compartidos. Pero si hay algo que la historia de Ecuador nos ha ense\u00f1ado, es que somos capaces de grandes cosas cuando trabajamos juntos con un prop\u00f3sito com\u00fan. As\u00ed que no perdamos la esperanza. Sigamos luchando, trabajando y creyendo en nosotros mismos y en nuestro pa\u00eds. Recordemos que la esperanza es el faro que nos gu\u00eda a trav\u00e9s de la oscuridad hacia un futuro m\u00e1s brillante. Ecuador se recuperar\u00e1. Y cuando lo haga, ser\u00e1 gracias a la determinaci\u00f3n, la resiliencia y la esperanza de su gente. Mantengamos viva esa esperanza, hoy y siempre. Porque juntos, somos Ecuador. Y juntos, podemos y vamos a superar cualquier desaf\u00edo que se nos presente. \u00a1Vamos Ecuador!<\/p>\n","protected":false},"author":1,"featured_media":13294,"comment_status":"open","ping_status":"open","sticky":false,"template":"","format":"standard","meta":{"footnotes":""},"categories":[7],"tags":[],"class_list":["post-13293","post","type-post","status-publish","format-standard","has-post-thumbnail","hentry","category-opinion"],"_links":{"self":[{"href":"https:\/\/www.elamazonico.com\/portal\/wp-json\/wp\/v2\/posts\/13293","targetHints":{"allow":["GET"]}}],"collection":[{"href":"https:\/\/www.elamazonico.com\/portal\/wp-json\/wp\/v2\/posts"}],"about":[{"href":"https:\/\/www.elamazonico.com\/portal\/wp-json\/wp\/v2\/types\/post"}],"author":[{"embeddable":true,"href":"https:\/\/www.elamazonico.com\/portal\/wp-json\/wp\/v2\/users\/1"}],"replies":[{"embeddable":true,"href":"https:\/\/www.elamazonico.com\/portal\/wp-json\/wp\/v2\/comments?post=13293"}],"version-history":[{"count":1,"href":"https:\/\/www.elamazonico.com\/portal\/wp-json\/wp\/v2\/posts\/13293\/revisions"}],"predecessor-version":[{"id":13295,"href":"https:\/\/www.elamazonico.com\/portal\/wp-json\/wp\/v2\/posts\/13293\/revisions\/13295"}],"wp:featuredmedia":[{"embeddable":true,"href":"https:\/\/www.elamazonico.com\/portal\/wp-json\/wp\/v2\/media\/13294"}],"wp:attachment":[{"href":"https:\/\/www.elamazonico.com\/portal\/wp-json\/wp\/v2\/media?parent=13293"}],"wp:term":[{"taxonomy":"category","embeddable":true,"href":"https:\/\/www.elamazonico.com\/portal\/wp-json\/wp\/v2\/categories?post=13293"},{"taxonomy":"post_tag","embeddable":true,"href":"https:\/\/www.elamazonico.com\/portal\/wp-json\/wp\/v2\/tags?post=13293"}],"curies":[{"name":"wp","href":"https:\/\/api.w.org\/{rel}","templated":true}]}}