{"id":1319,"date":"2021-10-11T05:22:00","date_gmt":"2021-10-11T10:22:00","guid":{"rendered":"https:\/\/www.elamazonico.com\/portal\/?p=1319"},"modified":"2021-10-10T19:22:52","modified_gmt":"2021-10-11T00:22:52","slug":"feria-del-platano-y-la-guayusa-tuvo-gran-acogida","status":"publish","type":"post","link":"https:\/\/www.elamazonico.com\/portal\/feria-del-platano-y-la-guayusa-tuvo-gran-acogida\/","title":{"rendered":"Feria del pl\u00e1tano y la guayusa tuvo gran acogida"},"content":{"rendered":"\n<p>Con danzas, m\u00fasica en vivo y exposici\u00f3n de productos se realiz\u00f3 en la parroquia El Guismi, del cant\u00f3n El Pangui la \u2018Feria del Pl\u00e1tano y la Guayusa\u2019, actividad enmarcada en el evento de Primer Festival de Reactivaci\u00f3n Tur\u00edstica y Producci\u00f3n de Productos Ancestrales 2021 que impulsa el Gobierno Municipal.<\/p>\n\n\n\n<p>Esta actividad cont\u00f3 con la participaci\u00f3n de productores de la zona quienes acudieron a la cancha cubierta de la parroquia, para exponer sus productos en los diferentes espacios para deleite de locales y visitantes. En esta edici\u00f3n la feria la promovieron el Municipio y el Gobierno Parroquial de El Guismi.&nbsp;<\/p>\n\n\n\n<p>Para el alcalde, Carlos Pun\u00edn, estas iniciativas son de suma importancia pues permiten reencontrarse y dar impulso a la reactivaci\u00f3n econ\u00f3mica en territorio \u201clo hemos hecho con mucho amor y aprecio, estas ferias son para beneficio de todas las parroquias del cant\u00f3n\u201d dijo la autoridad, adem\u00e1s se comprometi\u00f3 en continuar apoyando a quienes viven del agro.\u00a0<\/p>\n\n\n\n<p><\/p>\n\n\n\n<p>Rolando Segovia, presidente de la Comisi\u00f3n de Turismo de la municipalidad enfatiz\u00f3 la importancia de poner la mirada al campo y apoyar a los emprendedores, dej\u00f3 tambi\u00e9n sentado su agradecimiento a los presidentes de los gobiernos parroquiales por acoger esta iniciativa que naci\u00f3 desde el Gobierno Municipal.<\/p>\n\n\n\n<p>Finalmente sostuvo que el objetivo es fortalecer el turismo, valorar al productor, la cultural y los atractivos tur\u00edsticos de la zona.<\/p>\n\n\n\n<p>En el marco de esta actividad Manuel Quituisaca, presidente del Gobierno Parroquial de El Guismi, explic\u00f3 que el apoyo al agro ha sido fundamental en su administraci\u00f3n, asimismo hizo \u00e9nfasis por la acogida que dio la ciudadan\u00eda a esta feria.<\/p>\n\n\n\n<p>GANADORES DE LOS PREMIOS<\/p>\n\n\n\n<p>Racimo de pl\u00e1tano m\u00e1s pesado<\/p>\n\n\n\n<ol class=\"wp-block-list\" type=\"1\"><li>Mar\u00eda Rosa Japa (71 libras)<\/li><li>Sergio Alejandro Pesantes (67 libras)<\/li><\/ol>\n\n\n\n<p>Racimo de pl\u00e1tano m\u00e1s largo&nbsp;<\/p>\n\n\n\n<ol class=\"wp-block-list\" type=\"1\"><li>Mar\u00eda Rosa Japa (80 cm)<\/li><li>Hip\u00f3lito Rodolfo Sharup (75 cm)<\/li><\/ol>\n\n\n\n<p>Racimo de pl\u00e1tano con m\u00e1s deditos<\/p>\n\n\n\n<ol class=\"wp-block-list\" type=\"1\"><li>Mar\u00eda Rosa Japa&nbsp; (132)<\/li><li>Rosa Alicia Maza&nbsp; (126)<\/li><\/ol>\n\n\n\n<p>Productores con mayor \u00e1rea se pl\u00e1tano sembrado<\/p>\n\n\n\n<ol class=\"wp-block-list\" type=\"1\"><li>Cirilo Guart\u00e1n<\/li><li>Maclovia Carre\u00f1o<\/li><\/ol>\n\n\n\n<p>Mejora plantaci\u00f3n de pl\u00e1tano puro<\/p>\n\n\n\n<ol class=\"wp-block-list\" type=\"1\"><li>Luis Lojano<\/li><li>Laura Huisum<\/li><\/ol>\n\n\n\n<p>GASTRONOM\u00cdA<\/p>\n\n\n\n<p>Molido de pl\u00e1tano mejor presentado y mejor sabor<\/p>\n\n\n\n<ol class=\"wp-block-list\" type=\"1\"><li>Edgar Gaona<\/li><li>Enma Guerrero<\/li><\/ol>\n\n\n\n<p>Tigrillo mejor presentado y mejor sabor<\/p>\n\n\n\n<ol class=\"wp-block-list\" type=\"1\"><li>Enma Guerrero<\/li><li>Edgar Gaona<\/li><\/ol>\n\n\n\n<p>Patac\u00f3n m\u00e1s grande y sabroso<\/p>\n\n\n\n<ol class=\"wp-block-list\" type=\"1\"><li>Parador Tur\u00edstico B\u00fameran<\/li><li>Enma Guerrero<\/li><\/ol>\n\n\n\n<p>Bol\u00f3n mejor presentado y mejor sabor<\/p>\n\n\n\n<ol class=\"wp-block-list\" type=\"1\"><li>Parador Tur\u00edstico B\u00fameran<\/li><li>Edgar Gaona<\/li><\/ol>\n\n\n\n<p>Porci\u00f3n de chifle m\u00e1s crocante<\/p>\n\n\n\n<ol class=\"wp-block-list\" type=\"1\"><li>Cecilia Chocho<\/li><li>Enma Guerrero<\/li><\/ol>\n\n\n\n<p>Bollo de pl\u00e1tano con pollo m\u00e1s rico<\/p>\n\n\n\n<ol class=\"wp-block-list\" type=\"1\"><li>Cecilia Chocho<\/li><li>Enma Guerrero<\/li><\/ol>\n\n\n\n<p>Sopa de verde m\u00e1s rica<\/p>\n\n\n\n<ol class=\"wp-block-list\" type=\"1\"><li>Rosa Zhizhp\u00f3n<\/li><li>Enma Guerrero<\/li><\/ol>\n\n\n\n<p>Colada de verde m\u00e1s exquisita<\/p>\n\n\n\n<ol class=\"wp-block-list\" type=\"1\"><li>Blanca Tupiki\u00e1<\/li><li>Edgar Gaona<\/li><\/ol>\n\n\n\n<p>Plato m\u00e1s creativo a base de pl\u00e1tano<\/p>\n\n\n\n<ol class=\"wp-block-list\" type=\"1\"><li>Parador Tur\u00edstico B\u00fameran<\/li><li>Nelly Chingo<\/li><\/ol>\n\n\n\n<p>Chicha de maduro con pl\u00e1tano<\/p>\n\n\n\n<ol class=\"wp-block-list\" type=\"1\"><li>Enma Guerrero<\/li><\/ol>\n\n\n\n<p>Empanadas de verde m\u00e1s sabrosa<\/p>\n\n\n\n<ol class=\"wp-block-list\" type=\"1\"><li>Cecilia Chocho<\/li><li>Gina Chamba<\/li><\/ol>\n\n\n\n<p>Sango de pl\u00e1tano con pescado<\/p>\n\n\n\n<ol class=\"wp-block-list\" type=\"1\"><li>Cecilia Chocho<\/li><li>Enma Guerrero<\/li><\/ol>\n\n\n\n<p>JUEGOS TRADICIONALES Y RECREATIVOS<\/p>\n\n\n\n<p>Carrera de pl\u00e1tano<\/p>\n\n\n\n<ol class=\"wp-block-list\" type=\"1\"><li>David Ram\u00f3n<\/li><li>Jos\u00e9 Pandi<\/li><\/ol>\n\n\n\n<p>Ganadores de la pela el pl\u00e1tano m\u00e1s r\u00e1pido<\/p>\n\n\n\n<ol class=\"wp-block-list\" type=\"1\"><li>Jhonana C\u00f3ndor<\/li><li>Jos\u00e9 Tendeza<\/li><\/ol>\n\n\n\n<p>Como el pl\u00e1tano m\u00e1s r\u00e1pido<\/p>\n\n\n\n<ol class=\"wp-block-list\" type=\"1\"><li>David Ram\u00f3n<\/li><li>Hip\u00f3lito Sharup&nbsp;<\/li><\/ol>\n","protected":false},"excerpt":{"rendered":"<p>Con danzas, m\u00fasica en vivo y exposici\u00f3n de productos se realiz\u00f3 en la parroquia El Guismi, del cant\u00f3n El Pangui la \u2018Feria del Pl\u00e1tano y la Guayusa\u2019, actividad enmarcada en el evento de Primer Festival de Reactivaci\u00f3n Tur\u00edstica y Producci\u00f3n de Productos Ancestrales 2021 que impulsa el Gobierno Municipal. Esta actividad cont\u00f3 con la participaci\u00f3n de productores de la zona quienes acudieron a la cancha cubierta de la parroquia, para exponer sus productos en los diferentes espacios para deleite de locales y visitantes. En esta edici\u00f3n la feria la promovieron el Municipio y el Gobierno Parroquial de El Guismi.&nbsp; Para el alcalde, Carlos Pun\u00edn, estas iniciativas son de suma importancia pues permiten reencontrarse y dar impulso a la reactivaci\u00f3n econ\u00f3mica en territorio \u201clo hemos hecho con mucho amor y aprecio, estas ferias son para beneficio de todas las parroquias del cant\u00f3n\u201d dijo la autoridad, adem\u00e1s se comprometi\u00f3 en continuar apoyando a quienes viven del agro.\u00a0 Rolando Segovia, presidente de la Comisi\u00f3n de Turismo de la municipalidad enfatiz\u00f3 la importancia de poner la mirada al campo y apoyar a los emprendedores, dej\u00f3 tambi\u00e9n sentado su agradecimiento a los presidentes de los gobiernos parroquiales por acoger esta iniciativa que naci\u00f3 desde el Gobierno Municipal. Finalmente sostuvo que el objetivo es fortalecer el turismo, valorar al productor, la cultural y los atractivos tur\u00edsticos de la zona. En el marco de esta actividad Manuel Quituisaca, presidente del Gobierno Parroquial de El Guismi, explic\u00f3 que el apoyo al agro ha sido fundamental en su administraci\u00f3n, asimismo hizo \u00e9nfasis por la acogida que dio la ciudadan\u00eda a esta feria. GANADORES DE LOS PREMIOS Racimo de pl\u00e1tano m\u00e1s pesado Mar\u00eda Rosa Japa (71 libras) Sergio Alejandro Pesantes (67 libras) Racimo de pl\u00e1tano m\u00e1s largo&nbsp; Mar\u00eda Rosa Japa (80 cm) Hip\u00f3lito Rodolfo Sharup (75 cm) Racimo de pl\u00e1tano con m\u00e1s deditos Mar\u00eda Rosa Japa&nbsp; (132) Rosa Alicia Maza&nbsp; (126) Productores con mayor \u00e1rea se pl\u00e1tano sembrado Cirilo Guart\u00e1n Maclovia Carre\u00f1o Mejora plantaci\u00f3n de pl\u00e1tano puro Luis Lojano Laura Huisum GASTRONOM\u00cdA Molido de pl\u00e1tano mejor presentado y mejor sabor Edgar Gaona Enma Guerrero Tigrillo mejor presentado y mejor sabor Enma Guerrero Edgar Gaona Patac\u00f3n m\u00e1s grande y sabroso Parador Tur\u00edstico B\u00fameran Enma Guerrero Bol\u00f3n mejor presentado y mejor sabor Parador Tur\u00edstico B\u00fameran Edgar Gaona Porci\u00f3n de chifle m\u00e1s crocante Cecilia Chocho Enma Guerrero Bollo de pl\u00e1tano con pollo m\u00e1s rico Cecilia Chocho Enma Guerrero Sopa de verde m\u00e1s rica Rosa Zhizhp\u00f3n Enma Guerrero Colada de verde m\u00e1s exquisita Blanca Tupiki\u00e1 Edgar Gaona Plato m\u00e1s creativo a base de pl\u00e1tano Parador Tur\u00edstico B\u00fameran Nelly Chingo Chicha de maduro con pl\u00e1tano Enma Guerrero Empanadas de verde m\u00e1s sabrosa Cecilia Chocho Gina Chamba Sango de pl\u00e1tano con pescado Cecilia Chocho Enma Guerrero JUEGOS TRADICIONALES Y RECREATIVOS Carrera de pl\u00e1tano David Ram\u00f3n Jos\u00e9 Pandi Ganadores de la pela el pl\u00e1tano m\u00e1s r\u00e1pido Jhonana C\u00f3ndor Jos\u00e9 Tendeza Como el pl\u00e1tano m\u00e1s r\u00e1pido David Ram\u00f3n Hip\u00f3lito Sharup&nbsp;<\/p>\n","protected":false},"author":1,"featured_media":1320,"comment_status":"open","ping_status":"open","sticky":false,"template":"","format":"standard","meta":{"footnotes":""},"categories":[243],"tags":[],"class_list":["post-1319","post","type-post","status-publish","format-standard","has-post-thumbnail","hentry","category-noticias-zamora"],"_links":{"self":[{"href":"https:\/\/www.elamazonico.com\/portal\/wp-json\/wp\/v2\/posts\/1319","targetHints":{"allow":["GET"]}}],"collection":[{"href":"https:\/\/www.elamazonico.com\/portal\/wp-json\/wp\/v2\/posts"}],"about":[{"href":"https:\/\/www.elamazonico.com\/portal\/wp-json\/wp\/v2\/types\/post"}],"author":[{"embeddable":true,"href":"https:\/\/www.elamazonico.com\/portal\/wp-json\/wp\/v2\/users\/1"}],"replies":[{"embeddable":true,"href":"https:\/\/www.elamazonico.com\/portal\/wp-json\/wp\/v2\/comments?post=1319"}],"version-history":[{"count":1,"href":"https:\/\/www.elamazonico.com\/portal\/wp-json\/wp\/v2\/posts\/1319\/revisions"}],"predecessor-version":[{"id":1321,"href":"https:\/\/www.elamazonico.com\/portal\/wp-json\/wp\/v2\/posts\/1319\/revisions\/1321"}],"wp:featuredmedia":[{"embeddable":true,"href":"https:\/\/www.elamazonico.com\/portal\/wp-json\/wp\/v2\/media\/1320"}],"wp:attachment":[{"href":"https:\/\/www.elamazonico.com\/portal\/wp-json\/wp\/v2\/media?parent=1319"}],"wp:term":[{"taxonomy":"category","embeddable":true,"href":"https:\/\/www.elamazonico.com\/portal\/wp-json\/wp\/v2\/categories?post=1319"},{"taxonomy":"post_tag","embeddable":true,"href":"https:\/\/www.elamazonico.com\/portal\/wp-json\/wp\/v2\/tags?post=1319"}],"curies":[{"name":"wp","href":"https:\/\/api.w.org\/{rel}","templated":true}]}}