{"id":13076,"date":"2024-01-02T11:42:07","date_gmt":"2024-01-02T16:42:07","guid":{"rendered":"https:\/\/www.elamazonico.com\/portal\/?p=13076"},"modified":"2024-01-02T11:42:07","modified_gmt":"2024-01-02T16:42:07","slug":"los-10-momentos-mas-destacados-del-deporte-nacional-del-2023","status":"publish","type":"post","link":"https:\/\/www.elamazonico.com\/portal\/los-10-momentos-mas-destacados-del-deporte-nacional-del-2023\/","title":{"rendered":"Los 10 momentos m\u00e1s destacados del deporte nacional del 2023"},"content":{"rendered":"<h2 class=\"fw-normal\">Los campeonatos de Liga de Quito, el traspaso de Mois\u00e9s Caicedo, y las medallas de Angie Palacios, son algunos momentos que enmarcan el deporte ecuatoriano en este 2023.<\/h2>\n<p>El 2023 llega a su fin, en un a\u00f1o que el\u00a0<b>deporte ecuatoriano ha podido brillar\u00a0<\/b>en varias disciplinas, y no solamente sus atletas, sino que los equipos han puesto el nombre del pa\u00eds en lo m\u00e1s alto.<\/p>\n<p><b>Independiente del Valle, Liga de Quito, Mois\u00e9s Caicedo, Angie Palacios<\/b>, son algunos de los deportistas que han hecho brillar a Ecuador en este 2023.<\/p>\n<div class=\"paragraph\">\n<p>Conquistando t\u00edtulos que no se hab\u00edan alcanzado,\u00a0<b>marcando r\u00e9cords<\/b>, o un evento con un mal punto para Ecuador.<\/p>\n<p><b>Lea m\u00e1s:\u00a0<\/b><a href=\"https:\/\/www.ecuavisa.com\/deportes\/futbol-internacional\/los-10-momentos-iconicos-del-deporte-internacional-del-2023-CY6540235\" target=\"_blank\" rel=\"noopener noreferrer\">Los 10 momentos ic\u00f3nicos del deporte internacional del 2023<\/a><\/p>\n<p>En Ecuavisa.com haremos un repaso de los momentos que han marcado este 2023 en el deporte nacional.<\/p>\n<\/div>\n<h2 class=\"h2-componente\">Los 10 momentos m\u00e1s destacados del deporte nacional del 2023<\/h2>\n<h2 class=\"h2-componente\">Liga de Quito, campe\u00f3n Sudamericana<\/h2>\n<div class=\"paragraph\">\n<p>El conjunto Albo conquist\u00f3\u00a0<b>su\u00a0<a href=\"https:\/\/www.ecuavisa.com\/deportes\/futbol-internacional\/liga-de-quito-vs-fortaleza-en-vivo-resultado-final-copa-sudamericana-2023-GG6228679\" target=\"_blank\" rel=\"noopener noreferrer\">quinta estrella internacional<\/a>,<\/b> despu\u00e9s de vencer por 4-3 en penales a Fortaleza, en el estadio Domingo Burgue\u00f1o Miguel.<\/p>\n<div class=\"paragraph\">\n<p>Liga de Quito tuvo que vencer a \u00d1ublense, Sao Paulo y Defensa y Justicia para clasificar a la final y hacerse con la corona, bajo el mandato de Luis Zubeld\u00eda.<\/p>\n<\/div>\n<div id=\"youtube-0-0\" class=\"multimediaMacroWrapper\">\n<div class=\"contentMedia art-img\">\n<figure class=\"cutlineShow\">\n<div><img fetchpriority=\"high\" decoding=\"async\" class=\" lazyloaded\" title=\"Jugadores de Liga de Quito celebrando la Copa Sudamericana.\" src=\"https:\/\/www.ecuavisa.com\/placeholder\/svg\/viewbox\/825x495\" sizes=\"825\" srcset=\"\/\/www.ecuavisa.com\/binrepository\/826x551\/0c19\/825d495\/none\/11705\/XYPG\/img-3621-1024x683_1306282_20231228145922.jpg 825w,\/\/www.ecuavisa.com\/binrepository\/688x459\/0c16\/688d413\/none\/11705\/XYXF\/img-3621-1024x683_1306282_20231228145922.jpg 688w,\/\/www.ecuavisa.com\/binrepository\/551x367\/0c13\/550d330\/none\/11705\/XYBA\/img-3621-1024x683_1306282_20231228145922.jpg 550w,\/\/www.ecuavisa.com\/binrepository\/413x276\/0c10\/413d248\/none\/11705\/XYRX\/img-3621-1024x683_1306282_20231228145922.jpg 413w,\/\/www.ecuavisa.com\/binrepository\/300x200\/0c7\/300d180\/none\/11705\/XYCI\/img-3621-1024x683_1306282_20231228145922.jpg 300w\" alt=\"Jugadores de Liga de Quito celebrando la Copa Sudamericana.\" width=\"825\" height=\"495\" data-srcset=\"\/\/www.ecuavisa.com\/binrepository\/826x551\/0c19\/825d495\/none\/11705\/XYPG\/img-3621-1024x683_1306282_20231228145922.jpg 825w,\/\/www.ecuavisa.com\/binrepository\/688x459\/0c16\/688d413\/none\/11705\/XYXF\/img-3621-1024x683_1306282_20231228145922.jpg 688w,\/\/www.ecuavisa.com\/binrepository\/551x367\/0c13\/550d330\/none\/11705\/XYBA\/img-3621-1024x683_1306282_20231228145922.jpg 550w,\/\/www.ecuavisa.com\/binrepository\/413x276\/0c10\/413d248\/none\/11705\/XYRX\/img-3621-1024x683_1306282_20231228145922.jpg 413w,\/\/www.ecuavisa.com\/binrepository\/300x200\/0c7\/300d180\/none\/11705\/XYCI\/img-3621-1024x683_1306282_20231228145922.jpg 300w\" \/><\/div>\n<div class=\"cutline\"><span class=\"cutline-text\">Jugadores de Liga de Quito celebrando la Copa Sudamericana.<\/span>\u00a0(\u00a0<span class=\"byline-image\">Conmebol\u00a0<\/span>)<\/div>\n<\/figure>\n<\/div>\n<\/div>\n<h2 class=\"h2-componente\">Independiente Del Valle, campe\u00f3n de la Recopa sudamericana<\/h2>\n<div class=\"paragraph\">\n<p>Los Rayados consiguieron lo que parec\u00eda imposible,\u00a0<b><a href=\"https:\/\/www.ecuavisa.com\/deportes\/futbol-internacional\/en-vivo-recopa-sudamericana-flamengo-vs-independiente-del-valle-HM4529090\">venciendo a Flamengo por penales 5-4<\/a>,\u00a0<\/b>despu\u00e9s de empatar 1-1 en el marcador global, en el estadio Maracan\u00e1, para ganar la Recopa Sudamericana.<\/p>\n<p>Los dirigidos por Mart\u00edn Anselmi hab\u00edan llegado como campe\u00f3n de la Copa Sudamericana, y vencieron a un poderoso equipo brasile\u00f1o.<\/p>\n<\/div>\n<div id=\"youtube-0-1\" class=\"multimediaMacroWrapper\">\n<div class=\"contentMedia art-img\">\n<figure class=\"cutlineShow\">\n<div><img decoding=\"async\" class=\" lazyloaded\" title=\"Jugadores de Independiente del Valle celebrando el t\u00edtulo de la Recopa sudamericana\" src=\"https:\/\/www.ecuavisa.com\/placeholder\/svg\/viewbox\/825x495\" sizes=\"825\" srcset=\"\/\/www.ecuavisa.com\/binrepository\/826x551\/1c56\/825d495\/none\/11705\/NOWJ\/000-33aa4m6-1024x683_1306285_20231228145922.jpg 825w,\/\/www.ecuavisa.com\/binrepository\/688x459\/1c47\/688d413\/none\/11705\/NOEI\/000-33aa4m6-1024x683_1306285_20231228145922.jpg 688w,\/\/www.ecuavisa.com\/binrepository\/551x367\/1c37\/550d330\/none\/11705\/NOWT\/000-33aa4m6-1024x683_1306285_20231228145922.jpg 550w,\/\/www.ecuavisa.com\/binrepository\/413x276\/1c28\/413d248\/none\/11705\/NODR\/000-33aa4m6-1024x683_1306285_20231228145922.jpg 413w,\/\/www.ecuavisa.com\/binrepository\/300x200\/0c20\/300d180\/none\/11705\/NOSW\/000-33aa4m6-1024x683_1306285_20231228145922.jpg 300w\" alt=\"Jugadores de Independiente del Valle celebrando el t\u00edtulo de la Recopa sudamericana\" width=\"825\" height=\"495\" data-srcset=\"\/\/www.ecuavisa.com\/binrepository\/826x551\/1c56\/825d495\/none\/11705\/NOWJ\/000-33aa4m6-1024x683_1306285_20231228145922.jpg 825w,\/\/www.ecuavisa.com\/binrepository\/688x459\/1c47\/688d413\/none\/11705\/NOEI\/000-33aa4m6-1024x683_1306285_20231228145922.jpg 688w,\/\/www.ecuavisa.com\/binrepository\/551x367\/1c37\/550d330\/none\/11705\/NOWT\/000-33aa4m6-1024x683_1306285_20231228145922.jpg 550w,\/\/www.ecuavisa.com\/binrepository\/413x276\/1c28\/413d248\/none\/11705\/NODR\/000-33aa4m6-1024x683_1306285_20231228145922.jpg 413w,\/\/www.ecuavisa.com\/binrepository\/300x200\/0c20\/300d180\/none\/11705\/NOSW\/000-33aa4m6-1024x683_1306285_20231228145922.jpg 300w\" \/><\/div>\n<div class=\"cutline\"><span class=\"cutline-text\">Jugadores de Independiente del Valle celebrando el t\u00edtulo de la Recopa sudamericana<\/span>\u00a0(\u00a0<span class=\"byline-image\">Conmebol\u00a0<\/span>)<\/div>\n<\/figure>\n<\/div>\n<\/div>\n<h2 class=\"h2-componente\">Liga de Quito, campe\u00f3n Liga Pro<\/h2>\n<div class=\"paragraph\">\n<p>La<b><a href=\"https:\/\/www.ecuavisa.com\/deportes\/futbol-nacional\/en-vivo-liga-de-quito-vs-independiente-del-valle-KJ6496279\" target=\"_blank\" rel=\"noopener noreferrer\">\u00a0Liga Pro 2023 tuvo como campe\u00f3n a Liga de Quito<\/a><\/b>, quienes vencieron por 3-0, en penales, a Independiente del Valle, despu\u00e9s del 1-1 en el global.<\/p>\n<p>Los Albos\u00a0<b>ganaron la segunda etapa de la Liga Pro<\/b>, teniendo una destacada fase, en la que solamente recibieron cuatro goles, con una gran actuaci\u00f3n de Alexander Dom\u00ednguez.<\/p>\n<p>Luis Zubeld\u00eda comand\u00f3 a Liga de Quito a la liga 12, y 15 trofeos nacionales.<\/p>\n<\/div>\n<div id=\"youtube-0-2\" class=\"multimediaMacroWrapper\">\n<div class=\"contentMedia art-img\">\n<figure class=\"cutlineShow\">\n<div><img decoding=\"async\" class=\" lazyloaded\" title=\"Los jugadores de Liga de Quito celebrando el t\u00edtulo.\" src=\"https:\/\/www.ecuavisa.com\/placeholder\/svg\/viewbox\/825x495\" sizes=\"825\" srcset=\"\/\/www.ecuavisa.com\/binrepository\/880x495\/27c0\/825d495\/none\/11705\/SDJK\/r1267778-1296x729-16-9_1306316_20231228151223.jpg 825w,\/\/www.ecuavisa.com\/binrepository\/733x413\/23c0\/688d413\/none\/11705\/SDKD\/r1267778-1296x729-16-9_1306316_20231228151223.jpg 688w,\/\/www.ecuavisa.com\/binrepository\/587x330\/18c0\/550d330\/none\/11705\/SDBL\/r1267778-1296x729-16-9_1306316_20231228151223.jpg 550w,\/\/www.ecuavisa.com\/binrepository\/440x248\/14c0\/413d248\/none\/11705\/SDWP\/r1267778-1296x729-16-9_1306316_20231228151223.jpg 413w,\/\/www.ecuavisa.com\/binrepository\/320x180\/10c0\/300d180\/none\/11705\/SDDJ\/r1267778-1296x729-16-9_1306316_20231228151223.jpg 300w\" alt=\"Los jugadores de Liga de Quito celebrando el t\u00edtulo.\" width=\"825\" height=\"495\" data-srcset=\"\/\/www.ecuavisa.com\/binrepository\/880x495\/27c0\/825d495\/none\/11705\/SDJK\/r1267778-1296x729-16-9_1306316_20231228151223.jpg 825w,\/\/www.ecuavisa.com\/binrepository\/733x413\/23c0\/688d413\/none\/11705\/SDKD\/r1267778-1296x729-16-9_1306316_20231228151223.jpg 688w,\/\/www.ecuavisa.com\/binrepository\/587x330\/18c0\/550d330\/none\/11705\/SDBL\/r1267778-1296x729-16-9_1306316_20231228151223.jpg 550w,\/\/www.ecuavisa.com\/binrepository\/440x248\/14c0\/413d248\/none\/11705\/SDWP\/r1267778-1296x729-16-9_1306316_20231228151223.jpg 413w,\/\/www.ecuavisa.com\/binrepository\/320x180\/10c0\/300d180\/none\/11705\/SDDJ\/r1267778-1296x729-16-9_1306316_20231228151223.jpg 300w\" \/><\/div>\n<div class=\"cutline\"><span class=\"cutline-text\">Los jugadores de Liga de Quito celebrando el t\u00edtulo.<\/span>\u00a0(\u00a0<span class=\"byline-image\">API\u00a0<\/span>)<\/div>\n<\/figure>\n<\/div>\n<\/div>\n<h2 class=\"h2-componente\">TAS ratifica sanci\u00f3n a Ecuador por Byron Castillo<\/h2>\n<div class=\"paragraph\">\n<p>En el 2022, la Selecci\u00f3n ecuatoriana de F\u00fatbol hab\u00eda sido\u00a0<b>sancionada con tres puntos menos para las eliminatorias<\/b>\u00a0al Mundial 2026 por el problema de la nacionalidad de Byron Castillo.<\/p>\n<p>En el presente a\u00f1o, la Federaci\u00f3n Ecuatoriana de F\u00fatbol apel\u00f3 la decisi\u00f3n, pero el<a href=\"https:\/\/www.ecuavisa.com\/deportes\/futbol-internacional\/la-justicia-de-suiza-ratifica-la-sancion-de-3-puntos-a-ecuador-en-las-eliminatorias-2026-por-el-caso-byron-castillo-AY6302424\" target=\"_blank\" rel=\"noopener noreferrer\">\u00a0<b>TAS ratific\u00f3 la sanci\u00f3n<\/b><\/a>, dejando a La Tri con tres puntos menos en la tabla de posiciones de las eliminatorias<\/p>\n<\/div>\n<div id=\"youtube-0-3\" class=\"multimediaMacroWrapper\">\n<div class=\"contentMedia art-img\">\n<figure class=\"cutlineShow\">\n<div><img loading=\"lazy\" decoding=\"async\" class=\" lazyloaded\" title=\"El TAS mantuvo la sanci\u00f3n contra la Federaci\u00f3n Ecuatoriana de F\u00fatbol.\" src=\"https:\/\/www.ecuavisa.com\/placeholder\/svg\/viewbox\/825x495\" sizes=\"825\" srcset=\"\/\/www.ecuavisa.com\/binrepository\/990x495\/107c0\/825d495\/none\/11705\/UHDA\/byron-castillo-tas-1061016-2023072712_1306313_20231228151223.jpg 825w,\/\/www.ecuavisa.com\/binrepository\/825x413\/89c0\/688d413\/none\/11705\/YTLD\/byron-castillo-tas-1061016-2023072712_1306313_20231228151223.jpg 688w,\/\/www.ecuavisa.com\/binrepository\/660x330\/71c0\/550d330\/none\/11705\/YTBD\/byron-castillo-tas-1061016-2023072712_1306313_20231228151223.jpg 550w,\/\/www.ecuavisa.com\/binrepository\/495x248\/54c0\/413d248\/none\/11705\/YTMY\/byron-castillo-tas-1061016-2023072712_1306313_20231228151223.jpg 413w,\/\/www.ecuavisa.com\/binrepository\/360x180\/39c0\/300d180\/none\/11705\/YTIC\/byron-castillo-tas-1061016-2023072712_1306313_20231228151223.jpg 300w\" alt=\"El TAS mantuvo la sanci\u00f3n contra la Federaci\u00f3n Ecuatoriana de F\u00fatbol.\" width=\"825\" height=\"495\" data-srcset=\"\/\/www.ecuavisa.com\/binrepository\/990x495\/107c0\/825d495\/none\/11705\/UHDA\/byron-castillo-tas-1061016-2023072712_1306313_20231228151223.jpg 825w,\/\/www.ecuavisa.com\/binrepository\/825x413\/89c0\/688d413\/none\/11705\/YTLD\/byron-castillo-tas-1061016-2023072712_1306313_20231228151223.jpg 688w,\/\/www.ecuavisa.com\/binrepository\/660x330\/71c0\/550d330\/none\/11705\/YTBD\/byron-castillo-tas-1061016-2023072712_1306313_20231228151223.jpg 550w,\/\/www.ecuavisa.com\/binrepository\/495x248\/54c0\/413d248\/none\/11705\/YTMY\/byron-castillo-tas-1061016-2023072712_1306313_20231228151223.jpg 413w,\/\/www.ecuavisa.com\/binrepository\/360x180\/39c0\/300d180\/none\/11705\/YTIC\/byron-castillo-tas-1061016-2023072712_1306313_20231228151223.jpg 300w\" \/><\/div>\n<div class=\"cutline\"><span class=\"cutline-text\">El TAS mantuvo la sanci\u00f3n contra la Federaci\u00f3n Ecuatoriana de F\u00fatbol.<\/span>\u00a0(\u00a0<span class=\"byline-image\">Archivo\u00a0<\/span>)<\/div>\n<\/figure>\n<\/div>\n<\/div>\n<h2 class=\"h2-componente\">Angie Palacios gan\u00f3 triple medalla en el Campeonato Mundial de Levantamiento de Pesas<\/h2>\n<div class=\"paragraph\">\n<p>La ecuatoriana tuvo una destacada participaci\u00f3n en la categor\u00eda de 71 kg, tras conseguir\u00a0<b>dos medallas de plata y una de bronce\u00a0<\/b>en el\u00a0<a href=\"https:\/\/www.ecuavisa.com\/deportes\/otros-deportes\/angie-palacios-se-lleva-la-medalla-de-plata-en-el-mundial-de-pesas-BD5959333\" target=\"_blank\" rel=\"noopener noreferrer\">Campeonato Mundial de Levantamiento de Pesas<\/a>.<\/p>\n<p>Palacios consigui\u00f3 levantar 117 kg en la modalidad de arranque y un total ol\u00edmpico de 255 kg para conseguir las preseas de plata. Y alcanz\u00f3 la medalla de bronce con 138 kg.<\/p>\n<\/div>\n<div id=\"youtube-0-4\" class=\"multimediaMacroWrapper\">\n<div class=\"contentMedia art-img\">\n<figure class=\"cutlineShow\">\n<div><img loading=\"lazy\" decoding=\"async\" class=\" lazyloaded\" title=\"Angie Palacios gan\u00f3 triple medalla en el Campeonato Mundial de Levantamiento de Pesas.\" src=\"https:\/\/www.ecuavisa.com\/placeholder\/svg\/viewbox\/825x495\" sizes=\"825\" srcset=\"\/\/www.ecuavisa.com\/binrepository\/825x550\/0c0\/825d495\/none\/11705\/QBNQ\/f567ti-xsaar1vc_1306321_20231228151223.jpg 825w,\/\/www.ecuavisa.com\/binrepository\/688x458\/0c0\/688d413\/none\/11705\/QBKQ\/f567ti-xsaar1vc_1306321_20231228151223.jpg 688w,\/\/www.ecuavisa.com\/binrepository\/550x367\/0c0\/550d330\/none\/11705\/QBKE\/f567ti-xsaar1vc_1306321_20231228151223.jpg 550w,\/\/www.ecuavisa.com\/binrepository\/413x275\/0c0\/413d248\/none\/11705\/QBCA\/f567ti-xsaar1vc_1306321_20231228151223.jpg 413w,\/\/www.ecuavisa.com\/binrepository\/300x200\/0c0\/300d180\/none\/11705\/QBAF\/f567ti-xsaar1vc_1306321_20231228151223.jpg 300w\" alt=\"Angie Palacios gan\u00f3 triple medalla en el Campeonato Mundial de Levantamiento de Pesas.\" width=\"825\" height=\"495\" data-srcset=\"\/\/www.ecuavisa.com\/binrepository\/825x550\/0c0\/825d495\/none\/11705\/QBNQ\/f567ti-xsaar1vc_1306321_20231228151223.jpg 825w,\/\/www.ecuavisa.com\/binrepository\/688x458\/0c0\/688d413\/none\/11705\/QBKQ\/f567ti-xsaar1vc_1306321_20231228151223.jpg 688w,\/\/www.ecuavisa.com\/binrepository\/550x367\/0c0\/550d330\/none\/11705\/QBKE\/f567ti-xsaar1vc_1306321_20231228151223.jpg 550w,\/\/www.ecuavisa.com\/binrepository\/413x275\/0c0\/413d248\/none\/11705\/QBCA\/f567ti-xsaar1vc_1306321_20231228151223.jpg 413w,\/\/www.ecuavisa.com\/binrepository\/300x200\/0c0\/300d180\/none\/11705\/QBAF\/f567ti-xsaar1vc_1306321_20231228151223.jpg 300w\" \/><\/div>\n<div class=\"cutline\"><span class=\"cutline-text\">Angie Palacios gan\u00f3 triple medalla en el Campeonato Mundial de Levantamiento de Pesas.<\/span>\u00a0(\u00a0<span class=\"byline-image\">Ecuador\u00a0<\/span>)<\/div>\n<\/figure>\n<\/div>\n<\/div>\n<h2 class=\"h2-componente\">Mois\u00e9s Caicedo se convirti\u00f3 en el fichaje m\u00e1s caro de un ecuatoriano<\/h2>\n<div class=\"paragraph\">\n<p>El 14 de agosto del 2023, el Chelsea anunci\u00f3 el<a href=\"https:\/\/www.ecuavisa.com\/deportes\/futbol-internacional\/moises-caicedo-jugador-mas-caro-premier-league-tercero-mundial-DD5764306\" target=\"_blank\" rel=\"noopener noreferrer\">\u00a0<b>fichaje de Ni\u00f1o Moi<\/b><\/a><b>\u00a0por USD 146 millones,<\/b>\u00a0desde el Brighton, hasta el 2031.<\/p>\n<p>Caicedo se convirti\u00f3 en el\u00a0<b>fichaje m\u00e1s caro de la historia en la Premier League<\/b>, y la compra m\u00e1s costosa por un jugador ecuatoriano.<\/p>\n<p>Sin embargo, sigue acostumbr\u00e1ndose a su nuevo equipo, y no ha podido estar en su mejor nivel.<\/p>\n<\/div>\n<div id=\"youtube-0-5\" class=\"multimediaMacroWrapper\">\n<div class=\"contentMedia art-img\">\n<figure class=\"cutlineShow\">\n<div><img loading=\"lazy\" decoding=\"async\" class=\" lazyloaded\" title=\"Mois\u00e9s Caicedo se convirti\u00f3 en el fichaje m\u00e1s caro de la Premier League\" src=\"https:\/\/www.ecuavisa.com\/placeholder\/svg\/viewbox\/825x495\" sizes=\"825\" srcset=\"\/\/www.ecuavisa.com\/binrepository\/884x495\/59c0\/825d495\/none\/11705\/LTIR\/moises-caicedo-chelsea-2023_1306314_20231228151224.jpg 825w,\/\/www.ecuavisa.com\/binrepository\/737x413\/49c0\/688d413\/none\/11705\/LTJJ\/moises-caicedo-chelsea-2023_1306314_20231228151224.jpg 688w,\/\/www.ecuavisa.com\/binrepository\/589x330\/39c0\/550d330\/none\/11705\/LTJH\/moises-caicedo-chelsea-2023_1306314_20231228151224.jpg 550w,\/\/www.ecuavisa.com\/binrepository\/442x248\/30c0\/413d248\/none\/11705\/LTRI\/moises-caicedo-chelsea-2023_1306314_20231228151224.jpg 413w,\/\/www.ecuavisa.com\/binrepository\/321x180\/21c0\/300d180\/none\/11705\/LTTL\/moises-caicedo-chelsea-2023_1306314_20231228151224.jpg 300w\" alt=\"Mois\u00e9s Caicedo se convirti\u00f3 en el fichaje m\u00e1s caro de la Premier League\" width=\"825\" height=\"495\" data-srcset=\"\/\/www.ecuavisa.com\/binrepository\/884x495\/59c0\/825d495\/none\/11705\/LTIR\/moises-caicedo-chelsea-2023_1306314_20231228151224.jpg 825w,\/\/www.ecuavisa.com\/binrepository\/737x413\/49c0\/688d413\/none\/11705\/LTJJ\/moises-caicedo-chelsea-2023_1306314_20231228151224.jpg 688w,\/\/www.ecuavisa.com\/binrepository\/589x330\/39c0\/550d330\/none\/11705\/LTJH\/moises-caicedo-chelsea-2023_1306314_20231228151224.jpg 550w,\/\/www.ecuavisa.com\/binrepository\/442x248\/30c0\/413d248\/none\/11705\/LTRI\/moises-caicedo-chelsea-2023_1306314_20231228151224.jpg 413w,\/\/www.ecuavisa.com\/binrepository\/321x180\/21c0\/300d180\/none\/11705\/LTTL\/moises-caicedo-chelsea-2023_1306314_20231228151224.jpg 300w\" \/><\/div>\n<div class=\"cutline\"><span class=\"cutline-text\">Mois\u00e9s Caicedo se convirti\u00f3 en el fichaje m\u00e1s caro de la Premier League<\/span>\u00a0(\u00a0<span class=\"byline-image\">Chelsea\u00a0<\/span>)<\/div>\n<\/figure>\n<\/div>\n<\/div>\n<h2 class=\"h2-componente\">Kendry P\u00e1ez, debut y gol m\u00e1s joven con la Selecci\u00f3n de Ecuador en Eliminatorias<\/h2>\n<div class=\"paragraph\">\n<p>El futbolista de 16 a\u00f1os tuvo su primera temporada como profesional, pero dej\u00f3 enmarcado\u00a0<b>varios r\u00e9cords con la Selecci\u00f3n de Ecuador.<\/b><\/p>\n<p>Kendry es el\u00a0<b>jugador m\u00e1s joven en debutar<\/b>\u00a0con la Tri mayor, y el 12 de octubre, se convirti\u00f3 en el\u00a0<b><a href=\"https:\/\/www.ecuavisa.com\/deportes\/futbol-internacional\/kendry-paez-jugador-mas-joven-anotar-eliminatorias-sudamericanas-MC6141871\" target=\"_blank\" rel=\"noopener noreferrer\">m\u00e1s joven en anotar un gol<\/a><\/b>\u00a0a sus 16 a\u00f1os y 161 d\u00edas, con su anotaci\u00f3n ante Bolivia.<\/p>\n<p><b>Lea m\u00e1s:<a href=\"https:\/\/www.ecuavisa.com\/deportes\/futbol-internacional\/i-m-back-mensaje-pervis-estupinan-hinchas-brighton-BG6549993\" target=\"_blank\" rel=\"noopener noreferrer\">\u00a0<\/a><\/b><a href=\"https:\/\/www.ecuavisa.com\/deportes\/futbol-internacional\/i-m-back-mensaje-pervis-estupinan-hinchas-brighton-BG6549993\" target=\"_blank\" rel=\"noopener noreferrer\">\u00abI&#8217;m back\u00bb: el mensaje de Pervis Estupi\u00f1\u00e1n para los hinchas del Brighton<\/a><\/p>\n<p>Tambi\u00e9n particip\u00f3 en el Mundial Sub 20, competici\u00f3n en la que se convirti\u00f3 en el jugador m\u00e1s joven en marcar.<\/p>\n<p>Adem\u00e1s, fue\u00a0<b>comprado por el Chelsea de Inglaterra\u00a0<\/b>por un valor cercano a los USD 20 millones<\/p>\n<\/div>\n<div id=\"youtube-0-6\" class=\"multimediaMacroWrapper\">\n<div class=\"contentMedia art-img\">\n<figure class=\"cutlineShow\">\n<div><img loading=\"lazy\" decoding=\"async\" class=\" lazyloaded\" title=\"Kendry P\u00e1ez tuvo el debut y el gol m\u00e1s joven con la Selecci\u00f3n de Ecuador.\" src=\"https:\/\/www.ecuavisa.com\/placeholder\/svg\/viewbox\/825x495\" sizes=\"825\" srcset=\"\/\/www.ecuavisa.com\/binrepository\/910x512\/77c0\/825d495\/none\/11705\/MXYM\/c32jyz6bdjhotbvmdrabag2nqy_1306315_20231228151224.jpg 825w,\/\/www.ecuavisa.com\/binrepository\/758x427\/64c0\/688d413\/none\/11705\/MXCH\/c32jyz6bdjhotbvmdrabag2nqy_1306315_20231228151224.jpg 688w,\/\/www.ecuavisa.com\/binrepository\/607x341\/51c0\/550d330\/none\/11705\/MXCB\/c32jyz6bdjhotbvmdrabag2nqy_1306315_20231228151224.jpg 550w,\/\/www.ecuavisa.com\/binrepository\/455x256\/39c0\/413d248\/none\/11705\/MXTN\/c32jyz6bdjhotbvmdrabag2nqy_1306315_20231228151224.jpg 413w,\/\/www.ecuavisa.com\/binrepository\/331x186\/28c0\/300d180\/none\/11705\/MXVC\/c32jyz6bdjhotbvmdrabag2nqy_1306315_20231228151224.jpg 300w\" alt=\"Kendry P\u00e1ez tuvo el debut y el gol m\u00e1s joven con la Selecci\u00f3n de Ecuador.\" width=\"825\" height=\"495\" data-srcset=\"\/\/www.ecuavisa.com\/binrepository\/910x512\/77c0\/825d495\/none\/11705\/MXYM\/c32jyz6bdjhotbvmdrabag2nqy_1306315_20231228151224.jpg 825w,\/\/www.ecuavisa.com\/binrepository\/758x427\/64c0\/688d413\/none\/11705\/MXCH\/c32jyz6bdjhotbvmdrabag2nqy_1306315_20231228151224.jpg 688w,\/\/www.ecuavisa.com\/binrepository\/607x341\/51c0\/550d330\/none\/11705\/MXCB\/c32jyz6bdjhotbvmdrabag2nqy_1306315_20231228151224.jpg 550w,\/\/www.ecuavisa.com\/binrepository\/455x256\/39c0\/413d248\/none\/11705\/MXTN\/c32jyz6bdjhotbvmdrabag2nqy_1306315_20231228151224.jpg 413w,\/\/www.ecuavisa.com\/binrepository\/331x186\/28c0\/300d180\/none\/11705\/MXVC\/c32jyz6bdjhotbvmdrabag2nqy_1306315_20231228151224.jpg 300w\" \/><\/div>\n<div class=\"cutline\"><span class=\"cutline-text\">Kendry P\u00e1ez tuvo el debut y el gol m\u00e1s joven con la Selecci\u00f3n de Ecuador.<\/span>\u00a0(\u00a0<span class=\"byline-image\">LaTri\u00a0<\/span>)<\/div>\n<\/figure>\n<\/div>\n<\/div>\n<h2 class=\"h2-componente\">Jonathan Narv\u00e1ez, campe\u00f3n del Tour de Austria<\/h2>\n<div class=\"paragraph\">\n<p>El lagarto se proclam\u00f3<a href=\"https:\/\/www.ecuavisa.com\/deportes\/ciclismo\/jhonatan-narvaez-lo-que-no-sabias-del-primer-ecuatoriano-en-ganar-el-tour-de-austria-BG5549517\" target=\"_blank\" rel=\"noopener noreferrer\">\u00a0<b>campe\u00f3n del Tour de Austria<\/b><\/a><b>,<\/b>\u00a0despu\u00e9s de ganar tres de las cinco etapas de la competici\u00f3n.<\/p>\n<p>Narv\u00e1ez tambi\u00e9n gan\u00f3 una\u00a0<b>medalla de oro en los Juegos Panamericanos de Santiago<\/b>, por su destacada participaci\u00f3n en ciclismo de ruta, incluso venciendo a Richard Carapaz.<\/p>\n<\/div>\n<div id=\"youtube-0-7\" class=\"multimediaMacroWrapper\">\n<div class=\"contentMedia art-img\">\n<figure class=\"cutlineShow\">\n<div><img loading=\"lazy\" decoding=\"async\" class=\" lazyloaded\" title=\"Jonathan Narv\u00e1ez qued\u00f3 campe\u00f3n del Tour de Austria.\" src=\"https:\/\/www.ecuavisa.com\/placeholder\/svg\/viewbox\/825x474\" sizes=\"825\" srcset=\"\/\/www.ecuavisa.com\/binrepository\/826x474\/0c-11\/825d495\/none\/11705\/CAXU\/64a6db624f8b8_1307284_20231229095439.jpg 825w,\/\/www.ecuavisa.com\/binrepository\/688x395\/0c-9\/688d413\/none\/11705\/QDYU\/64a6db624f8b8_1307284_20231229095439.jpg 688w,\/\/www.ecuavisa.com\/binrepository\/551x316\/0c-7\/550d330\/none\/11705\/QDNI\/64a6db624f8b8_1307284_20231229095439.jpg 550w,\/\/www.ecuavisa.com\/binrepository\/413x237\/0c-5\/413d248\/none\/11705\/QDDL\/64a6db624f8b8_1307284_20231229095439.jpg 413w,\/\/www.ecuavisa.com\/binrepository\/300x172\/0c-4\/300d180\/none\/11705\/QDEK\/64a6db624f8b8_1307284_20231229095439.jpg 300w\" alt=\"Jonathan Narv\u00e1ez qued\u00f3 campe\u00f3n del Tour de Austria.\" width=\"825\" height=\"474\" data-srcset=\"\/\/www.ecuavisa.com\/binrepository\/826x474\/0c-11\/825d495\/none\/11705\/CAXU\/64a6db624f8b8_1307284_20231229095439.jpg 825w,\/\/www.ecuavisa.com\/binrepository\/688x395\/0c-9\/688d413\/none\/11705\/QDYU\/64a6db624f8b8_1307284_20231229095439.jpg 688w,\/\/www.ecuavisa.com\/binrepository\/551x316\/0c-7\/550d330\/none\/11705\/QDNI\/64a6db624f8b8_1307284_20231229095439.jpg 550w,\/\/www.ecuavisa.com\/binrepository\/413x237\/0c-5\/413d248\/none\/11705\/QDDL\/64a6db624f8b8_1307284_20231229095439.jpg 413w,\/\/www.ecuavisa.com\/binrepository\/300x172\/0c-4\/300d180\/none\/11705\/QDEK\/64a6db624f8b8_1307284_20231229095439.jpg 300w\" \/><\/div>\n<div class=\"cutline\"><span class=\"cutline-text\">Jonathan Narv\u00e1ez qued\u00f3 campe\u00f3n del Tour de Austria.<\/span>\u00a0(\u00a0<span class=\"byline-image\">Cortes\u00eda\u00a0<\/span>)<\/div>\n<\/figure>\n<\/div>\n<\/div>\n<h2 class=\"h2-componente\">Roberto Jim\u00e9nez se proclama campe\u00f3n mundial de Jiu Jitsu brasile\u00f1o<\/h2>\n<div class=\"paragraph\">\n<p>El ecuatoriano se convirti\u00f3 en\u00a0<b><a href=\"https:\/\/www.ecuavisa.com\/deportes\/otros-deportes\/el-ecuatoriano-roberto-jimenez-se-proclama-campeon-mundial-de-jiu-jitsu-brasileno-JE6464957\" target=\"_blank\" rel=\"noopener noreferrer\">campe\u00f3n mundial de No-Gi de Jiu Jitsu sin kimono<\/a>,<\/b>\u00a0exclusivo para cinturones negros, tras vencer a Roosevelt Souza<\/p>\n<p>Jim\u00e9nez se llev\u00f3 la victoria v\u00eda sumisi\u00f3n, despu\u00e9s de realizarle una guillotina y obligar al brasile\u00f1o a rendirse.<\/p>\n<\/div>\n<div id=\"youtube-0-8\" class=\"multimediaMacroWrapper\">\n<div class=\"contentMedia art-img\">\n<figure class=\"cutlineShow\">\n<div><img loading=\"lazy\" decoding=\"async\" class=\" lazyloaded\" title=\"Roberto Jim\u00e9nez fue el campe\u00f3n mundial de Jiu Jitsu brasile\u00f1o.\" src=\"https:\/\/www.ecuavisa.com\/placeholder\/svg\/viewbox\/825x495\" sizes=\"825\" srcset=\"\/\/www.ecuavisa.com\/binrepository\/887x887\/24c209\/825d495\/none\/11705\/WJUW\/409749049-1350050638977154-8308353110_1306333_20231228151515.jpg 825w,\/\/www.ecuavisa.com\/binrepository\/739x739\/20c174\/688d413\/none\/11705\/WJCI\/409749049-1350050638977154-8308353110_1306333_20231228151515.jpg 688w,\/\/www.ecuavisa.com\/binrepository\/591x591\/16c139\/550d330\/none\/11705\/WJCV\/409749049-1350050638977154-8308353110_1306333_20231228151515.jpg 550w,\/\/www.ecuavisa.com\/binrepository\/444x444\/12c105\/413d248\/none\/11705\/WJTH\/409749049-1350050638977154-8308353110_1306333_20231228151515.jpg 413w,\/\/www.ecuavisa.com\/binrepository\/323x323\/9c76\/300d180\/none\/11705\/YUCR\/409749049-1350050638977154-8308353110_1306333_20231228151515.jpg 300w\" alt=\"Roberto Jim\u00e9nez fue el campe\u00f3n mundial de Jiu Jitsu brasile\u00f1o.\" width=\"825\" height=\"495\" data-srcset=\"\/\/www.ecuavisa.com\/binrepository\/887x887\/24c209\/825d495\/none\/11705\/WJUW\/409749049-1350050638977154-8308353110_1306333_20231228151515.jpg 825w,\/\/www.ecuavisa.com\/binrepository\/739x739\/20c174\/688d413\/none\/11705\/WJCI\/409749049-1350050638977154-8308353110_1306333_20231228151515.jpg 688w,\/\/www.ecuavisa.com\/binrepository\/591x591\/16c139\/550d330\/none\/11705\/WJCV\/409749049-1350050638977154-8308353110_1306333_20231228151515.jpg 550w,\/\/www.ecuavisa.com\/binrepository\/444x444\/12c105\/413d248\/none\/11705\/WJTH\/409749049-1350050638977154-8308353110_1306333_20231228151515.jpg 413w,\/\/www.ecuavisa.com\/binrepository\/323x323\/9c76\/300d180\/none\/11705\/YUCR\/409749049-1350050638977154-8308353110_1306333_20231228151515.jpg 300w\" \/><\/div>\n<div class=\"cutline\"><span class=\"cutline-text\">Roberto Jim\u00e9nez fue el campe\u00f3n mundial de Jiu Jitsu brasile\u00f1o.<\/span>\u00a0(\u00a0<span class=\"byline-image\">Instagram\u00a0<\/span>)<\/div>\n<\/figure>\n<\/div>\n<\/div>\n<h2 class=\"h2-componente\">Daniel Pintado, vicecampe\u00f3n mundial de Marcha<\/h2>\n<div class=\"paragraph\">\n<p>El cuencano qued\u00f3 en el\u00a0<b><a href=\"https:\/\/www.ecuavisa.com\/deportes\/otros-deportes\/daniel-pintado-subcampeon-mundial-marcha-modalidad-35-km-paris-2024-juegos-olimpicos-JI5831496\" target=\"_blank\" rel=\"noopener noreferrer\">segundo lugar en el mundial de marcha<\/a><\/b>, en la\u00a0<b>modalidad 35 kil\u00f3metros<\/b>, en Budapest.<\/p>\n<p>Pintado firm\u00f3 un\u00a0<b>tiempo de 2 horas, 24 minutos y 30 segundos<\/b>\u00a0para hacerse con la medalla de plata, e igualar la haza\u00f1a de Jefferson P\u00e9rez conseguida 16 a\u00f1os atr\u00e1s.<\/p>\n<\/div>\n<figure class=\"contentMedia art-img\">\n<div><img loading=\"lazy\" decoding=\"async\" class=\" lazyloaded\" title=\"Daniel Pintado qued\u00f3 vicecampe\u00f3n en el Mundial de marcha.\" src=\"https:\/\/www.ecuavisa.com\/placeholder\/svg\/viewbox\/825x495\" sizes=\"825\" srcset=\"\/\/www.ecuavisa.com\/binrepository\/844x844\/0c0\/825d495\/none\/11705\/ATWJ\/daniel-pintado-marcha-1109913-2023082_1306342_20231229095439.jpg 825w,\/\/www.ecuavisa.com\/binrepository\/703x703\/0c0\/688d413\/none\/11705\/ATTN\/daniel-pintado-marcha-1109913-2023082_1306342_20231229095439.jpg 688w,\/\/www.ecuavisa.com\/binrepository\/563x563\/0c0\/550d330\/none\/11705\/ATJY\/daniel-pintado-marcha-1109913-2023082_1306342_20231229095439.jpg 550w,\/\/www.ecuavisa.com\/binrepository\/422x422\/0c0\/413d248\/none\/11705\/ATWC\/daniel-pintado-marcha-1109913-2023082_1306342_20231229095439.jpg 413w,\/\/www.ecuavisa.com\/binrepository\/307x307\/0c0\/300d180\/none\/11705\/ATSA\/daniel-pintado-marcha-1109913-2023082_1306342_20231229095439.jpg 300w\" alt=\"Daniel Pintado qued\u00f3 vicecampe\u00f3n en el Mundial de marcha.\" width=\"825\" height=\"495\" data-srcset=\"\/\/www.ecuavisa.com\/binrepository\/844x844\/0c0\/825d495\/none\/11705\/ATWJ\/daniel-pintado-marcha-1109913-2023082_1306342_20231229095439.jpg 825w,\/\/www.ecuavisa.com\/binrepository\/703x703\/0c0\/688d413\/none\/11705\/ATTN\/daniel-pintado-marcha-1109913-2023082_1306342_20231229095439.jpg 688w,\/\/www.ecuavisa.com\/binrepository\/563x563\/0c0\/550d330\/none\/11705\/ATJY\/daniel-pintado-marcha-1109913-2023082_1306342_20231229095439.jpg 550w,\/\/www.ecuavisa.com\/binrepository\/422x422\/0c0\/413d248\/none\/11705\/ATWC\/daniel-pintado-marcha-1109913-2023082_1306342_20231229095439.jpg 413w,\/\/www.ecuavisa.com\/binrepository\/307x307\/0c0\/300d180\/none\/11705\/ATSA\/daniel-pintado-marcha-1109913-2023082_1306342_20231229095439.jpg 300w\" \/><\/div>\n<div class=\"cutline\"><span class=\"cutline-text 4\">Daniel Pintado qued\u00f3 vicecampe\u00f3n en el Mundial de marcha.<\/span>\u00a0(\u00a0<span class=\"byline-image\">Archivo\u00a0<\/span>)<\/div>\n<div><strong>Fuente: Ecuavisa<\/strong><\/div>\n<\/figure>\n<\/div>\n","protected":false},"excerpt":{"rendered":"<p>Los campeonatos de Liga de Quito, el traspaso de Mois\u00e9s Caicedo, y las medallas de Angie Palacios, son algunos momentos que enmarcan el deporte ecuatoriano en este 2023. El 2023 llega a su fin, en un a\u00f1o que el\u00a0deporte ecuatoriano ha podido brillar\u00a0en varias disciplinas, y no solamente sus atletas, sino que los equipos han puesto el nombre del pa\u00eds en lo m\u00e1s alto. Independiente del Valle, Liga de Quito, Mois\u00e9s Caicedo, Angie Palacios, son algunos de los deportistas que han hecho brillar a Ecuador en este 2023. Conquistando t\u00edtulos que no se hab\u00edan alcanzado,\u00a0marcando r\u00e9cords, o un evento con un mal punto para Ecuador. Lea m\u00e1s:\u00a0Los 10 momentos ic\u00f3nicos del deporte internacional del 2023 En Ecuavisa.com haremos un repaso de los momentos que han marcado este 2023 en el deporte nacional. Los 10 momentos m\u00e1s destacados del deporte nacional del 2023 Liga de Quito, campe\u00f3n Sudamericana El conjunto Albo conquist\u00f3\u00a0su\u00a0quinta estrella internacional, despu\u00e9s de vencer por 4-3 en penales a Fortaleza, en el estadio Domingo Burgue\u00f1o Miguel. Liga de Quito tuvo que vencer a \u00d1ublense, Sao Paulo y Defensa y Justicia para clasificar a la final y hacerse con la corona, bajo el mandato de Luis Zubeld\u00eda. Jugadores de Liga de Quito celebrando la Copa Sudamericana.\u00a0(\u00a0Conmebol\u00a0) Independiente Del Valle, campe\u00f3n de la Recopa sudamericana Los Rayados consiguieron lo que parec\u00eda imposible,\u00a0venciendo a Flamengo por penales 5-4,\u00a0despu\u00e9s de empatar 1-1 en el marcador global, en el estadio Maracan\u00e1, para ganar la Recopa Sudamericana. Los dirigidos por Mart\u00edn Anselmi hab\u00edan llegado como campe\u00f3n de la Copa Sudamericana, y vencieron a un poderoso equipo brasile\u00f1o. Jugadores de Independiente del Valle celebrando el t\u00edtulo de la Recopa sudamericana\u00a0(\u00a0Conmebol\u00a0) Liga de Quito, campe\u00f3n Liga Pro La\u00a0Liga Pro 2023 tuvo como campe\u00f3n a Liga de Quito, quienes vencieron por 3-0, en penales, a Independiente del Valle, despu\u00e9s del 1-1 en el global. Los Albos\u00a0ganaron la segunda etapa de la Liga Pro, teniendo una destacada fase, en la que solamente recibieron cuatro goles, con una gran actuaci\u00f3n de Alexander Dom\u00ednguez. Luis Zubeld\u00eda comand\u00f3 a Liga de Quito a la liga 12, y 15 trofeos nacionales. Los jugadores de Liga de Quito celebrando el t\u00edtulo.\u00a0(\u00a0API\u00a0) TAS ratifica sanci\u00f3n a Ecuador por Byron Castillo En el 2022, la Selecci\u00f3n ecuatoriana de F\u00fatbol hab\u00eda sido\u00a0sancionada con tres puntos menos para las eliminatorias\u00a0al Mundial 2026 por el problema de la nacionalidad de Byron Castillo. En el presente a\u00f1o, la Federaci\u00f3n Ecuatoriana de F\u00fatbol apel\u00f3 la decisi\u00f3n, pero el\u00a0TAS ratific\u00f3 la sanci\u00f3n, dejando a La Tri con tres puntos menos en la tabla de posiciones de las eliminatorias El TAS mantuvo la sanci\u00f3n contra la Federaci\u00f3n Ecuatoriana de F\u00fatbol.\u00a0(\u00a0Archivo\u00a0) Angie Palacios gan\u00f3 triple medalla en el Campeonato Mundial de Levantamiento de Pesas La ecuatoriana tuvo una destacada participaci\u00f3n en la categor\u00eda de 71 kg, tras conseguir\u00a0dos medallas de plata y una de bronce\u00a0en el\u00a0Campeonato Mundial de Levantamiento de Pesas. Palacios consigui\u00f3 levantar 117 kg en la modalidad de arranque y un total ol\u00edmpico de 255 kg para conseguir las preseas de plata. Y alcanz\u00f3 la medalla de bronce con 138 kg. Angie Palacios gan\u00f3 triple medalla en el Campeonato Mundial de Levantamiento de Pesas.\u00a0(\u00a0Ecuador\u00a0) Mois\u00e9s Caicedo se convirti\u00f3 en el fichaje m\u00e1s caro de un ecuatoriano El 14 de agosto del 2023, el Chelsea anunci\u00f3 el\u00a0fichaje de Ni\u00f1o Moi\u00a0por USD 146 millones,\u00a0desde el Brighton, hasta el 2031. Caicedo se convirti\u00f3 en el\u00a0fichaje m\u00e1s caro de la historia en la Premier League, y la compra m\u00e1s costosa por un jugador ecuatoriano. Sin embargo, sigue acostumbr\u00e1ndose a su nuevo equipo, y no ha podido estar en su mejor nivel. Mois\u00e9s Caicedo se convirti\u00f3 en el fichaje m\u00e1s caro de la Premier League\u00a0(\u00a0Chelsea\u00a0) Kendry P\u00e1ez, debut y gol m\u00e1s joven con la Selecci\u00f3n de Ecuador en Eliminatorias El futbolista de 16 a\u00f1os tuvo su primera temporada como profesional, pero dej\u00f3 enmarcado\u00a0varios r\u00e9cords con la Selecci\u00f3n de Ecuador. Kendry es el\u00a0jugador m\u00e1s joven en debutar\u00a0con la Tri mayor, y el 12 de octubre, se convirti\u00f3 en el\u00a0m\u00e1s joven en anotar un gol\u00a0a sus 16 a\u00f1os y 161 d\u00edas, con su anotaci\u00f3n ante Bolivia. Lea m\u00e1s:\u00a0\u00abI&#8217;m back\u00bb: el mensaje de Pervis Estupi\u00f1\u00e1n para los hinchas del Brighton Tambi\u00e9n particip\u00f3 en el Mundial Sub 20, competici\u00f3n en la que se convirti\u00f3 en el jugador m\u00e1s joven en marcar. Adem\u00e1s, fue\u00a0comprado por el Chelsea de Inglaterra\u00a0por un valor cercano a los USD 20 millones Kendry P\u00e1ez tuvo el debut y el gol m\u00e1s joven con la Selecci\u00f3n de Ecuador.\u00a0(\u00a0LaTri\u00a0) Jonathan Narv\u00e1ez, campe\u00f3n del Tour de Austria El lagarto se proclam\u00f3\u00a0campe\u00f3n del Tour de Austria,\u00a0despu\u00e9s de ganar tres de las cinco etapas de la competici\u00f3n. Narv\u00e1ez tambi\u00e9n gan\u00f3 una\u00a0medalla de oro en los Juegos Panamericanos de Santiago, por su destacada participaci\u00f3n en ciclismo de ruta, incluso venciendo a Richard Carapaz. Jonathan Narv\u00e1ez qued\u00f3 campe\u00f3n del Tour de Austria.\u00a0(\u00a0Cortes\u00eda\u00a0) Roberto Jim\u00e9nez se proclama campe\u00f3n mundial de Jiu Jitsu brasile\u00f1o El ecuatoriano se convirti\u00f3 en\u00a0campe\u00f3n mundial de No-Gi de Jiu Jitsu sin kimono,\u00a0exclusivo para cinturones negros, tras vencer a Roosevelt Souza Jim\u00e9nez se llev\u00f3 la victoria v\u00eda sumisi\u00f3n, despu\u00e9s de realizarle una guillotina y obligar al brasile\u00f1o a rendirse. Roberto Jim\u00e9nez fue el campe\u00f3n mundial de Jiu Jitsu brasile\u00f1o.\u00a0(\u00a0Instagram\u00a0) Daniel Pintado, vicecampe\u00f3n mundial de Marcha El cuencano qued\u00f3 en el\u00a0segundo lugar en el mundial de marcha, en la\u00a0modalidad 35 kil\u00f3metros, en Budapest. Pintado firm\u00f3 un\u00a0tiempo de 2 horas, 24 minutos y 30 segundos\u00a0para hacerse con la medalla de plata, e igualar la haza\u00f1a de Jefferson P\u00e9rez conseguida 16 a\u00f1os atr\u00e1s. Daniel Pintado qued\u00f3 vicecampe\u00f3n en el Mundial de marcha.\u00a0(\u00a0Archivo\u00a0) Fuente: Ecuavisa<\/p>\n","protected":false},"author":1,"featured_media":13077,"comment_status":"open","ping_status":"open","sticky":false,"template":"","format":"standard","meta":{"footnotes":""},"categories":[6],"tags":[],"class_list":["post-13076","post","type-post","status-publish","format-standard","has-post-thumbnail","hentry","category-deportes"],"_links":{"self":[{"href":"https:\/\/www.elamazonico.com\/portal\/wp-json\/wp\/v2\/posts\/13076","targetHints":{"allow":["GET"]}}],"collection":[{"href":"https:\/\/www.elamazonico.com\/portal\/wp-json\/wp\/v2\/posts"}],"about":[{"href":"https:\/\/www.elamazonico.com\/portal\/wp-json\/wp\/v2\/types\/post"}],"author":[{"embeddable":true,"href":"https:\/\/www.elamazonico.com\/portal\/wp-json\/wp\/v2\/users\/1"}],"replies":[{"embeddable":true,"href":"https:\/\/www.elamazonico.com\/portal\/wp-json\/wp\/v2\/comments?post=13076"}],"version-history":[{"count":1,"href":"https:\/\/www.elamazonico.com\/portal\/wp-json\/wp\/v2\/posts\/13076\/revisions"}],"predecessor-version":[{"id":13078,"href":"https:\/\/www.elamazonico.com\/portal\/wp-json\/wp\/v2\/posts\/13076\/revisions\/13078"}],"wp:featuredmedia":[{"embeddable":true,"href":"https:\/\/www.elamazonico.com\/portal\/wp-json\/wp\/v2\/media\/13077"}],"wp:attachment":[{"href":"https:\/\/www.elamazonico.com\/portal\/wp-json\/wp\/v2\/media?parent=13076"}],"wp:term":[{"taxonomy":"category","embeddable":true,"href":"https:\/\/www.elamazonico.com\/portal\/wp-json\/wp\/v2\/categories?post=13076"},{"taxonomy":"post_tag","embeddable":true,"href":"https:\/\/www.elamazonico.com\/portal\/wp-json\/wp\/v2\/tags?post=13076"}],"curies":[{"name":"wp","href":"https:\/\/api.w.org\/{rel}","templated":true}]}}