{"id":13073,"date":"2024-01-02T11:37:39","date_gmt":"2024-01-02T16:37:39","guid":{"rendered":"https:\/\/www.elamazonico.com\/portal\/?p=13073"},"modified":"2024-01-02T11:37:39","modified_gmt":"2024-01-02T16:37:39","slug":"el-interes-del-real-madrid-por-william-pacho-se-congela-en-este-mercado-invernal","status":"publish","type":"post","link":"https:\/\/www.elamazonico.com\/portal\/el-interes-del-real-madrid-por-william-pacho-se-congela-en-este-mercado-invernal\/","title":{"rendered":"El inter\u00e9s del Real Madrid por William Pacho se congela en este mercado invernal"},"content":{"rendered":"<p>Los medios espa\u00f1oles hab\u00edan publicado que el central ecuatoriano <a href=\"https:\/\/www.ecuavisa.com\/deportes\/futbol-internacional\/el-real-madrid-estaria-interesado-en-william-pacho-II6497813\" target=\"_blank\" rel=\"noopener noreferrer\">William Pacho\u00a0<\/a>era uno de los jugadores que interesaban al\u00a0<b>Real Madrid<\/b>, pero el club no reforzar\u00e1 su defensa en este mercado invernal europeo, que inicia en enero de este 2024, pese a las bajas de larga duraci\u00f3n de los centrales\u00a0<b>Eder Militao<\/b>\u00a0y\u00a0<b>David Alaba<\/b>.<\/p>\n<p>\u00abPensamos que nos faltan dos centrales muy importantes pero tenemos otros dos en los que confiamos mucho como\u00a0<b>Nacho y R\u00fcdiger<\/b>, m\u00e1s otros que en la emergencia lo pueden hacer bien como Tchouam\u00e9ni y Carvajal. As\u00ed que en este momento no contemplamos fichar un central\u00bb, afirm\u00f3 Ancelotti en rueda de prensa.<\/p>\n<p><i><b>Lea tambi\u00e9n:<\/b><\/i>\u00a0<a href=\"https:\/\/www.ecuavisa.com\/deportes\/futbol-internacional\/jeremy-sarmiento-regresa-brighton-tras-west-bromwich-XG6558275\" target=\"_blank\" rel=\"noopener noreferrer\">Jeremy Sarmiento regresa al Brighton, tras su paso por el West Bromwich<\/a><\/p>\n<p>Las lesiones del ligamento cruzado de la rodilla de los dos centrales que part\u00edan como titulares a inicio de temporada, no provoca que el Real Madrid cambie su filosof\u00eda de no fichar en invierno; sin embargo, en el mercado de verano (julio-agosto) el equipo merengue s\u00ed podr\u00eda salir en busca de refuerzos.<\/p>\n<p>El diario AS de Espa\u00f1a hab\u00eda citado informaci\u00f3n del entorno del club que daba cuenta del inter\u00e9s por el defensor del\u00a0<b>Eintracht Frankfurt<\/b>\u00a0de Alemania.<\/p>\n<p>Pacho, titular en la selecci\u00f3n de Ecuador, tiene 22 a\u00f1os de edad, mide\u00a0<b>1,89 metros,<\/b>\u00a0y resalta por su orden t\u00e1ctico, potencia f\u00edsica y t\u00e9cnica.<\/p>\n<p><a href=\"https:\/\/www.ecuavisa.com\/deportes\/futbol-internacional\/real-madrid-william-pacho-usd-40-millones-eintracht-frankfurt-FC6510711\" target=\"_blank\" rel=\"noopener noreferrer\">Real Madrid deber\u00e1 pagar alrededor de USD 40 millones por William Pacho, seg\u00fan la prensa espa\u00f1ola<\/a><\/p>\n<p>\u00abPero por ahora no vamos a fichar\u00bb, insisti\u00f3 Ancelotti en una segunda respuesta, cerrando definitivamente la posibilidad de reforzar el equipo en invierno tras el estudio de centrales realizados por el club y descartando incluso la opci\u00f3n de traer de regreso a alguno de sus jugadores cedidos.<\/p>\n<p>En el primer partido de 2024, el t\u00e9cnico italiano ya sufrir\u00e1 el inconveniente de tener solamente dos centrales disponibles en la primera plantilla. La sanci\u00f3n de Nacho Fern\u00e1ndez provocar\u00e1 que Aur\u00e9lien Tchoaum\u00e9ni abandone la posici\u00f3n de mediocentro para tener que jugar en el centro de la zaga. <strong>Fuente: Ecuavisa<\/strong><\/p>\n","protected":false},"excerpt":{"rendered":"<p>Los medios espa\u00f1oles hab\u00edan publicado que el central ecuatoriano William Pacho\u00a0era uno de los jugadores que interesaban al\u00a0Real Madrid, pero el club no reforzar\u00e1 su defensa en este mercado invernal europeo, que inicia en enero de este 2024, pese a las bajas de larga duraci\u00f3n de los centrales\u00a0Eder Militao\u00a0y\u00a0David Alaba. \u00abPensamos que nos faltan dos centrales muy importantes pero tenemos otros dos en los que confiamos mucho como\u00a0Nacho y R\u00fcdiger, m\u00e1s otros que en la emergencia lo pueden hacer bien como Tchouam\u00e9ni y Carvajal. As\u00ed que en este momento no contemplamos fichar un central\u00bb, afirm\u00f3 Ancelotti en rueda de prensa. Lea tambi\u00e9n:\u00a0Jeremy Sarmiento regresa al Brighton, tras su paso por el West Bromwich Las lesiones del ligamento cruzado de la rodilla de los dos centrales que part\u00edan como titulares a inicio de temporada, no provoca que el Real Madrid cambie su filosof\u00eda de no fichar en invierno; sin embargo, en el mercado de verano (julio-agosto) el equipo merengue s\u00ed podr\u00eda salir en busca de refuerzos. El diario AS de Espa\u00f1a hab\u00eda citado informaci\u00f3n del entorno del club que daba cuenta del inter\u00e9s por el defensor del\u00a0Eintracht Frankfurt\u00a0de Alemania. Pacho, titular en la selecci\u00f3n de Ecuador, tiene 22 a\u00f1os de edad, mide\u00a01,89 metros,\u00a0y resalta por su orden t\u00e1ctico, potencia f\u00edsica y t\u00e9cnica. Real Madrid deber\u00e1 pagar alrededor de USD 40 millones por William Pacho, seg\u00fan la prensa espa\u00f1ola \u00abPero por ahora no vamos a fichar\u00bb, insisti\u00f3 Ancelotti en una segunda respuesta, cerrando definitivamente la posibilidad de reforzar el equipo en invierno tras el estudio de centrales realizados por el club y descartando incluso la opci\u00f3n de traer de regreso a alguno de sus jugadores cedidos. En el primer partido de 2024, el t\u00e9cnico italiano ya sufrir\u00e1 el inconveniente de tener solamente dos centrales disponibles en la primera plantilla. La sanci\u00f3n de Nacho Fern\u00e1ndez provocar\u00e1 que Aur\u00e9lien Tchoaum\u00e9ni abandone la posici\u00f3n de mediocentro para tener que jugar en el centro de la zaga. Fuente: Ecuavisa<\/p>\n","protected":false},"author":1,"featured_media":13074,"comment_status":"open","ping_status":"open","sticky":false,"template":"","format":"standard","meta":{"footnotes":""},"categories":[6],"tags":[],"class_list":["post-13073","post","type-post","status-publish","format-standard","has-post-thumbnail","hentry","category-deportes"],"_links":{"self":[{"href":"https:\/\/www.elamazonico.com\/portal\/wp-json\/wp\/v2\/posts\/13073","targetHints":{"allow":["GET"]}}],"collection":[{"href":"https:\/\/www.elamazonico.com\/portal\/wp-json\/wp\/v2\/posts"}],"about":[{"href":"https:\/\/www.elamazonico.com\/portal\/wp-json\/wp\/v2\/types\/post"}],"author":[{"embeddable":true,"href":"https:\/\/www.elamazonico.com\/portal\/wp-json\/wp\/v2\/users\/1"}],"replies":[{"embeddable":true,"href":"https:\/\/www.elamazonico.com\/portal\/wp-json\/wp\/v2\/comments?post=13073"}],"version-history":[{"count":1,"href":"https:\/\/www.elamazonico.com\/portal\/wp-json\/wp\/v2\/posts\/13073\/revisions"}],"predecessor-version":[{"id":13075,"href":"https:\/\/www.elamazonico.com\/portal\/wp-json\/wp\/v2\/posts\/13073\/revisions\/13075"}],"wp:featuredmedia":[{"embeddable":true,"href":"https:\/\/www.elamazonico.com\/portal\/wp-json\/wp\/v2\/media\/13074"}],"wp:attachment":[{"href":"https:\/\/www.elamazonico.com\/portal\/wp-json\/wp\/v2\/media?parent=13073"}],"wp:term":[{"taxonomy":"category","embeddable":true,"href":"https:\/\/www.elamazonico.com\/portal\/wp-json\/wp\/v2\/categories?post=13073"},{"taxonomy":"post_tag","embeddable":true,"href":"https:\/\/www.elamazonico.com\/portal\/wp-json\/wp\/v2\/tags?post=13073"}],"curies":[{"name":"wp","href":"https:\/\/api.w.org\/{rel}","templated":true}]}}