{"id":13070,"date":"2024-01-02T11:34:34","date_gmt":"2024-01-02T16:34:34","guid":{"rendered":"https:\/\/www.elamazonico.com\/portal\/?p=13070"},"modified":"2024-01-02T11:34:34","modified_gmt":"2024-01-02T16:34:34","slug":"barcelona-sc-se-quedara-en-guayaquil-los-primeros-dias-pero-luego-viajara-a-estados-unidos-para-completar-la-pretemporada","status":"publish","type":"post","link":"https:\/\/www.elamazonico.com\/portal\/barcelona-sc-se-quedara-en-guayaquil-los-primeros-dias-pero-luego-viajara-a-estados-unidos-para-completar-la-pretemporada\/","title":{"rendered":"Barcelona SC se quedar\u00e1 en Guayaquil los primeros d\u00edas, pero luego viajar\u00e1 a Estados Unidos para completar la pretemporada."},"content":{"rendered":"<div class=\"paragraph\">\n<p>La\u00a0<b>pretemporada 2024 de<a href=\"https:\/\/www.ecuavisa.com\/deportes\/futbol-nacional\/carlos-alfaro-moreno-dejo-presidencia-barcelona-sc-gestion-JC6477281\" target=\"_blank\" rel=\"noopener noreferrer\">\u00a0Barcelona SC<\/a><\/b><a href=\"https:\/\/www.ecuavisa.com\/deportes\/futbol-nacional\/carlos-alfaro-moreno-dejo-presidencia-barcelona-sc-gestion-JC6477281\" target=\"_blank\" rel=\"noopener noreferrer\">\u00a0<\/a>empiezan en pocos d\u00edas, pues los toreros arrancan a\u00a0<b>realizar los chequeos m\u00e9dicos<\/b>\u00a0<b>este mi\u00e9rcoles, 3 de enero, y la cerrar\u00e1n el 26 del mismo mes<\/b>.<\/p>\n<\/div>\n<div class=\"paragraph\">\n<p>Barcelona SC va a realizar su pretemporada en dos ciudades, porque\u00a0<b>iniciar\u00edan en Guayaquil<\/b>, para realizar los\u00a0<b>chequeos m\u00e9dicos<\/b>, para posteriormente\u00a0<b>viajar a Estados Unidos\u00a0<\/b>para realizar la mayor parte del trabajo.<\/p>\n<p>El equipo guayaquile\u00f1o\u00a0<b>viajar\u00e1 el 12 de enero a Tampa<\/b>, en Florida, y continuar\u00e1 sus trabajos con\u00a0<b>posibles amistosos<\/b>\u00a0a concretarse,<b>\u00a0hasta el 26 del mismo mes<\/b>, seg\u00fan report\u00f3 Sergio Basantes.<\/p>\n<p><b>Lea m\u00e1s:<a href=\"https:\/\/www.ecuavisa.com\/deportes\/futbol-internacional\/real-madrid-no-contratara-defensa-william-pacho-mercado-invierno-GH6559800\" target=\"_blank\" rel=\"noopener noreferrer\">\u00a0<\/a><\/b><a href=\"https:\/\/www.ecuavisa.com\/deportes\/futbol-internacional\/real-madrid-no-contratara-defensa-william-pacho-mercado-invierno-GH6559800\" target=\"_blank\" rel=\"noopener noreferrer\">El inter\u00e9s del Real Madrid por William Pacho se congela en este mercado invernal<\/a><\/p>\n<p>Los<a href=\"https:\/\/www.ecuavisa.com\/deportes\/futbol-nacional\/barcelona-sc-diego-lopez-liga-pro-copa-libertadores-YK6396515\" target=\"_blank\" rel=\"noopener noreferrer\">\u00a0dirigidos por Diego L\u00f3pez\u00a0<\/a><b>finalizar\u00e1n su pretemporada 21 d\u00edas antes de empezar la competici\u00f3n<\/b>\u00a0de Liga Pro, con fecha de<b>\u00a0inicio el 16 de febrero.<\/b><\/p>\n<p>Por el momento,\u00a0<a href=\"https:\/\/www.ecuavisa.com\/deportes\/futbol-nacional\/barcelona-sc-negociar-fichar-descartar-jugadores-ministerio-del-deporte-directorio-XE6512536\" target=\"_blank\" rel=\"noopener noreferrer\">Barcelona no ha realizado\u00a0<b>ninguna incorporaci\u00f3n<\/b><\/a>\u00a0para la siguiente temporada. \u00danicamente han tenido la<b>\u00a0salida de Janner Corozo<\/b>, pero no han anunciado otras ventas.<\/p>\n<p><b>Lea m\u00e1s:\u00a0<\/b><a href=\"https:\/\/www.ecuavisa.com\/deportes\/futbol-internacional\/dario-aimar-carlos-garces-nuevos-refuerzos-the-strongest-bolivia-CG6558774\" target=\"_blank\" rel=\"noopener noreferrer\">Dar\u00edo Aimar y Carlos Garc\u00e9s son los nuevos refuerzos del The Strongest de Bolivia<\/a><\/p>\n<p>Adem\u00e1s, se le suma a que los\u00a0<b><a href=\"https:\/\/www.ecuavisa.com\/deportes\/futbol-nacional\/ministerio-deporte-niega-inscripcion-directiva-barcelona-falta-elecciones-BK6509650\" target=\"_blank\" rel=\"noopener noreferrer\">Toreros no cuentan con una directiva inscrita en el Ministerio del Deporte<\/a><\/b>, pues la dirigencia\u00a0<a href=\"https:\/\/www.ecuavisa.com\/deportes\/futbol-nacional\/barcelona-sc-antonio-alvarez-presidencia-HB6434485\" target=\"_blank\" rel=\"noopener noreferrer\">liderada por Antonio \u00c1lvarez\u00a0<\/a>fue rechazada y tendr\u00e1n que subsanar las observaciones realizadas.<\/p>\n<p>Para este 2024,\u00a0<b>Barcelona tendr\u00e1 que competir en la Liga Pro y la Copa Libertadores<\/b>, directamente desde la fase de grupos. <strong>Fuente: Ecuavisa<\/strong><\/p>\n<\/div>\n","protected":false},"excerpt":{"rendered":"<p>La\u00a0pretemporada 2024 de\u00a0Barcelona SC\u00a0empiezan en pocos d\u00edas, pues los toreros arrancan a\u00a0realizar los chequeos m\u00e9dicos\u00a0este mi\u00e9rcoles, 3 de enero, y la cerrar\u00e1n el 26 del mismo mes. Barcelona SC va a realizar su pretemporada en dos ciudades, porque\u00a0iniciar\u00edan en Guayaquil, para realizar los\u00a0chequeos m\u00e9dicos, para posteriormente\u00a0viajar a Estados Unidos\u00a0para realizar la mayor parte del trabajo. El equipo guayaquile\u00f1o\u00a0viajar\u00e1 el 12 de enero a Tampa, en Florida, y continuar\u00e1 sus trabajos con\u00a0posibles amistosos\u00a0a concretarse,\u00a0hasta el 26 del mismo mes, seg\u00fan report\u00f3 Sergio Basantes. Lea m\u00e1s:\u00a0El inter\u00e9s del Real Madrid por William Pacho se congela en este mercado invernal Los\u00a0dirigidos por Diego L\u00f3pez\u00a0finalizar\u00e1n su pretemporada 21 d\u00edas antes de empezar la competici\u00f3n\u00a0de Liga Pro, con fecha de\u00a0inicio el 16 de febrero. Por el momento,\u00a0Barcelona no ha realizado\u00a0ninguna incorporaci\u00f3n\u00a0para la siguiente temporada. \u00danicamente han tenido la\u00a0salida de Janner Corozo, pero no han anunciado otras ventas. Lea m\u00e1s:\u00a0Dar\u00edo Aimar y Carlos Garc\u00e9s son los nuevos refuerzos del The Strongest de Bolivia Adem\u00e1s, se le suma a que los\u00a0Toreros no cuentan con una directiva inscrita en el Ministerio del Deporte, pues la dirigencia\u00a0liderada por Antonio \u00c1lvarez\u00a0fue rechazada y tendr\u00e1n que subsanar las observaciones realizadas. Para este 2024,\u00a0Barcelona tendr\u00e1 que competir en la Liga Pro y la Copa Libertadores, directamente desde la fase de grupos. Fuente: Ecuavisa<\/p>\n","protected":false},"author":1,"featured_media":13071,"comment_status":"open","ping_status":"open","sticky":false,"template":"","format":"standard","meta":{"footnotes":""},"categories":[6],"tags":[],"class_list":["post-13070","post","type-post","status-publish","format-standard","has-post-thumbnail","hentry","category-deportes"],"_links":{"self":[{"href":"https:\/\/www.elamazonico.com\/portal\/wp-json\/wp\/v2\/posts\/13070","targetHints":{"allow":["GET"]}}],"collection":[{"href":"https:\/\/www.elamazonico.com\/portal\/wp-json\/wp\/v2\/posts"}],"about":[{"href":"https:\/\/www.elamazonico.com\/portal\/wp-json\/wp\/v2\/types\/post"}],"author":[{"embeddable":true,"href":"https:\/\/www.elamazonico.com\/portal\/wp-json\/wp\/v2\/users\/1"}],"replies":[{"embeddable":true,"href":"https:\/\/www.elamazonico.com\/portal\/wp-json\/wp\/v2\/comments?post=13070"}],"version-history":[{"count":1,"href":"https:\/\/www.elamazonico.com\/portal\/wp-json\/wp\/v2\/posts\/13070\/revisions"}],"predecessor-version":[{"id":13072,"href":"https:\/\/www.elamazonico.com\/portal\/wp-json\/wp\/v2\/posts\/13070\/revisions\/13072"}],"wp:featuredmedia":[{"embeddable":true,"href":"https:\/\/www.elamazonico.com\/portal\/wp-json\/wp\/v2\/media\/13071"}],"wp:attachment":[{"href":"https:\/\/www.elamazonico.com\/portal\/wp-json\/wp\/v2\/media?parent=13070"}],"wp:term":[{"taxonomy":"category","embeddable":true,"href":"https:\/\/www.elamazonico.com\/portal\/wp-json\/wp\/v2\/categories?post=13070"},{"taxonomy":"post_tag","embeddable":true,"href":"https:\/\/www.elamazonico.com\/portal\/wp-json\/wp\/v2\/tags?post=13070"}],"curies":[{"name":"wp","href":"https:\/\/api.w.org\/{rel}","templated":true}]}}