{"id":1304,"date":"2021-10-08T06:34:53","date_gmt":"2021-10-08T11:34:53","guid":{"rendered":"https:\/\/www.elamazonico.com\/portal\/?p=1304"},"modified":"2021-10-08T06:35:25","modified_gmt":"2021-10-08T11:35:25","slug":"gobierno-instala-organismo-tecnico-permanente-para-reducir-violencia-en-las-carceles","status":"publish","type":"post","link":"https:\/\/www.elamazonico.com\/portal\/gobierno-instala-organismo-tecnico-permanente-para-reducir-violencia-en-las-carceles\/","title":{"rendered":"Gobierno instala organismo t\u00e9cnico permanente para reducir violencia en las c\u00e1rceles"},"content":{"rendered":"\n<p>El Directorio del Organismo T\u00e9cnico del Sistema Nacional de Rehabilitaci\u00f3n Social se instal\u00f3 desde este jueves 7 en sesi\u00f3n permanente y anunci\u00f3 varias acciones para reducir la violencia y para que se respeten los derechos humanos en los centros.<\/p>\n\n\n\n<p>La secretaria de Derechos Humanos, Bernarda Ord\u00f3\u00f1ez, manifest\u00f3 que el Directorio aprob\u00f3 un plan de acci\u00f3n para, hasta febrero del 2022, entregar al pa\u00eds \u201cla pol\u00edtica p\u00fablica del sistema nacional de rehabilitaci\u00f3n social\u201d.<\/p>\n\n\n\n<p>El Directorio se declar\u00f3 en sesi\u00f3n permanente, se integr\u00f3 al Ministerio de Gobierno y la Secretar\u00eda Nacional de Planificaci\u00f3n, se decidi\u00f3 conformar mesas t\u00e9cnicas para actualizar la normativa, los procesos y los protocolos al plan de desarrollo como establece el auto de la Corte Constitucional y ajustados a los est\u00e1ndares de los derechos humanos.<\/p>\n\n\n\n<p>Ord\u00f3\u00f1ez se\u00f1al\u00f3 que hay que trabajar para devolverle la institucionalidad al Estado, y que el pr\u00f3ximo 13 de octubre sesionan con la Corte Nacional de Justicia, el Consejo de la Judicatura, la Fiscal\u00eda General del Estado y la Defensor\u00eda P\u00fablica para analizar reformas en materia de justicia penal.<\/p>\n\n\n\n<p>Adem\u00e1s, la Defensor\u00eda del Pueblo, mediante el mecanismo de prevenci\u00f3n de tortura, visitar\u00e1 los centros y apoyar\u00e1 con el personal t\u00e9cnico para las mesas. Se integrar\u00e1n a organismos internacionales como la Agencia contra la Droga y el Delito de las Naciones Unidas.<\/p>\n\n\n\n<p>Ord\u00f3\u00f1ez insisti\u00f3 en que se debe generar una acci\u00f3n multisectorial para romper con la cultura de la violencia; por este motivo, el Directorio est\u00e1 integrado por los ministros del eje social y el defensor del Pueblo.<\/p>\n\n\n\n<p><strong>Supuesta tregua de Fito<\/strong><\/p>\n\n\n\n<p>El director del Servicio Nacional de Atenci\u00f3n Integral a Personas Adultas Privadas de la Libertad (SNAI), Bol\u00edvar Garz\u00f3n, se\u00f1al\u00f3 que no conoce y no tiene informaci\u00f3n sobre la tregua que habr\u00eda propuesto alias \u201cFito\u201d, a trav\u00e9s de su madre.<\/p>\n\n\n\n<p>\u201cNo hemos tenido ninguna informaci\u00f3n al respecto, deber\u00eda pedir un informe al director del Complejo Guayas para ver si es cierto, no me ha informado nada. En todo caso, la pol\u00edtica del Gobierno es evitar la violencia, vivir en paz, respetar los derechos humanos, de tal manera de alcanzar una convivencia saludable de las personas privadas de la libertad\u201d, expres\u00f3.<\/p>\n\n\n\n<p>La secretaria agreg\u00f3 que la soluci\u00f3n al problema de las c\u00e1rceles est\u00e1 en la prevenci\u00f3n de la violencia, pues los dos delitos principales por los que est\u00e1n los privados de la libertad son violencia contra la mujer o el n\u00facleo familiar, violencia f\u00edsica contra la mujer que suma el 16,88 % y tr\u00e1fico il\u00edcito de sustancias estupefacientes con el 14,96 %.<strong>\u00a0(I)<\/strong><\/p>\n\n\n\n<p>El Universo<\/p>\n","protected":false},"excerpt":{"rendered":"<p>El Directorio del Organismo T\u00e9cnico del Sistema Nacional de Rehabilitaci\u00f3n Social se instal\u00f3 desde este jueves 7 en sesi\u00f3n permanente y anunci\u00f3 varias acciones para reducir la violencia y para que se respeten los derechos humanos en los centros. La secretaria de Derechos Humanos, Bernarda Ord\u00f3\u00f1ez, manifest\u00f3 que el Directorio aprob\u00f3 un plan de acci\u00f3n para, hasta febrero del 2022, entregar al pa\u00eds \u201cla pol\u00edtica p\u00fablica del sistema nacional de rehabilitaci\u00f3n social\u201d. El Directorio se declar\u00f3 en sesi\u00f3n permanente, se integr\u00f3 al Ministerio de Gobierno y la Secretar\u00eda Nacional de Planificaci\u00f3n, se decidi\u00f3 conformar mesas t\u00e9cnicas para actualizar la normativa, los procesos y los protocolos al plan de desarrollo como establece el auto de la Corte Constitucional y ajustados a los est\u00e1ndares de los derechos humanos. Ord\u00f3\u00f1ez se\u00f1al\u00f3 que hay que trabajar para devolverle la institucionalidad al Estado, y que el pr\u00f3ximo 13 de octubre sesionan con la Corte Nacional de Justicia, el Consejo de la Judicatura, la Fiscal\u00eda General del Estado y la Defensor\u00eda P\u00fablica para analizar reformas en materia de justicia penal. Adem\u00e1s, la Defensor\u00eda del Pueblo, mediante el mecanismo de prevenci\u00f3n de tortura, visitar\u00e1 los centros y apoyar\u00e1 con el personal t\u00e9cnico para las mesas. Se integrar\u00e1n a organismos internacionales como la Agencia contra la Droga y el Delito de las Naciones Unidas. Ord\u00f3\u00f1ez insisti\u00f3 en que se debe generar una acci\u00f3n multisectorial para romper con la cultura de la violencia; por este motivo, el Directorio est\u00e1 integrado por los ministros del eje social y el defensor del Pueblo. Supuesta tregua de Fito El director del Servicio Nacional de Atenci\u00f3n Integral a Personas Adultas Privadas de la Libertad (SNAI), Bol\u00edvar Garz\u00f3n, se\u00f1al\u00f3 que no conoce y no tiene informaci\u00f3n sobre la tregua que habr\u00eda propuesto alias \u201cFito\u201d, a trav\u00e9s de su madre. \u201cNo hemos tenido ninguna informaci\u00f3n al respecto, deber\u00eda pedir un informe al director del Complejo Guayas para ver si es cierto, no me ha informado nada. En todo caso, la pol\u00edtica del Gobierno es evitar la violencia, vivir en paz, respetar los derechos humanos, de tal manera de alcanzar una convivencia saludable de las personas privadas de la libertad\u201d, expres\u00f3. La secretaria agreg\u00f3 que la soluci\u00f3n al problema de las c\u00e1rceles est\u00e1 en la prevenci\u00f3n de la violencia, pues los dos delitos principales por los que est\u00e1n los privados de la libertad son violencia contra la mujer o el n\u00facleo familiar, violencia f\u00edsica contra la mujer que suma el 16,88 % y tr\u00e1fico il\u00edcito de sustancias estupefacientes con el 14,96 %.\u00a0(I) El Universo<\/p>\n","protected":false},"author":1,"featured_media":1305,"comment_status":"open","ping_status":"open","sticky":false,"template":"","format":"standard","meta":{"footnotes":""},"categories":[268],"tags":[],"class_list":["post-1304","post","type-post","status-publish","format-standard","has-post-thumbnail","hentry","category-nacionales"],"_links":{"self":[{"href":"https:\/\/www.elamazonico.com\/portal\/wp-json\/wp\/v2\/posts\/1304","targetHints":{"allow":["GET"]}}],"collection":[{"href":"https:\/\/www.elamazonico.com\/portal\/wp-json\/wp\/v2\/posts"}],"about":[{"href":"https:\/\/www.elamazonico.com\/portal\/wp-json\/wp\/v2\/types\/post"}],"author":[{"embeddable":true,"href":"https:\/\/www.elamazonico.com\/portal\/wp-json\/wp\/v2\/users\/1"}],"replies":[{"embeddable":true,"href":"https:\/\/www.elamazonico.com\/portal\/wp-json\/wp\/v2\/comments?post=1304"}],"version-history":[{"count":1,"href":"https:\/\/www.elamazonico.com\/portal\/wp-json\/wp\/v2\/posts\/1304\/revisions"}],"predecessor-version":[{"id":1306,"href":"https:\/\/www.elamazonico.com\/portal\/wp-json\/wp\/v2\/posts\/1304\/revisions\/1306"}],"wp:featuredmedia":[{"embeddable":true,"href":"https:\/\/www.elamazonico.com\/portal\/wp-json\/wp\/v2\/media\/1305"}],"wp:attachment":[{"href":"https:\/\/www.elamazonico.com\/portal\/wp-json\/wp\/v2\/media?parent=1304"}],"wp:term":[{"taxonomy":"category","embeddable":true,"href":"https:\/\/www.elamazonico.com\/portal\/wp-json\/wp\/v2\/categories?post=1304"},{"taxonomy":"post_tag","embeddable":true,"href":"https:\/\/www.elamazonico.com\/portal\/wp-json\/wp\/v2\/tags?post=1304"}],"curies":[{"name":"wp","href":"https:\/\/api.w.org\/{rel}","templated":true}]}}