{"id":1300,"date":"2021-10-08T06:28:18","date_gmt":"2021-10-08T11:28:18","guid":{"rendered":"https:\/\/www.elamazonico.com\/portal\/?p=1300"},"modified":"2021-10-08T06:28:32","modified_gmt":"2021-10-08T11:28:32","slug":"listo-plan-de-contingencia-para-el-feriado-local-y-nacional","status":"publish","type":"post","link":"https:\/\/www.elamazonico.com\/portal\/listo-plan-de-contingencia-para-el-feriado-local-y-nacional\/","title":{"rendered":"Listo Plan de Contingencia para el feriado local y nacional"},"content":{"rendered":"\n<p><em>La Gobernaci\u00f3n de la provincia, a trav\u00e9s de &nbsp;Intendencia y &nbsp;en conjunto con &nbsp;Polic\u00eda Nacional, Ministerio de Salud P\u00fablica, Cuerpo de Bomberos y Batall\u00f3n de Selva 62 Zamora, con el fin de precautelar el orden y &nbsp;la seguridad ciudadana, durante el feriado local y nacional, desarrollar\u00e1n operativos de control de medidas de bioseguridad, &nbsp;retiro de libadores, brigadas de tr\u00e1nsito, eventos p\u00fablicos y permisos de funcionamiento en los establecimientos.<\/em><\/p>\n\n\n\n<p>En ese sentido, el gobernador Absal\u00f3n Campoverde, en calidad de presidente del COE provincial, lider\u00f3 la mesa de seguridad Nro. 2 para la elaboraci\u00f3n del Plan de Contingencia, que se aplicar\u00e1 desde el 07 al 10 de octubre de 2021, en donde, las entidades de control estar\u00e1n activadas, con la log\u00edstica y&nbsp; el personal necesario para atender las emergencias que se puedan generar.<\/p>\n\n\n\n<p>\u201cHe dispuesto a mi equipo de trabajo de Intendencia, Comisarios, Jefes y Tenientes Pol\u00edticos, para que se coordine con todas las autoridades que tienen la competencia en cada una de sus jurisdicciones, estaremos con l\u00edneas abiertas para atender los requerimientos de la ciudadan\u00eda, es por ello que pido prudencia y responsabilidad; esta es la oportunidad de salir adelante juntos\u201d, enfatiz\u00f3 el Gobernador.<\/p>\n\n\n\n<p>Gissella Salinas, como delegada del Ministerio de Salud P\u00fablica en Zamora Chinchipe, indic\u00f3 que se contar\u00e1 con 110 m\u00e9dicos, 93 enfermeras y 63 personal de apoyo, &nbsp;6 ambulancias de soporte vital avanzado y 4 cuatro ambulancias de soporte secundario, para poder socorrer cualquier eventualidad en coordinaci\u00f3n con el Ecu-911, \u201ca nivel de provincia estar\u00e1n activados los Hospitales, Centros de Salud y de vacunaci\u00f3n y grupos de avanzada para este feriado\u201d, se\u00f1al\u00f3.<\/p>\n\n\n\n<p>Por su parte, Kl\u00e9ver Enr\u00edquez, Jefe de la SubZona Zamora Chinchipe N19, dijo que se &nbsp;activar\u00e1n &nbsp;494 servidores policiales, 29 veh\u00edculos, 24 motos, distribuidos en los Distritos de Yantzaza, Chinchipe, Zamora y Paquisha, quienes brindar\u00e1n seguridad en los lugares de mayor afluencia, terminales terrestres, locales comerciales, centros tur\u00edsticos y arterias viales.<\/p>\n\n\n\n<p>Finalmente, las autoridades hicieron un llamado a la ciudadan\u00eda a mantener el uso de la mascarilla para las actividades que realicen y a los propietarios de los locales cumplir con las disposiciones de los COEs cantonales.<\/p>\n","protected":false},"excerpt":{"rendered":"<p>La Gobernaci\u00f3n de la provincia, a trav\u00e9s de &nbsp;Intendencia y &nbsp;en conjunto con &nbsp;Polic\u00eda Nacional, Ministerio de Salud P\u00fablica, Cuerpo de Bomberos y Batall\u00f3n de Selva 62 Zamora, con el fin de precautelar el orden y &nbsp;la seguridad ciudadana, durante el feriado local y nacional, desarrollar\u00e1n operativos de control de medidas de bioseguridad, &nbsp;retiro de libadores, brigadas de tr\u00e1nsito, eventos p\u00fablicos y permisos de funcionamiento en los establecimientos. En ese sentido, el gobernador Absal\u00f3n Campoverde, en calidad de presidente del COE provincial, lider\u00f3 la mesa de seguridad Nro. 2 para la elaboraci\u00f3n del Plan de Contingencia, que se aplicar\u00e1 desde el 07 al 10 de octubre de 2021, en donde, las entidades de control estar\u00e1n activadas, con la log\u00edstica y&nbsp; el personal necesario para atender las emergencias que se puedan generar. \u201cHe dispuesto a mi equipo de trabajo de Intendencia, Comisarios, Jefes y Tenientes Pol\u00edticos, para que se coordine con todas las autoridades que tienen la competencia en cada una de sus jurisdicciones, estaremos con l\u00edneas abiertas para atender los requerimientos de la ciudadan\u00eda, es por ello que pido prudencia y responsabilidad; esta es la oportunidad de salir adelante juntos\u201d, enfatiz\u00f3 el Gobernador. Gissella Salinas, como delegada del Ministerio de Salud P\u00fablica en Zamora Chinchipe, indic\u00f3 que se contar\u00e1 con 110 m\u00e9dicos, 93 enfermeras y 63 personal de apoyo, &nbsp;6 ambulancias de soporte vital avanzado y 4 cuatro ambulancias de soporte secundario, para poder socorrer cualquier eventualidad en coordinaci\u00f3n con el Ecu-911, \u201ca nivel de provincia estar\u00e1n activados los Hospitales, Centros de Salud y de vacunaci\u00f3n y grupos de avanzada para este feriado\u201d, se\u00f1al\u00f3. Por su parte, Kl\u00e9ver Enr\u00edquez, Jefe de la SubZona Zamora Chinchipe N19, dijo que se &nbsp;activar\u00e1n &nbsp;494 servidores policiales, 29 veh\u00edculos, 24 motos, distribuidos en los Distritos de Yantzaza, Chinchipe, Zamora y Paquisha, quienes brindar\u00e1n seguridad en los lugares de mayor afluencia, terminales terrestres, locales comerciales, centros tur\u00edsticos y arterias viales. Finalmente, las autoridades hicieron un llamado a la ciudadan\u00eda a mantener el uso de la mascarilla para las actividades que realicen y a los propietarios de los locales cumplir con las disposiciones de los COEs cantonales.<\/p>\n","protected":false},"author":1,"featured_media":1301,"comment_status":"open","ping_status":"open","sticky":false,"template":"","format":"standard","meta":{"footnotes":""},"categories":[243],"tags":[],"class_list":["post-1300","post","type-post","status-publish","format-standard","has-post-thumbnail","hentry","category-noticias-zamora"],"_links":{"self":[{"href":"https:\/\/www.elamazonico.com\/portal\/wp-json\/wp\/v2\/posts\/1300","targetHints":{"allow":["GET"]}}],"collection":[{"href":"https:\/\/www.elamazonico.com\/portal\/wp-json\/wp\/v2\/posts"}],"about":[{"href":"https:\/\/www.elamazonico.com\/portal\/wp-json\/wp\/v2\/types\/post"}],"author":[{"embeddable":true,"href":"https:\/\/www.elamazonico.com\/portal\/wp-json\/wp\/v2\/users\/1"}],"replies":[{"embeddable":true,"href":"https:\/\/www.elamazonico.com\/portal\/wp-json\/wp\/v2\/comments?post=1300"}],"version-history":[{"count":1,"href":"https:\/\/www.elamazonico.com\/portal\/wp-json\/wp\/v2\/posts\/1300\/revisions"}],"predecessor-version":[{"id":1302,"href":"https:\/\/www.elamazonico.com\/portal\/wp-json\/wp\/v2\/posts\/1300\/revisions\/1302"}],"wp:featuredmedia":[{"embeddable":true,"href":"https:\/\/www.elamazonico.com\/portal\/wp-json\/wp\/v2\/media\/1301"}],"wp:attachment":[{"href":"https:\/\/www.elamazonico.com\/portal\/wp-json\/wp\/v2\/media?parent=1300"}],"wp:term":[{"taxonomy":"category","embeddable":true,"href":"https:\/\/www.elamazonico.com\/portal\/wp-json\/wp\/v2\/categories?post=1300"},{"taxonomy":"post_tag","embeddable":true,"href":"https:\/\/www.elamazonico.com\/portal\/wp-json\/wp\/v2\/tags?post=1300"}],"curies":[{"name":"wp","href":"https:\/\/api.w.org\/{rel}","templated":true}]}}