{"id":12997,"date":"2023-12-26T14:59:49","date_gmt":"2023-12-26T19:59:49","guid":{"rendered":"https:\/\/www.elamazonico.com\/portal\/?p=12997"},"modified":"2023-12-26T14:59:49","modified_gmt":"2023-12-26T19:59:49","slug":"shakira-ya-tiene-su-propia-estatua-en-barranquilla","status":"publish","type":"post","link":"https:\/\/www.elamazonico.com\/portal\/shakira-ya-tiene-su-propia-estatua-en-barranquilla\/","title":{"rendered":"Shakira ya tiene su propia estatua en Barranquilla"},"content":{"rendered":"<p>Como para cerrar un a\u00f1o redondo para la cantante colombiana\u00a0<strong>Shakira<\/strong>, en su lugar natal,\u00a0<strong>Barranquilla<\/strong>, se devel\u00f3 una estatua que hicieron en su honor. El encargado de dar la noticia fue el alcalde de esa ciudad,\u00a0<strong>Jaime Pumarejo<\/strong>, a trav\u00e9s de un video publicado en la red social X (antes Twitter).<\/p>\n<p><em>\u201cUn coraz\u00f3n que compone, unas caderas que no mienten, un talento inigualable, una voz que mueve masas y unos pies que marchan por el bien de la ni\u00f1ez y la humanidad. Que sigas siendo inspiraci\u00f3n para las mujeres y ni\u00f1as del Caribe, Shakira\u201d,<\/em>\u00a0es el mensaje que acompa\u00f1a la\u00a0<strong>publicaci\u00f3n<\/strong>.<\/p>\n<p>El monumento fue revelado en la presencia de\u00a0<strong>William Mebarak y Nidia Ripoll<\/strong>, padres de la artista, en el\u00a0<strong>Gran Malec\u00f3n del R\u00edo<\/strong>. Este fue un pedido especial de\u00a0<strong>Shakira<\/strong>\u00a0por ser el cumplea\u00f1os de su madre. La estatua mide 6.5 metros, est\u00e1 fundida en bronce y pesa cerca de 5 toneladas.<\/p>\n<p>Al respecto, en sus redes sociales,\u00a0<strong>Shakira public\u00f3 un carrusel de fotos<\/strong>\u00a0con la imagen de la escultura, de sus progenitores y de la placa colocada en su honor. En la publicaci\u00f3n escribi\u00f3:\u00a0<em>\u201cMe hace feliz compartir esto con mis padres y en especial con mi madre en el d\u00eda de su cumplea\u00f1os. \u00a1Mis padres, el alcalde y yo all\u00ed atr\u00e1s vigilando!<\/em><em>\u2060 \u2060Ay y est\u00e1 dedicatoria. Esto es demasiado para mi corazoncito. \u2060Mis papitos y mis hermanos con nuestro alcalde\u201d.<\/em><\/p>\n","protected":false},"excerpt":{"rendered":"<p>Como para cerrar un a\u00f1o redondo para la cantante colombiana\u00a0Shakira, en su lugar natal,\u00a0Barranquilla, se devel\u00f3 una estatua que hicieron en su honor. El encargado de dar la noticia fue el alcalde de esa ciudad,\u00a0Jaime Pumarejo, a trav\u00e9s de un video publicado en la red social X (antes Twitter). \u201cUn coraz\u00f3n que compone, unas caderas que no mienten, un talento inigualable, una voz que mueve masas y unos pies que marchan por el bien de la ni\u00f1ez y la humanidad. Que sigas siendo inspiraci\u00f3n para las mujeres y ni\u00f1as del Caribe, Shakira\u201d,\u00a0es el mensaje que acompa\u00f1a la\u00a0publicaci\u00f3n. El monumento fue revelado en la presencia de\u00a0William Mebarak y Nidia Ripoll, padres de la artista, en el\u00a0Gran Malec\u00f3n del R\u00edo. Este fue un pedido especial de\u00a0Shakira\u00a0por ser el cumplea\u00f1os de su madre. La estatua mide 6.5 metros, est\u00e1 fundida en bronce y pesa cerca de 5 toneladas. Al respecto, en sus redes sociales,\u00a0Shakira public\u00f3 un carrusel de fotos\u00a0con la imagen de la escultura, de sus progenitores y de la placa colocada en su honor. En la publicaci\u00f3n escribi\u00f3:\u00a0\u201cMe hace feliz compartir esto con mis padres y en especial con mi madre en el d\u00eda de su cumplea\u00f1os. \u00a1Mis padres, el alcalde y yo all\u00ed atr\u00e1s vigilando!\u2060 \u2060Ay y est\u00e1 dedicatoria. Esto es demasiado para mi corazoncito. \u2060Mis papitos y mis hermanos con nuestro alcalde\u201d.<\/p>\n","protected":false},"author":1,"featured_media":12998,"comment_status":"open","ping_status":"open","sticky":false,"template":"","format":"standard","meta":{"footnotes":""},"categories":[5],"tags":[],"class_list":["post-12997","post","type-post","status-publish","format-standard","has-post-thumbnail","hentry","category-internacionales"],"_links":{"self":[{"href":"https:\/\/www.elamazonico.com\/portal\/wp-json\/wp\/v2\/posts\/12997","targetHints":{"allow":["GET"]}}],"collection":[{"href":"https:\/\/www.elamazonico.com\/portal\/wp-json\/wp\/v2\/posts"}],"about":[{"href":"https:\/\/www.elamazonico.com\/portal\/wp-json\/wp\/v2\/types\/post"}],"author":[{"embeddable":true,"href":"https:\/\/www.elamazonico.com\/portal\/wp-json\/wp\/v2\/users\/1"}],"replies":[{"embeddable":true,"href":"https:\/\/www.elamazonico.com\/portal\/wp-json\/wp\/v2\/comments?post=12997"}],"version-history":[{"count":1,"href":"https:\/\/www.elamazonico.com\/portal\/wp-json\/wp\/v2\/posts\/12997\/revisions"}],"predecessor-version":[{"id":12999,"href":"https:\/\/www.elamazonico.com\/portal\/wp-json\/wp\/v2\/posts\/12997\/revisions\/12999"}],"wp:featuredmedia":[{"embeddable":true,"href":"https:\/\/www.elamazonico.com\/portal\/wp-json\/wp\/v2\/media\/12998"}],"wp:attachment":[{"href":"https:\/\/www.elamazonico.com\/portal\/wp-json\/wp\/v2\/media?parent=12997"}],"wp:term":[{"taxonomy":"category","embeddable":true,"href":"https:\/\/www.elamazonico.com\/portal\/wp-json\/wp\/v2\/categories?post=12997"},{"taxonomy":"post_tag","embeddable":true,"href":"https:\/\/www.elamazonico.com\/portal\/wp-json\/wp\/v2\/tags?post=12997"}],"curies":[{"name":"wp","href":"https:\/\/api.w.org\/{rel}","templated":true}]}}