{"id":12994,"date":"2023-12-26T14:55:55","date_gmt":"2023-12-26T19:55:55","guid":{"rendered":"https:\/\/www.elamazonico.com\/portal\/?p=12994"},"modified":"2023-12-26T14:55:55","modified_gmt":"2023-12-26T19:55:55","slug":"confederacion-de-brasil-podria-ser-suspendida-por-la-fifa","status":"publish","type":"post","link":"https:\/\/www.elamazonico.com\/portal\/confederacion-de-brasil-podria-ser-suspendida-por-la-fifa\/","title":{"rendered":"Confederaci\u00f3n de Brasil podr\u00eda ser suspendida por la FIFA"},"content":{"rendered":"<p>La\u00a0<strong>FIFA<\/strong>, m\u00e1ximo organismo rector del\u00a0<strong>f\u00fatbol<\/strong>\u00a0mundial, amenaz\u00f3 con la suspensi\u00f3n a la\u00a0<strong>Confederaci\u00f3n Brasile\u00f1a<\/strong>\u00a0de F\u00fatbol en medio de su crisis institucional.<\/p>\n<p>La Confederaci\u00f3n Brasile\u00f1a ten\u00eda la intenci\u00f3n de acelerar elecciones de directorio \u00a0para reemplazar en la presidencia a\u00a0<strong>Ednaldo Rodrigues<\/strong>, destituido a inicios de diciembre.<\/p>\n<p><strong>Kenny Jean-Marie<\/strong>, director de federaciones miembro de la FIFA y la subsecretaria general de la Confederaci\u00f3n Sudamericana de F\u00fatbol (Conmebol),\u00a0<strong>Monserrat Jim\u00e9nez Garc\u00eda<\/strong>, remitieron una carta informativa.<\/p>\n<p>En la\u00a0<strong>misiva<\/strong>\u00a0la instituci\u00f3n expone que los clubes y la\u00a0<strong>Selecci\u00f3n de Brasil<\/strong>\u00a0perder\u00edan el derecho a participar en las competencias internacionales organizadas por la FIFA.<\/p>\n<p>Una supuesta intervenci\u00f3n gubernamental en los procesos de la Confederaci\u00f3n de Brasil ser\u00eda el motivo por el que la FIFA mand\u00f3 la carta de notificaci\u00f3n.<\/p>\n<p>Sin embargo, tambi\u00e9n se notific\u00f3 que el 8 de enero, se conformar\u00e1 una comisi\u00f3n especial para analizar y debatir sobre lo sucedido.<\/p>\n<p>Hasta entonces no se tomar\u00e1 una decisi\u00f3n que pueda afectar a la Selecci\u00f3n de Brasil o a los clubes cariocas. <strong>Fuente: El Tel\u00e9grafo<\/strong><\/p>\n","protected":false},"excerpt":{"rendered":"<p>La\u00a0FIFA, m\u00e1ximo organismo rector del\u00a0f\u00fatbol\u00a0mundial, amenaz\u00f3 con la suspensi\u00f3n a la\u00a0Confederaci\u00f3n Brasile\u00f1a\u00a0de F\u00fatbol en medio de su crisis institucional. La Confederaci\u00f3n Brasile\u00f1a ten\u00eda la intenci\u00f3n de acelerar elecciones de directorio \u00a0para reemplazar en la presidencia a\u00a0Ednaldo Rodrigues, destituido a inicios de diciembre. Kenny Jean-Marie, director de federaciones miembro de la FIFA y la subsecretaria general de la Confederaci\u00f3n Sudamericana de F\u00fatbol (Conmebol),\u00a0Monserrat Jim\u00e9nez Garc\u00eda, remitieron una carta informativa. En la\u00a0misiva\u00a0la instituci\u00f3n expone que los clubes y la\u00a0Selecci\u00f3n de Brasil\u00a0perder\u00edan el derecho a participar en las competencias internacionales organizadas por la FIFA. Una supuesta intervenci\u00f3n gubernamental en los procesos de la Confederaci\u00f3n de Brasil ser\u00eda el motivo por el que la FIFA mand\u00f3 la carta de notificaci\u00f3n. Sin embargo, tambi\u00e9n se notific\u00f3 que el 8 de enero, se conformar\u00e1 una comisi\u00f3n especial para analizar y debatir sobre lo sucedido. Hasta entonces no se tomar\u00e1 una decisi\u00f3n que pueda afectar a la Selecci\u00f3n de Brasil o a los clubes cariocas. Fuente: El Tel\u00e9grafo<\/p>\n","protected":false},"author":1,"featured_media":12995,"comment_status":"open","ping_status":"open","sticky":false,"template":"","format":"standard","meta":{"footnotes":""},"categories":[6],"tags":[],"class_list":["post-12994","post","type-post","status-publish","format-standard","has-post-thumbnail","hentry","category-deportes"],"_links":{"self":[{"href":"https:\/\/www.elamazonico.com\/portal\/wp-json\/wp\/v2\/posts\/12994","targetHints":{"allow":["GET"]}}],"collection":[{"href":"https:\/\/www.elamazonico.com\/portal\/wp-json\/wp\/v2\/posts"}],"about":[{"href":"https:\/\/www.elamazonico.com\/portal\/wp-json\/wp\/v2\/types\/post"}],"author":[{"embeddable":true,"href":"https:\/\/www.elamazonico.com\/portal\/wp-json\/wp\/v2\/users\/1"}],"replies":[{"embeddable":true,"href":"https:\/\/www.elamazonico.com\/portal\/wp-json\/wp\/v2\/comments?post=12994"}],"version-history":[{"count":1,"href":"https:\/\/www.elamazonico.com\/portal\/wp-json\/wp\/v2\/posts\/12994\/revisions"}],"predecessor-version":[{"id":12996,"href":"https:\/\/www.elamazonico.com\/portal\/wp-json\/wp\/v2\/posts\/12994\/revisions\/12996"}],"wp:featuredmedia":[{"embeddable":true,"href":"https:\/\/www.elamazonico.com\/portal\/wp-json\/wp\/v2\/media\/12995"}],"wp:attachment":[{"href":"https:\/\/www.elamazonico.com\/portal\/wp-json\/wp\/v2\/media?parent=12994"}],"wp:term":[{"taxonomy":"category","embeddable":true,"href":"https:\/\/www.elamazonico.com\/portal\/wp-json\/wp\/v2\/categories?post=12994"},{"taxonomy":"post_tag","embeddable":true,"href":"https:\/\/www.elamazonico.com\/portal\/wp-json\/wp\/v2\/tags?post=12994"}],"curies":[{"name":"wp","href":"https:\/\/api.w.org\/{rel}","templated":true}]}}