{"id":12991,"date":"2023-12-26T14:52:21","date_gmt":"2023-12-26T19:52:21","guid":{"rendered":"https:\/\/www.elamazonico.com\/portal\/?p=12991"},"modified":"2023-12-26T14:52:21","modified_gmt":"2023-12-26T19:52:21","slug":"ligapro-2024-empiezan-los-movimientos-en-los-equipos-de-ecuador","status":"publish","type":"post","link":"https:\/\/www.elamazonico.com\/portal\/ligapro-2024-empiezan-los-movimientos-en-los-equipos-de-ecuador\/","title":{"rendered":"LigaPro 2024: Empiezan los movimientos en los equipos de Ecuador"},"content":{"rendered":"<p>A pocos d\u00edas de que finalice el 2023, los equipos ecuatorianos ya empiezan a dar a conocer os nombres de quienes ser\u00edan sus refuerzos para el\u00a0<strong>torneo de 2024<\/strong>. La intenci\u00f3n es conformar plantillas competitivas y conseguir no solo ser protagonistas, sino tambi\u00e9n, apuntar a\u00a0<strong>torneos internacionales y conseguir el campeonato local.<\/strong><\/p>\n<p>Uno de los equipos que ya hizo p\u00fablico algunos de sus refuerzos fue el\u00a0<strong>Macar\u00e1<\/strong>, el cuadro ambate\u00f1o que vuelve a la serie A del f\u00fatbol ecuatoriano present\u00f3 los siguientes nombres:<\/p>\n<ul>\n<li>Gabriel Cevallos (Arquero)<\/li>\n<li>Jorge Valdez Chamorro URU (Enganche)<\/li>\n<li>Glendys Mina (Lateral izqiuerdo)<\/li>\n<li>Edwin Mesa (Lateral Derecho)<\/li>\n<\/ul>\n<p>Continuando con otro de los equipos ambate\u00f1os, el\u00a0<strong>T\u00e9cnico Universitario<\/strong>, tambi\u00e9n present\u00f3 a dos de los jugadores que defender\u00e1n la camiseta del rodillo rojo en la LigaPro:<\/p>\n<ul>\n<li>Diego Armas (Enganche)<\/li>\n<li>Jefferson Caicedo (Renovaci\u00f3n)<\/li>\n<\/ul>\n<p>Por su parte, el\u00a0<strong>Deportivo Cuenca<\/strong>\u00a0tambi\u00e9n dio a conocer a uno de los jugadores de su plantilla 2024 y el nombre de su nuevo director t\u00e9cnico:<\/p>\n<ul>\n<li>F\u00e9lix Anguisaca ECU (19 a\u00f1os)<\/li>\n<li>Luis Oswaldo Garc\u00eda (DT)<\/li>\n<\/ul>\n<p>Previamente, el\u00a0<strong>Emelec<\/strong>\u00a0que busca volver al protagonismo en la LigaPro, hizo oficial la contrataci\u00f3n de dos jugadores:<\/p>\n<ul>\n<li>Maicon Sol\u00eds (Extremo)<\/li>\n<li>Andr\u00e9s Ricaurte COL (Enganche)<\/li>\n<\/ul>\n<p>Tras perder la final, el\u00a0<strong>Independiente del Valle<\/strong>\u00a0se qued\u00f3 sin director t\u00e9cnico y su dirigencia eligi\u00f3 irse por la l\u00ednea argentina y present\u00f3 a\u00a0 Javier Gandolfi como su nuevo timonel.<\/p>\n<p>Sin embargo, el actual campe\u00f3n,\u00a0<strong>Liga de Quito<\/strong>, y el \u00eddolo del astillero,\u00a0<strong>Barcelona<\/strong>, no han dado noticias respecto a contrataciones. Ambos equipos deben subsanar problemas que les permita contratar y renovar jugadores para el 2024. <strong>Fuente: El Tel\u00e9grafo\u00a0<\/strong><\/p>\n","protected":false},"excerpt":{"rendered":"<p>A pocos d\u00edas de que finalice el 2023, los equipos ecuatorianos ya empiezan a dar a conocer os nombres de quienes ser\u00edan sus refuerzos para el\u00a0torneo de 2024. La intenci\u00f3n es conformar plantillas competitivas y conseguir no solo ser protagonistas, sino tambi\u00e9n, apuntar a\u00a0torneos internacionales y conseguir el campeonato local. Uno de los equipos que ya hizo p\u00fablico algunos de sus refuerzos fue el\u00a0Macar\u00e1, el cuadro ambate\u00f1o que vuelve a la serie A del f\u00fatbol ecuatoriano present\u00f3 los siguientes nombres: Gabriel Cevallos (Arquero) Jorge Valdez Chamorro URU (Enganche) Glendys Mina (Lateral izqiuerdo) Edwin Mesa (Lateral Derecho) Continuando con otro de los equipos ambate\u00f1os, el\u00a0T\u00e9cnico Universitario, tambi\u00e9n present\u00f3 a dos de los jugadores que defender\u00e1n la camiseta del rodillo rojo en la LigaPro: Diego Armas (Enganche) Jefferson Caicedo (Renovaci\u00f3n) Por su parte, el\u00a0Deportivo Cuenca\u00a0tambi\u00e9n dio a conocer a uno de los jugadores de su plantilla 2024 y el nombre de su nuevo director t\u00e9cnico: F\u00e9lix Anguisaca ECU (19 a\u00f1os) Luis Oswaldo Garc\u00eda (DT) Previamente, el\u00a0Emelec\u00a0que busca volver al protagonismo en la LigaPro, hizo oficial la contrataci\u00f3n de dos jugadores: Maicon Sol\u00eds (Extremo) Andr\u00e9s Ricaurte COL (Enganche) Tras perder la final, el\u00a0Independiente del Valle\u00a0se qued\u00f3 sin director t\u00e9cnico y su dirigencia eligi\u00f3 irse por la l\u00ednea argentina y present\u00f3 a\u00a0 Javier Gandolfi como su nuevo timonel. Sin embargo, el actual campe\u00f3n,\u00a0Liga de Quito, y el \u00eddolo del astillero,\u00a0Barcelona, no han dado noticias respecto a contrataciones. Ambos equipos deben subsanar problemas que les permita contratar y renovar jugadores para el 2024. Fuente: El Tel\u00e9grafo\u00a0<\/p>\n","protected":false},"author":1,"featured_media":12992,"comment_status":"open","ping_status":"open","sticky":false,"template":"","format":"standard","meta":{"footnotes":""},"categories":[6],"tags":[],"class_list":["post-12991","post","type-post","status-publish","format-standard","has-post-thumbnail","hentry","category-deportes"],"_links":{"self":[{"href":"https:\/\/www.elamazonico.com\/portal\/wp-json\/wp\/v2\/posts\/12991","targetHints":{"allow":["GET"]}}],"collection":[{"href":"https:\/\/www.elamazonico.com\/portal\/wp-json\/wp\/v2\/posts"}],"about":[{"href":"https:\/\/www.elamazonico.com\/portal\/wp-json\/wp\/v2\/types\/post"}],"author":[{"embeddable":true,"href":"https:\/\/www.elamazonico.com\/portal\/wp-json\/wp\/v2\/users\/1"}],"replies":[{"embeddable":true,"href":"https:\/\/www.elamazonico.com\/portal\/wp-json\/wp\/v2\/comments?post=12991"}],"version-history":[{"count":1,"href":"https:\/\/www.elamazonico.com\/portal\/wp-json\/wp\/v2\/posts\/12991\/revisions"}],"predecessor-version":[{"id":12993,"href":"https:\/\/www.elamazonico.com\/portal\/wp-json\/wp\/v2\/posts\/12991\/revisions\/12993"}],"wp:featuredmedia":[{"embeddable":true,"href":"https:\/\/www.elamazonico.com\/portal\/wp-json\/wp\/v2\/media\/12992"}],"wp:attachment":[{"href":"https:\/\/www.elamazonico.com\/portal\/wp-json\/wp\/v2\/media?parent=12991"}],"wp:term":[{"taxonomy":"category","embeddable":true,"href":"https:\/\/www.elamazonico.com\/portal\/wp-json\/wp\/v2\/categories?post=12991"},{"taxonomy":"post_tag","embeddable":true,"href":"https:\/\/www.elamazonico.com\/portal\/wp-json\/wp\/v2\/tags?post=12991"}],"curies":[{"name":"wp","href":"https:\/\/api.w.org\/{rel}","templated":true}]}}