{"id":12988,"date":"2023-12-26T14:48:51","date_gmt":"2023-12-26T19:48:51","guid":{"rendered":"https:\/\/www.elamazonico.com\/portal\/?p=12988"},"modified":"2023-12-26T14:48:51","modified_gmt":"2023-12-26T19:48:51","slug":"el-pais-donde-nos-asombra-todo-pero-no-se-hace-nada","status":"publish","type":"post","link":"https:\/\/www.elamazonico.com\/portal\/el-pais-donde-nos-asombra-todo-pero-no-se-hace-nada\/","title":{"rendered":"El pa\u00eds donde nos asombra todo, pero no se hace nada"},"content":{"rendered":"<div class=\"row mb-2\">\n<div><a href=\"https:\/\/www.eltelegrafo.com.ec\/contenido\/autor\/15\/pablo-ruiz\" rel=\"author\"><strong>Pablo Ruiz<\/strong><\/a><\/div>\n<div class=\"col-12 col-md-9\" style=\"text-align: right;\"><strong><span class=\"story-publishup text-uppercase\">21 DE DICIEMBRE DE 2023 &#8211; 10:03<\/span><\/strong><\/div>\n<div><\/div>\n<\/div>\n<div class=\"row\">\n<div class=\"col-12 col-md-9\">\n<div class=\"itemFullText\">\n<p>El juego en el que andamos dec\u00eda el gran poeta\u00a0Gelman. Pero no es de poes\u00eda saber el juego en el que entra nuestro foco de atenci\u00f3n que es realmente pobre y que es pol\u00edticamente manipulado, por cierto. A veces por aquello que vende m\u00e1s, otras veces por nuestro propio cerebro, otras veces porque es mejor no incomodar las ideas que tenemos en la cabeza y nos brindan seguridad.<\/p>\n<p>Me explico, a\u00f1os atr\u00e1s todo un pa\u00eds se\u00a0conmovi\u00f3\u00a0por la\u00a0tragedia\u00a0del terremoto y por Manab\u00ed. Un pa\u00eds se volc\u00f3 a ello. Recuerdo haber estado estudiando en Holanda, y hacer labores de hecho con los ecuatorianos que resid\u00edamos all\u00e1 para mandar dinero a las cuentas de ayuda que se publicaban en ese entonces. Hoy, personalmente, no me acuerdo del problema que hay all\u00e1 a ra\u00edz del terremoto, ni de los que vinieron\u00a0despu\u00e9s, los sobre precios, el desahucio, las promesas incumplidas, la corrupci\u00f3n\u00a0etc., \u00bfpor qu\u00e9? Porque vinieron nuevas desgracias a las que pusimos atenci\u00f3n.<\/p>\n<p>Pensemos en la crisis carcelaria. Todo mundo habl\u00f3 de las matanzas, todos nos indignamos, todos apuntamos al gobierno de ahora, antes y\u00a0despu\u00e9s, todos vimos los\u00a0muertos, y si se dan cuenta ya pas\u00f3, ya no se habla, ya no se nombra, ya no es titular de prensa. Me pregunto yo \u00bfhasta\u00a0cu\u00e1ndo? Hasta que se vuelvan a matar obviamente, ah\u00ed es rentable, tanto para comunicar, como por tuitear.<\/p>\n<p>Pensemos ahora m\u00e1s cercano, el desastre que sufri\u00f3\u00a0Zaruma. \u00bfSe perdieron? posiblemente, es ac\u00e1 en el sur donde a veces al norte no le alcanza los lentes. Conmocion\u00f3 a todo el pa\u00eds, por la miner\u00eda, echamos la culpa,\u00a0etc., lo mismo de siempre y nos olvidamos, \u00bfpor qu\u00e9? Porque\u00a0vinieron\u00a0m\u00e1s desgracias, m\u00e1s problemas, m\u00e1s eventos. Luego pas\u00f3 algo similar en Quito, y hubo un pa\u00eds que habl\u00f3 de esto, que\u00a0culp\u00f3, que opin\u00f3, posiblemente yo tambi\u00e9n, y luego vendr\u00e1 el siguiente evento que nos robe la atenci\u00f3n, \u00bfpor qu\u00e9? Porque este es el pa\u00eds donde nos asombra todo, pero no se hace\u00a0nada. Asesinaron a menores, \u00bfduele? s\u00ed, pero tambi\u00e9n pasar\u00e1 como todo pas\u00f3, en un tweet, en este art\u00edculo o en un post.<\/p>\n<p>Cuando digo pasa de todo es porque hay mucho que hacer, pero el problema es que no hacemos porque funcione a largo plazo, porque seguimos pensando a corto plazo, porque seguimos construyendo para ma\u00f1ana, y no para despu\u00e9s. El reto m\u00e1s grande, tal vez como ciudadanos responsables, es que el foco de atenci\u00f3n no se diluya tan r\u00e1pido, que las causas que nos apasionan no las dejemos y que este pa\u00eds, sea el pa\u00eds donde nada asombra porque hacemos mucho. <strong>Fuente: El Tel\u00e9grafo<\/strong><\/p>\n<\/div>\n<\/div>\n<\/div>\n","protected":false},"excerpt":{"rendered":"<p>Pablo Ruiz 21 DE DICIEMBRE DE 2023 &#8211; 10:03 El juego en el que andamos dec\u00eda el gran poeta\u00a0Gelman. Pero no es de poes\u00eda saber el juego en el que entra nuestro foco de atenci\u00f3n que es realmente pobre y que es pol\u00edticamente manipulado, por cierto. A veces por aquello que vende m\u00e1s, otras veces por nuestro propio cerebro, otras veces porque es mejor no incomodar las ideas que tenemos en la cabeza y nos brindan seguridad. Me explico, a\u00f1os atr\u00e1s todo un pa\u00eds se\u00a0conmovi\u00f3\u00a0por la\u00a0tragedia\u00a0del terremoto y por Manab\u00ed. Un pa\u00eds se volc\u00f3 a ello. Recuerdo haber estado estudiando en Holanda, y hacer labores de hecho con los ecuatorianos que resid\u00edamos all\u00e1 para mandar dinero a las cuentas de ayuda que se publicaban en ese entonces. Hoy, personalmente, no me acuerdo del problema que hay all\u00e1 a ra\u00edz del terremoto, ni de los que vinieron\u00a0despu\u00e9s, los sobre precios, el desahucio, las promesas incumplidas, la corrupci\u00f3n\u00a0etc., \u00bfpor qu\u00e9? Porque vinieron nuevas desgracias a las que pusimos atenci\u00f3n. Pensemos en la crisis carcelaria. Todo mundo habl\u00f3 de las matanzas, todos nos indignamos, todos apuntamos al gobierno de ahora, antes y\u00a0despu\u00e9s, todos vimos los\u00a0muertos, y si se dan cuenta ya pas\u00f3, ya no se habla, ya no se nombra, ya no es titular de prensa. Me pregunto yo \u00bfhasta\u00a0cu\u00e1ndo? Hasta que se vuelvan a matar obviamente, ah\u00ed es rentable, tanto para comunicar, como por tuitear. Pensemos ahora m\u00e1s cercano, el desastre que sufri\u00f3\u00a0Zaruma. \u00bfSe perdieron? posiblemente, es ac\u00e1 en el sur donde a veces al norte no le alcanza los lentes. Conmocion\u00f3 a todo el pa\u00eds, por la miner\u00eda, echamos la culpa,\u00a0etc., lo mismo de siempre y nos olvidamos, \u00bfpor qu\u00e9? Porque\u00a0vinieron\u00a0m\u00e1s desgracias, m\u00e1s problemas, m\u00e1s eventos. Luego pas\u00f3 algo similar en Quito, y hubo un pa\u00eds que habl\u00f3 de esto, que\u00a0culp\u00f3, que opin\u00f3, posiblemente yo tambi\u00e9n, y luego vendr\u00e1 el siguiente evento que nos robe la atenci\u00f3n, \u00bfpor qu\u00e9? Porque este es el pa\u00eds donde nos asombra todo, pero no se hace\u00a0nada. Asesinaron a menores, \u00bfduele? s\u00ed, pero tambi\u00e9n pasar\u00e1 como todo pas\u00f3, en un tweet, en este art\u00edculo o en un post. Cuando digo pasa de todo es porque hay mucho que hacer, pero el problema es que no hacemos porque funcione a largo plazo, porque seguimos pensando a corto plazo, porque seguimos construyendo para ma\u00f1ana, y no para despu\u00e9s. El reto m\u00e1s grande, tal vez como ciudadanos responsables, es que el foco de atenci\u00f3n no se diluya tan r\u00e1pido, que las causas que nos apasionan no las dejemos y que este pa\u00eds, sea el pa\u00eds donde nada asombra porque hacemos mucho. Fuente: El Tel\u00e9grafo<\/p>\n","protected":false},"author":1,"featured_media":12989,"comment_status":"open","ping_status":"open","sticky":false,"template":"","format":"standard","meta":{"footnotes":""},"categories":[7],"tags":[],"class_list":["post-12988","post","type-post","status-publish","format-standard","has-post-thumbnail","hentry","category-opinion"],"_links":{"self":[{"href":"https:\/\/www.elamazonico.com\/portal\/wp-json\/wp\/v2\/posts\/12988","targetHints":{"allow":["GET"]}}],"collection":[{"href":"https:\/\/www.elamazonico.com\/portal\/wp-json\/wp\/v2\/posts"}],"about":[{"href":"https:\/\/www.elamazonico.com\/portal\/wp-json\/wp\/v2\/types\/post"}],"author":[{"embeddable":true,"href":"https:\/\/www.elamazonico.com\/portal\/wp-json\/wp\/v2\/users\/1"}],"replies":[{"embeddable":true,"href":"https:\/\/www.elamazonico.com\/portal\/wp-json\/wp\/v2\/comments?post=12988"}],"version-history":[{"count":1,"href":"https:\/\/www.elamazonico.com\/portal\/wp-json\/wp\/v2\/posts\/12988\/revisions"}],"predecessor-version":[{"id":12990,"href":"https:\/\/www.elamazonico.com\/portal\/wp-json\/wp\/v2\/posts\/12988\/revisions\/12990"}],"wp:featuredmedia":[{"embeddable":true,"href":"https:\/\/www.elamazonico.com\/portal\/wp-json\/wp\/v2\/media\/12989"}],"wp:attachment":[{"href":"https:\/\/www.elamazonico.com\/portal\/wp-json\/wp\/v2\/media?parent=12988"}],"wp:term":[{"taxonomy":"category","embeddable":true,"href":"https:\/\/www.elamazonico.com\/portal\/wp-json\/wp\/v2\/categories?post=12988"},{"taxonomy":"post_tag","embeddable":true,"href":"https:\/\/www.elamazonico.com\/portal\/wp-json\/wp\/v2\/tags?post=12988"}],"curies":[{"name":"wp","href":"https:\/\/api.w.org\/{rel}","templated":true}]}}