{"id":1294,"date":"2021-10-08T06:14:53","date_gmt":"2021-10-08T11:14:53","guid":{"rendered":"https:\/\/www.elamazonico.com\/portal\/?p=1294"},"modified":"2021-10-08T06:15:12","modified_gmt":"2021-10-08T11:15:12","slug":"minga-por-el-encuentro-iniciativa-del-mies-para-preparar-el-retorno-a-actividades-presenciales-en-el-distrito-zamora","status":"publish","type":"post","link":"https:\/\/www.elamazonico.com\/portal\/minga-por-el-encuentro-iniciativa-del-mies-para-preparar-el-retorno-a-actividades-presenciales-en-el-distrito-zamora\/","title":{"rendered":"\u201cMinga por el encuentro\u201d, iniciativa del mies para preparar el retorno a actividades presenciales en el distrito Zamora"},"content":{"rendered":"\n<p>El Ministerio de Inclusi\u00f3n Econ\u00f3mica y Social (MIES) se prepara para la reapertura programada y progresiva de los servicios que ofrece a nivel nacional. Por ello, la Direcci\u00f3n Distrital del MIES Zamora ha decidido efectuar la \u201cMinga por el Encuentro\u201d, que tiene como objetivo la limpieza y adecentamiento de los 21 Centros de Desarrollo Infantil (CDI), en donde ni\u00f1as y ni\u00f1os, de 1 a 3 a\u00f1os, reciben atenci\u00f3n integral.<\/p>\n\n\n\n<p>En esta minga participan los equipos t\u00e9cnicos del MIES, padres de familia y personal de la Polic\u00eda Nacional, quienes sumar\u00e1n esfuerzos para adecuar estos espacios, colocar se\u00f1al\u00e9tica y contar con una infraestructura funcional para el retorno presencial de ni\u00f1as y ni\u00f1os a la atenci\u00f3n, una vez que el COE Nacional autorice la reapertura de los servicios de desarrollo infantil.<\/p>\n\n\n\n<p>Javier Bustamante, director distrital del MIES Zamora, indic\u00f3 que para el Gobierno del Encuentro es prioridad continuar atendiendo a la poblaci\u00f3n vulnerable. \u201cA\u00fan no existen fechas ni lineamientos establecidos para el retorno de actividades en Centros de Desarrollo Infantil del MIES; sin embargo, a trav\u00e9s de estas mingas cuidamos la infraestructura para que se encuentre en \u00f3ptimas condiciones al momento del retorno\u201d, dijo. &nbsp;&nbsp;<\/p>\n\n\n\n<p>Por su parte, Mayra S\u00e1nchez, usuaria del CDI \u201cCoraz\u00f3n de Jes\u00fas\u00bb, del sector de Piuntza, manifest\u00f3 que madres y padres de familia se sumaron gustosos a esta actividad impulsada por el MIES, \u201cAnhelamos que nuestros hijos vuelvan a los centros infantiles; y que, cuando lo hagan, encuentren los espacios bonitos y bien conservados\u201d indic\u00f3.<\/p>\n\n\n\n<p>Al momento, los servicios de desarrollo infantil se mantienen de manera virtual, a trav\u00e9s de consejer\u00edas y un acompa\u00f1amiento permanente por parte de las educadoras del MIES para los n\u00facleos familiares que reciben los servicios de desarrollo infantil y que actualmente atiende a 716 ni\u00f1as y ni\u00f1os, de 0 a 3 a\u00f1os, en Zamora Chinchipe.<\/p>\n","protected":false},"excerpt":{"rendered":"<p>El Ministerio de Inclusi\u00f3n Econ\u00f3mica y Social (MIES) se prepara para la reapertura programada y progresiva de los servicios que ofrece a nivel nacional. Por ello, la Direcci\u00f3n Distrital del MIES Zamora ha decidido efectuar la \u201cMinga por el Encuentro\u201d, que tiene como objetivo la limpieza y adecentamiento de los 21 Centros de Desarrollo Infantil (CDI), en donde ni\u00f1as y ni\u00f1os, de 1 a 3 a\u00f1os, reciben atenci\u00f3n integral. En esta minga participan los equipos t\u00e9cnicos del MIES, padres de familia y personal de la Polic\u00eda Nacional, quienes sumar\u00e1n esfuerzos para adecuar estos espacios, colocar se\u00f1al\u00e9tica y contar con una infraestructura funcional para el retorno presencial de ni\u00f1as y ni\u00f1os a la atenci\u00f3n, una vez que el COE Nacional autorice la reapertura de los servicios de desarrollo infantil. Javier Bustamante, director distrital del MIES Zamora, indic\u00f3 que para el Gobierno del Encuentro es prioridad continuar atendiendo a la poblaci\u00f3n vulnerable. \u201cA\u00fan no existen fechas ni lineamientos establecidos para el retorno de actividades en Centros de Desarrollo Infantil del MIES; sin embargo, a trav\u00e9s de estas mingas cuidamos la infraestructura para que se encuentre en \u00f3ptimas condiciones al momento del retorno\u201d, dijo. &nbsp;&nbsp; Por su parte, Mayra S\u00e1nchez, usuaria del CDI \u201cCoraz\u00f3n de Jes\u00fas\u00bb, del sector de Piuntza, manifest\u00f3 que madres y padres de familia se sumaron gustosos a esta actividad impulsada por el MIES, \u201cAnhelamos que nuestros hijos vuelvan a los centros infantiles; y que, cuando lo hagan, encuentren los espacios bonitos y bien conservados\u201d indic\u00f3. Al momento, los servicios de desarrollo infantil se mantienen de manera virtual, a trav\u00e9s de consejer\u00edas y un acompa\u00f1amiento permanente por parte de las educadoras del MIES para los n\u00facleos familiares que reciben los servicios de desarrollo infantil y que actualmente atiende a 716 ni\u00f1as y ni\u00f1os, de 0 a 3 a\u00f1os, en Zamora Chinchipe.<\/p>\n","protected":false},"author":1,"featured_media":1295,"comment_status":"open","ping_status":"open","sticky":false,"template":"","format":"standard","meta":{"footnotes":""},"categories":[243],"tags":[],"class_list":["post-1294","post","type-post","status-publish","format-standard","has-post-thumbnail","hentry","category-noticias-zamora"],"_links":{"self":[{"href":"https:\/\/www.elamazonico.com\/portal\/wp-json\/wp\/v2\/posts\/1294","targetHints":{"allow":["GET"]}}],"collection":[{"href":"https:\/\/www.elamazonico.com\/portal\/wp-json\/wp\/v2\/posts"}],"about":[{"href":"https:\/\/www.elamazonico.com\/portal\/wp-json\/wp\/v2\/types\/post"}],"author":[{"embeddable":true,"href":"https:\/\/www.elamazonico.com\/portal\/wp-json\/wp\/v2\/users\/1"}],"replies":[{"embeddable":true,"href":"https:\/\/www.elamazonico.com\/portal\/wp-json\/wp\/v2\/comments?post=1294"}],"version-history":[{"count":1,"href":"https:\/\/www.elamazonico.com\/portal\/wp-json\/wp\/v2\/posts\/1294\/revisions"}],"predecessor-version":[{"id":1296,"href":"https:\/\/www.elamazonico.com\/portal\/wp-json\/wp\/v2\/posts\/1294\/revisions\/1296"}],"wp:featuredmedia":[{"embeddable":true,"href":"https:\/\/www.elamazonico.com\/portal\/wp-json\/wp\/v2\/media\/1295"}],"wp:attachment":[{"href":"https:\/\/www.elamazonico.com\/portal\/wp-json\/wp\/v2\/media?parent=1294"}],"wp:term":[{"taxonomy":"category","embeddable":true,"href":"https:\/\/www.elamazonico.com\/portal\/wp-json\/wp\/v2\/categories?post=1294"},{"taxonomy":"post_tag","embeddable":true,"href":"https:\/\/www.elamazonico.com\/portal\/wp-json\/wp\/v2\/tags?post=1294"}],"curies":[{"name":"wp","href":"https:\/\/api.w.org\/{rel}","templated":true}]}}