{"id":12937,"date":"2023-12-21T10:36:10","date_gmt":"2023-12-21T15:36:10","guid":{"rendered":"https:\/\/www.elamazonico.comportal\/?p=12937"},"modified":"2023-12-21T10:36:10","modified_gmt":"2023-12-21T15:36:10","slug":"juicio-politico-a-wilman-teran-paso-primer-filtro-en-la-asamblea","status":"publish","type":"post","link":"https:\/\/www.elamazonico.com\/portal\/juicio-politico-a-wilman-teran-paso-primer-filtro-en-la-asamblea\/","title":{"rendered":"Juicio pol\u00edtico a Wilman Ter\u00e1n pas\u00f3 primer filtro en la Asamblea"},"content":{"rendered":"<p>El proceso de juicio pol\u00edtico en contra del expresidente del Consejo de la Judicatura, Wilman Ter\u00e1n, pas\u00f3 el primer filtro en la Asamblea. El Consejo de Administraci\u00f3n Legislativa (CAL) admiti\u00f3 a tr\u00e1mite la solicitud de la bancada de Construye.<\/p>\n<p>Este 20 de diciembre del 2023, la Asamblea inform\u00f3 que admiti\u00f3 a tr\u00e1mite la solicitud hecha por el asamble\u00edsta Jorge Pe\u00f1afiel (Construye) en contra de Ter\u00e1n, la exvocal de la Judicatura Ruth Barreno y el vocal Xavier Mu\u00f1oz.<\/p>\n<p>En un comunicado emitido hoy, la Asamblea se\u00f1ala que se tom\u00f3 la decisi\u00f3n despu\u00e9s de conocer el informe de la Unidad de T\u00e9cnica Legislativa. Despu\u00e9s de esto, la documentaci\u00f3n ser\u00e1 remitida a la Comisi\u00f3n de Fiscalizaci\u00f3n, encabezada por la corre\u00edsta Pamela Aguirre.<\/p>\n<p>Sin embargo, un elemento a tomar en cuenta es que Ter\u00e1n ya no es autoridad en la Judicatura. Hoy se conoci\u00f3 su renuncia al cargo despu\u00e9s de que ayer le fue negado un h\u00e1beas corpus con el que buscaba dejar la c\u00e1rcel cuatro de Quito.<\/p>\n<p>Ter\u00e1n fue vinculado al caso Met\u00e1stasis que dirige la Fiscal\u00eda General. Se lo acusa de ser parte de una estructura criminal que tiene v\u00ednculos con el narcotr\u00e1fico. (I)<\/p>\n<p>Fuente: El tel\u00e9grafo<\/p>\n","protected":false},"excerpt":{"rendered":"<p>El proceso de juicio pol\u00edtico en contra del expresidente del Consejo de la Judicatura, Wilman Ter\u00e1n, pas\u00f3 el primer filtro en la Asamblea. El Consejo de Administraci\u00f3n Legislativa (CAL) admiti\u00f3 a tr\u00e1mite la solicitud de la bancada de Construye. Este 20 de diciembre del 2023, la Asamblea inform\u00f3 que admiti\u00f3 a tr\u00e1mite la solicitud hecha por el asamble\u00edsta Jorge Pe\u00f1afiel (Construye) en contra de Ter\u00e1n, la exvocal de la Judicatura Ruth Barreno y el vocal Xavier Mu\u00f1oz. En un comunicado emitido hoy, la Asamblea se\u00f1ala que se tom\u00f3 la decisi\u00f3n despu\u00e9s de conocer el informe de la Unidad de T\u00e9cnica Legislativa. Despu\u00e9s de esto, la documentaci\u00f3n ser\u00e1 remitida a la Comisi\u00f3n de Fiscalizaci\u00f3n, encabezada por la corre\u00edsta Pamela Aguirre. Sin embargo, un elemento a tomar en cuenta es que Ter\u00e1n ya no es autoridad en la Judicatura. Hoy se conoci\u00f3 su renuncia al cargo despu\u00e9s de que ayer le fue negado un h\u00e1beas corpus con el que buscaba dejar la c\u00e1rcel cuatro de Quito. Ter\u00e1n fue vinculado al caso Met\u00e1stasis que dirige la Fiscal\u00eda General. Se lo acusa de ser parte de una estructura criminal que tiene v\u00ednculos con el narcotr\u00e1fico. (I) Fuente: El tel\u00e9grafo<\/p>\n","protected":false},"author":1,"featured_media":12938,"comment_status":"open","ping_status":"open","sticky":false,"template":"","format":"standard","meta":{"footnotes":""},"categories":[268],"tags":[],"class_list":["post-12937","post","type-post","status-publish","format-standard","has-post-thumbnail","hentry","category-nacionales"],"_links":{"self":[{"href":"https:\/\/www.elamazonico.com\/portal\/wp-json\/wp\/v2\/posts\/12937","targetHints":{"allow":["GET"]}}],"collection":[{"href":"https:\/\/www.elamazonico.com\/portal\/wp-json\/wp\/v2\/posts"}],"about":[{"href":"https:\/\/www.elamazonico.com\/portal\/wp-json\/wp\/v2\/types\/post"}],"author":[{"embeddable":true,"href":"https:\/\/www.elamazonico.com\/portal\/wp-json\/wp\/v2\/users\/1"}],"replies":[{"embeddable":true,"href":"https:\/\/www.elamazonico.com\/portal\/wp-json\/wp\/v2\/comments?post=12937"}],"version-history":[{"count":1,"href":"https:\/\/www.elamazonico.com\/portal\/wp-json\/wp\/v2\/posts\/12937\/revisions"}],"predecessor-version":[{"id":12939,"href":"https:\/\/www.elamazonico.com\/portal\/wp-json\/wp\/v2\/posts\/12937\/revisions\/12939"}],"wp:featuredmedia":[{"embeddable":true,"href":"https:\/\/www.elamazonico.com\/portal\/wp-json\/wp\/v2\/media\/12938"}],"wp:attachment":[{"href":"https:\/\/www.elamazonico.com\/portal\/wp-json\/wp\/v2\/media?parent=12937"}],"wp:term":[{"taxonomy":"category","embeddable":true,"href":"https:\/\/www.elamazonico.com\/portal\/wp-json\/wp\/v2\/categories?post=12937"},{"taxonomy":"post_tag","embeddable":true,"href":"https:\/\/www.elamazonico.com\/portal\/wp-json\/wp\/v2\/tags?post=12937"}],"curies":[{"name":"wp","href":"https:\/\/api.w.org\/{rel}","templated":true}]}}