{"id":12934,"date":"2023-12-21T10:33:51","date_gmt":"2023-12-21T15:33:51","guid":{"rendered":"https:\/\/www.elamazonico.comportal\/?p=12934"},"modified":"2023-12-21T10:33:51","modified_gmt":"2023-12-21T15:33:51","slug":"contraloria-analizara-el-patrimonio-de-guillermo-lasso-en-2024","status":"publish","type":"post","link":"https:\/\/www.elamazonico.com\/portal\/contraloria-analizara-el-patrimonio-de-guillermo-lasso-en-2024\/","title":{"rendered":"Contralor\u00eda analizar\u00e1 el patrimonio de Guillermo Lasso en 2024"},"content":{"rendered":"<p>A partir de enero de 2024 se emitir\u00e1n las \u00f3rdenes de trabajo para el examen especial de las declaraciones patrimoniales juradas de exfuncionarios de elecci\u00f3n popular, entre ellos, el expresidente Guillermo Lasso Mendoza, subray\u00f3 el contralor general del Estado, Mauricio Torres Maldonado, en su comparecencia ante la Comisi\u00f3n de Fiscalizaci\u00f3n y Control Pol\u00edtico, que preside Pamela Aguirre.<\/p>\n<p>El titular del organismo de control record\u00f3 que, en el caso de las declaraciones patrimoniales de funcionarios p\u00fablicos, los ex\u00e1menes especiales pueden efectuarse hasta en siete a\u00f1os y, en el caso de los dignatarios de elecci\u00f3n popular, ese proceso se puede realizar hasta tres a\u00f1os posteriores al cese de funciones.<\/p>\n<p>La mesa convoc\u00f3 al contralor para que indique cu\u00e1les ser\u00e1n las acciones que desarrollar\u00e1 frente a un presunto incremento de 20 millones de d\u00f3lares, entre la declaraci\u00f3n de Guillermo Lasso al inicio de gesti\u00f3n y la otorgada al t\u00e9rmino de su ejercicio en la Presidencia de la Rep\u00fablica.<\/p>\n<p>Mauricio Torres anunci\u00f3 que a partir del pr\u00f3ximo a\u00f1o se aplicar\u00e1 inteligencia artificial para establecer en qu\u00e9 casos se evidencia una posible variaci\u00f3n de los bienes patrimoniales, sea en un incremento o disminuci\u00f3n del patrimonio y efectuar el correspondiente examen especial.<\/p>\n<p>Record\u00f3 que todos los funcionarios p\u00fablicos est\u00e1n obligados a presentar la declaraci\u00f3n patrimonial jurada al inicio de gesti\u00f3n, al finalizar funciones y, cada dos a\u00f1os, de manera peri\u00f3dica. En esa declaraci\u00f3n se deben incluir todos los activos y pasivos, considerando tambi\u00e9n los recursos que va a recibir -en el \u00edtem cuentas por cobrar- por ejemplo, si tiene una inversi\u00f3n que le va a rendir una ganancia o si tiene un apartamento y lo arrienda, cu\u00e1nto de ese arriendo va a recibir en un per\u00edodo determinado. (I)<\/p>\n<p>Fuente: Ecuadorenvivo<\/p>\n","protected":false},"excerpt":{"rendered":"<p>A partir de enero de 2024 se emitir\u00e1n las \u00f3rdenes de trabajo para el examen especial de las declaraciones patrimoniales juradas de exfuncionarios de elecci\u00f3n popular, entre ellos, el expresidente Guillermo Lasso Mendoza, subray\u00f3 el contralor general del Estado, Mauricio Torres Maldonado, en su comparecencia ante la Comisi\u00f3n de Fiscalizaci\u00f3n y Control Pol\u00edtico, que preside Pamela Aguirre. El titular del organismo de control record\u00f3 que, en el caso de las declaraciones patrimoniales de funcionarios p\u00fablicos, los ex\u00e1menes especiales pueden efectuarse hasta en siete a\u00f1os y, en el caso de los dignatarios de elecci\u00f3n popular, ese proceso se puede realizar hasta tres a\u00f1os posteriores al cese de funciones. La mesa convoc\u00f3 al contralor para que indique cu\u00e1les ser\u00e1n las acciones que desarrollar\u00e1 frente a un presunto incremento de 20 millones de d\u00f3lares, entre la declaraci\u00f3n de Guillermo Lasso al inicio de gesti\u00f3n y la otorgada al t\u00e9rmino de su ejercicio en la Presidencia de la Rep\u00fablica. Mauricio Torres anunci\u00f3 que a partir del pr\u00f3ximo a\u00f1o se aplicar\u00e1 inteligencia artificial para establecer en qu\u00e9 casos se evidencia una posible variaci\u00f3n de los bienes patrimoniales, sea en un incremento o disminuci\u00f3n del patrimonio y efectuar el correspondiente examen especial. Record\u00f3 que todos los funcionarios p\u00fablicos est\u00e1n obligados a presentar la declaraci\u00f3n patrimonial jurada al inicio de gesti\u00f3n, al finalizar funciones y, cada dos a\u00f1os, de manera peri\u00f3dica. En esa declaraci\u00f3n se deben incluir todos los activos y pasivos, considerando tambi\u00e9n los recursos que va a recibir -en el \u00edtem cuentas por cobrar- por ejemplo, si tiene una inversi\u00f3n que le va a rendir una ganancia o si tiene un apartamento y lo arrienda, cu\u00e1nto de ese arriendo va a recibir en un per\u00edodo determinado. (I) Fuente: Ecuadorenvivo<\/p>\n","protected":false},"author":1,"featured_media":12935,"comment_status":"open","ping_status":"open","sticky":false,"template":"","format":"standard","meta":{"footnotes":""},"categories":[268],"tags":[],"class_list":["post-12934","post","type-post","status-publish","format-standard","has-post-thumbnail","hentry","category-nacionales"],"_links":{"self":[{"href":"https:\/\/www.elamazonico.com\/portal\/wp-json\/wp\/v2\/posts\/12934","targetHints":{"allow":["GET"]}}],"collection":[{"href":"https:\/\/www.elamazonico.com\/portal\/wp-json\/wp\/v2\/posts"}],"about":[{"href":"https:\/\/www.elamazonico.com\/portal\/wp-json\/wp\/v2\/types\/post"}],"author":[{"embeddable":true,"href":"https:\/\/www.elamazonico.com\/portal\/wp-json\/wp\/v2\/users\/1"}],"replies":[{"embeddable":true,"href":"https:\/\/www.elamazonico.com\/portal\/wp-json\/wp\/v2\/comments?post=12934"}],"version-history":[{"count":1,"href":"https:\/\/www.elamazonico.com\/portal\/wp-json\/wp\/v2\/posts\/12934\/revisions"}],"predecessor-version":[{"id":12936,"href":"https:\/\/www.elamazonico.com\/portal\/wp-json\/wp\/v2\/posts\/12934\/revisions\/12936"}],"wp:featuredmedia":[{"embeddable":true,"href":"https:\/\/www.elamazonico.com\/portal\/wp-json\/wp\/v2\/media\/12935"}],"wp:attachment":[{"href":"https:\/\/www.elamazonico.com\/portal\/wp-json\/wp\/v2\/media?parent=12934"}],"wp:term":[{"taxonomy":"category","embeddable":true,"href":"https:\/\/www.elamazonico.com\/portal\/wp-json\/wp\/v2\/categories?post=12934"},{"taxonomy":"post_tag","embeddable":true,"href":"https:\/\/www.elamazonico.com\/portal\/wp-json\/wp\/v2\/tags?post=12934"}],"curies":[{"name":"wp","href":"https:\/\/api.w.org\/{rel}","templated":true}]}}