{"id":12920,"date":"2023-12-20T09:14:12","date_gmt":"2023-12-20T14:14:12","guid":{"rendered":"https:\/\/www.elamazonico.comportal\/?p=12920"},"modified":"2023-12-20T09:14:12","modified_gmt":"2023-12-20T14:14:12","slug":"tribunal-niega-habeas-corpus-a-wilman-teran-permanecera-en-prision-preventiva","status":"publish","type":"post","link":"https:\/\/www.elamazonico.com\/portal\/tribunal-niega-habeas-corpus-a-wilman-teran-permanecera-en-prision-preventiva\/","title":{"rendered":"Tribunal niega habeas corpus a Wilman Ter\u00e1n: permanecer\u00e1 en prisi\u00f3n preventiva"},"content":{"rendered":"<p>En una decisi\u00f3n emitida hoy, el Tribunal de la Sala de lo Contencioso Administrativo de la Corte Nacional de Justicia (CNJ) rechaz\u00f3 el recurso de habeas corpus presentado por la defensa de Wilman Ter\u00e1n, actual presidente del Consejo de la Judicatura (CJ). Ter\u00e1n, detenido desde el 15 de diciembre de 2023 junto a otras 30 personas por presunta participaci\u00f3n en delincuencia organizada, continuar\u00e1 cumpliendo arresto preventivo en la C\u00e1rcel 4, ubicada en el norte de Quito.<\/p>\n<p>El tribunal, conformado por Fabi\u00e1n Racines (juez ponente), Iv\u00e1n Larco y Patricio Secaira, argument\u00f3 que la pretensi\u00f3n de Ter\u00e1n no logr\u00f3 demostrar que su detenci\u00f3n fuera ilegal, arbitraria o ileg\u00edtima. Jorge Haz, abogado de Ter\u00e1n, hab\u00eda alegado ante los jueces que la detenci\u00f3n de su cliente fue arbitraria, solicitando su liberaci\u00f3n para que pueda defenderse en libertad de los cargos presentados por la fiscal\u00eda general del Estado.<\/p>\n<p>A pesar de la solicitud de la defensa, el Tribunal neg\u00f3 la pretensi\u00f3n de presentaci\u00f3n peri\u00f3dica o la prohibici\u00f3n de salir del pa\u00eds para Ter\u00e1n. Previamente a emitir la resoluci\u00f3n, el juez Fabi\u00e1n Racines consult\u00f3 al delegado del Servicio de Atenci\u00f3n a Personas Privadas de la Libertad (Snaie) sobre la situaci\u00f3n de Ter\u00e1n en la C\u00e1rcel 4, incluyendo aspectos de vulnerabilidad y acceso a servicios b\u00e1sicos.<\/p>\n<p>Con esta resoluci\u00f3n, Wilman Ter\u00e1n deber\u00e1 enfrentar el proceso judicial en curso desde el centro de detenci\u00f3n, mientras la investigaci\u00f3n por delincuencia organizada contin\u00faa. (I)<\/p>\n<p>Fuente: Ecuadorenvivo<\/p>\n","protected":false},"excerpt":{"rendered":"<p>En una decisi\u00f3n emitida hoy, el Tribunal de la Sala de lo Contencioso Administrativo de la Corte Nacional de Justicia (CNJ) rechaz\u00f3 el recurso de habeas corpus presentado por la defensa de Wilman Ter\u00e1n, actual presidente del Consejo de la Judicatura (CJ). Ter\u00e1n, detenido desde el 15 de diciembre de 2023 junto a otras 30 personas por presunta participaci\u00f3n en delincuencia organizada, continuar\u00e1 cumpliendo arresto preventivo en la C\u00e1rcel 4, ubicada en el norte de Quito. El tribunal, conformado por Fabi\u00e1n Racines (juez ponente), Iv\u00e1n Larco y Patricio Secaira, argument\u00f3 que la pretensi\u00f3n de Ter\u00e1n no logr\u00f3 demostrar que su detenci\u00f3n fuera ilegal, arbitraria o ileg\u00edtima. Jorge Haz, abogado de Ter\u00e1n, hab\u00eda alegado ante los jueces que la detenci\u00f3n de su cliente fue arbitraria, solicitando su liberaci\u00f3n para que pueda defenderse en libertad de los cargos presentados por la fiscal\u00eda general del Estado. A pesar de la solicitud de la defensa, el Tribunal neg\u00f3 la pretensi\u00f3n de presentaci\u00f3n peri\u00f3dica o la prohibici\u00f3n de salir del pa\u00eds para Ter\u00e1n. Previamente a emitir la resoluci\u00f3n, el juez Fabi\u00e1n Racines consult\u00f3 al delegado del Servicio de Atenci\u00f3n a Personas Privadas de la Libertad (Snaie) sobre la situaci\u00f3n de Ter\u00e1n en la C\u00e1rcel 4, incluyendo aspectos de vulnerabilidad y acceso a servicios b\u00e1sicos. Con esta resoluci\u00f3n, Wilman Ter\u00e1n deber\u00e1 enfrentar el proceso judicial en curso desde el centro de detenci\u00f3n, mientras la investigaci\u00f3n por delincuencia organizada contin\u00faa. (I) Fuente: Ecuadorenvivo<\/p>\n","protected":false},"author":1,"featured_media":12921,"comment_status":"open","ping_status":"open","sticky":false,"template":"","format":"standard","meta":{"footnotes":""},"categories":[268],"tags":[],"class_list":["post-12920","post","type-post","status-publish","format-standard","has-post-thumbnail","hentry","category-nacionales"],"_links":{"self":[{"href":"https:\/\/www.elamazonico.com\/portal\/wp-json\/wp\/v2\/posts\/12920","targetHints":{"allow":["GET"]}}],"collection":[{"href":"https:\/\/www.elamazonico.com\/portal\/wp-json\/wp\/v2\/posts"}],"about":[{"href":"https:\/\/www.elamazonico.com\/portal\/wp-json\/wp\/v2\/types\/post"}],"author":[{"embeddable":true,"href":"https:\/\/www.elamazonico.com\/portal\/wp-json\/wp\/v2\/users\/1"}],"replies":[{"embeddable":true,"href":"https:\/\/www.elamazonico.com\/portal\/wp-json\/wp\/v2\/comments?post=12920"}],"version-history":[{"count":1,"href":"https:\/\/www.elamazonico.com\/portal\/wp-json\/wp\/v2\/posts\/12920\/revisions"}],"predecessor-version":[{"id":12922,"href":"https:\/\/www.elamazonico.com\/portal\/wp-json\/wp\/v2\/posts\/12920\/revisions\/12922"}],"wp:featuredmedia":[{"embeddable":true,"href":"https:\/\/www.elamazonico.com\/portal\/wp-json\/wp\/v2\/media\/12921"}],"wp:attachment":[{"href":"https:\/\/www.elamazonico.com\/portal\/wp-json\/wp\/v2\/media?parent=12920"}],"wp:term":[{"taxonomy":"category","embeddable":true,"href":"https:\/\/www.elamazonico.com\/portal\/wp-json\/wp\/v2\/categories?post=12920"},{"taxonomy":"post_tag","embeddable":true,"href":"https:\/\/www.elamazonico.com\/portal\/wp-json\/wp\/v2\/tags?post=12920"}],"curies":[{"name":"wp","href":"https:\/\/api.w.org\/{rel}","templated":true}]}}