{"id":12908,"date":"2023-12-19T19:53:16","date_gmt":"2023-12-20T00:53:16","guid":{"rendered":"https:\/\/www.elamazonico.com\/portal\/?p=12908"},"modified":"2023-12-19T19:53:16","modified_gmt":"2023-12-20T00:53:16","slug":"la-judicatura-cambia-directores-y-suspende-el-concurso-de-jueces-para-la-corte-nacional","status":"publish","type":"post","link":"https:\/\/www.elamazonico.com\/portal\/la-judicatura-cambia-directores-y-suspende-el-concurso-de-jueces-para-la-corte-nacional\/","title":{"rendered":"La Judicatura cambia directores y suspende el concurso de jueces para la Corte Nacional"},"content":{"rendered":"<p>La sesi\u00f3n extraordinaria del\u00a0<a href=\"https:\/\/www.ecuavisa.com\/noticias\/politica\/consejo-judicatura-concurso-juece-FJ6496025\" target=\"_blank\" rel=\"noopener noreferrer\">Consejo de la Judicatura<\/a>, el 19 de diciembre, caus\u00f3 remez\u00f3n. El Pleno resolvi\u00f3 acoger la recomendaci\u00f3n de la jueza de Quito, Patricia Segarra, de suspender el concurso para la selecci\u00f3n de siete jueces de la Corte Nacional.<\/p>\n<div class=\"paragraph\">\n<p>Se trata de un pol\u00e9mico proceso que tuvo varias denuncias por inconsistencias, pero que Wilman Ter\u00e1n se neg\u00f3 a revisar y m\u00e1s a\u00fan a suspender.<\/p>\n<p>El Pleno decidi\u00f3 adem\u00e1s revisar las decisiones y actos tomados dentro del concurso y, en particular, \u00ablos hechos que se produjeron en torno a las pruebas de confianza\u00bb, anunciaron en redes sociales.<\/p>\n<\/div>\n<h2 class=\"h2-componente\">Remoci\u00f3n de funcionarios<\/h2>\n<div class=\"paragraph\">\n<p>Tal como constaba en la convocatoria, el Pleno se reuni\u00f3 para poner en conocimiento y resolver sobre la<b>\u00a0remoci\u00f3n de directivos\u00a0<\/b>de la Funci\u00f3n Judicial.<\/p>\n<p><b>LEA:<\/b>\u00a0<a href=\"https:\/\/www.ecuavisa.com\/noticias\/politica\/la-corte-nacional-niega-habeas-corpus-a-wilman-teran-seguira-detenido-por-el-caso-metastasis-EX6505372\" target=\"_blank\" rel=\"noopener noreferrer\">La Corte Nacional niega habeas corpus a Wilman Ter\u00e1n, seguir\u00e1 detenido por el caso met\u00e1stasis<\/a><\/p>\n<p>En primera instancia, se removi\u00f3 al Director General del Consejo de la Judicatura y se nombr\u00f3 a uno nuevo. Tambi\u00e9n fueron separados el cargo los jefes de las \u00e1reas de:<\/p>\n<p>Talento Humano<\/p>\n<\/div>\n<ul>\n<li class=\"bullet\">Comunicaci\u00f3n Social<\/li>\n<li class=\"bullet\">Administrativo<\/li>\n<li class=\"bullet\">Planificaci\u00f3n<\/li>\n<li class=\"bullet\">Tecnolog\u00edas de la Informaci\u00f3n y Comunicaciones<\/li>\n<li class=\"bullet\">Escuela de la Funci\u00f3n Judicial de la instituci\u00f3n<\/li>\n<\/ul>\n<h2 class=\"h2-componente\">Los despidos se dan en medio de la crisis por el caso Met\u00e1stasis<\/h2>\n<div class=\"paragraph\">\n<p>A ellos se suman 15 Directores Provinciales. Y se dispuso que la Direcci\u00f3n Nacional de Transparencia\u00a0<b>emita un informe<\/b>\u00a0que determine si los funcionarios separados de la instituci\u00f3n<b>\u00a0actuaron apegados\u00a0<\/b>a los\u00a0<b>intereses institucionales<\/b>.<\/p>\n<p>La decisi\u00f3n fue\u00a0<b>un\u00e1nime<\/b>. Los vocales Fausto Murillo y Yolanda Yupangui, y el presidente encargado, \u00c1lvaro Rom\u00e1n, estuvieron a favor de las remociones que responder\u00edan a los \u00faltimos\u00a0<b>actos de corrupci\u00f3n\u00a0<\/b>que fueron develados en la investigaci\u00f3n del\u00a0<b>caso Met\u00e1stasis.<\/b><\/p>\n<div class=\"content-quotecv\">\n<h3 class=\"Quotecv quotecv-html\">\u00abEs obligaci\u00f3n de los funcionarios responder a los intereses institucionales y, de ninguna manera, al inter\u00e9s de una o varias personas\u00bb, sostuvo el vocal Fausto Murillo.<\/h3>\n<\/div>\n<h2 class=\"h2-componente\">Piden informe t\u00e9cnico sobre la solicitud de vacaciones de Ter\u00e1n<\/h2>\n<div class=\"paragraph\">\n<p>Previamente, \u00c1lvaro Rom\u00e1n, quien asumi\u00f3 este 19 de diciembre la presidencia temporal del Consejo de la Judicatura, pidi\u00f3 analizar la\u00a0<b>solicitud de vacaciones<\/b>\u00a0de<b>\u00a0Wilman Ter\u00e1n<\/b>. Para ello, solicit\u00f3 un\u00a0<b>informe jur\u00eddico<\/b>\u00a0que permitir\u00e1 al Pleno \u00abtomar una decisi\u00f3n\u00bb.<\/p>\n<p>En un comunicado, la Judicatura record\u00f3 que el C\u00f3digo Org\u00e1nico de la Funci\u00f3n Judicial determina que se dar\u00e1\u00a0<b>30 d\u00edas de vacaci\u00f3n<\/b>\u00a0para los funcionarios que hayan\u00a0<b>trabajado 11 meses continuos.<\/b> Ter\u00e1n, por su parte, lleva 10 meses en la instituci\u00f3n. <strong>Fuente: Ecuavisa<\/strong><\/p>\n<\/div>\n<\/div>\n","protected":false},"excerpt":{"rendered":"<p>La sesi\u00f3n extraordinaria del\u00a0Consejo de la Judicatura, el 19 de diciembre, caus\u00f3 remez\u00f3n. El Pleno resolvi\u00f3 acoger la recomendaci\u00f3n de la jueza de Quito, Patricia Segarra, de suspender el concurso para la selecci\u00f3n de siete jueces de la Corte Nacional. Se trata de un pol\u00e9mico proceso que tuvo varias denuncias por inconsistencias, pero que Wilman Ter\u00e1n se neg\u00f3 a revisar y m\u00e1s a\u00fan a suspender. El Pleno decidi\u00f3 adem\u00e1s revisar las decisiones y actos tomados dentro del concurso y, en particular, \u00ablos hechos que se produjeron en torno a las pruebas de confianza\u00bb, anunciaron en redes sociales. Remoci\u00f3n de funcionarios Tal como constaba en la convocatoria, el Pleno se reuni\u00f3 para poner en conocimiento y resolver sobre la\u00a0remoci\u00f3n de directivos\u00a0de la Funci\u00f3n Judicial. LEA:\u00a0La Corte Nacional niega habeas corpus a Wilman Ter\u00e1n, seguir\u00e1 detenido por el caso met\u00e1stasis En primera instancia, se removi\u00f3 al Director General del Consejo de la Judicatura y se nombr\u00f3 a uno nuevo. Tambi\u00e9n fueron separados el cargo los jefes de las \u00e1reas de: Talento Humano Comunicaci\u00f3n Social Administrativo Planificaci\u00f3n Tecnolog\u00edas de la Informaci\u00f3n y Comunicaciones Escuela de la Funci\u00f3n Judicial de la instituci\u00f3n Los despidos se dan en medio de la crisis por el caso Met\u00e1stasis A ellos se suman 15 Directores Provinciales. Y se dispuso que la Direcci\u00f3n Nacional de Transparencia\u00a0emita un informe\u00a0que determine si los funcionarios separados de la instituci\u00f3n\u00a0actuaron apegados\u00a0a los\u00a0intereses institucionales. La decisi\u00f3n fue\u00a0un\u00e1nime. Los vocales Fausto Murillo y Yolanda Yupangui, y el presidente encargado, \u00c1lvaro Rom\u00e1n, estuvieron a favor de las remociones que responder\u00edan a los \u00faltimos\u00a0actos de corrupci\u00f3n\u00a0que fueron develados en la investigaci\u00f3n del\u00a0caso Met\u00e1stasis. \u00abEs obligaci\u00f3n de los funcionarios responder a los intereses institucionales y, de ninguna manera, al inter\u00e9s de una o varias personas\u00bb, sostuvo el vocal Fausto Murillo. Piden informe t\u00e9cnico sobre la solicitud de vacaciones de Ter\u00e1n Previamente, \u00c1lvaro Rom\u00e1n, quien asumi\u00f3 este 19 de diciembre la presidencia temporal del Consejo de la Judicatura, pidi\u00f3 analizar la\u00a0solicitud de vacaciones\u00a0de\u00a0Wilman Ter\u00e1n. Para ello, solicit\u00f3 un\u00a0informe jur\u00eddico\u00a0que permitir\u00e1 al Pleno \u00abtomar una decisi\u00f3n\u00bb. En un comunicado, la Judicatura record\u00f3 que el C\u00f3digo Org\u00e1nico de la Funci\u00f3n Judicial determina que se dar\u00e1\u00a030 d\u00edas de vacaci\u00f3n\u00a0para los funcionarios que hayan\u00a0trabajado 11 meses continuos. Ter\u00e1n, por su parte, lleva 10 meses en la instituci\u00f3n. Fuente: Ecuavisa<\/p>\n","protected":false},"author":1,"featured_media":12909,"comment_status":"open","ping_status":"open","sticky":false,"template":"","format":"standard","meta":{"footnotes":""},"categories":[268],"tags":[],"class_list":["post-12908","post","type-post","status-publish","format-standard","has-post-thumbnail","hentry","category-nacionales"],"_links":{"self":[{"href":"https:\/\/www.elamazonico.com\/portal\/wp-json\/wp\/v2\/posts\/12908","targetHints":{"allow":["GET"]}}],"collection":[{"href":"https:\/\/www.elamazonico.com\/portal\/wp-json\/wp\/v2\/posts"}],"about":[{"href":"https:\/\/www.elamazonico.com\/portal\/wp-json\/wp\/v2\/types\/post"}],"author":[{"embeddable":true,"href":"https:\/\/www.elamazonico.com\/portal\/wp-json\/wp\/v2\/users\/1"}],"replies":[{"embeddable":true,"href":"https:\/\/www.elamazonico.com\/portal\/wp-json\/wp\/v2\/comments?post=12908"}],"version-history":[{"count":1,"href":"https:\/\/www.elamazonico.com\/portal\/wp-json\/wp\/v2\/posts\/12908\/revisions"}],"predecessor-version":[{"id":12910,"href":"https:\/\/www.elamazonico.com\/portal\/wp-json\/wp\/v2\/posts\/12908\/revisions\/12910"}],"wp:featuredmedia":[{"embeddable":true,"href":"https:\/\/www.elamazonico.com\/portal\/wp-json\/wp\/v2\/media\/12909"}],"wp:attachment":[{"href":"https:\/\/www.elamazonico.com\/portal\/wp-json\/wp\/v2\/media?parent=12908"}],"wp:term":[{"taxonomy":"category","embeddable":true,"href":"https:\/\/www.elamazonico.com\/portal\/wp-json\/wp\/v2\/categories?post=12908"},{"taxonomy":"post_tag","embeddable":true,"href":"https:\/\/www.elamazonico.com\/portal\/wp-json\/wp\/v2\/tags?post=12908"}],"curies":[{"name":"wp","href":"https:\/\/api.w.org\/{rel}","templated":true}]}}