{"id":12902,"date":"2023-12-19T14:26:54","date_gmt":"2023-12-19T19:26:54","guid":{"rendered":"https:\/\/www.elamazonico.com\/portal\/?p=12902"},"modified":"2023-12-19T14:26:54","modified_gmt":"2023-12-19T19:26:54","slug":"proyecto-de-ley-economico-urgente-fue-aprobado-por-la-asamblea","status":"publish","type":"post","link":"https:\/\/www.elamazonico.com\/portal\/proyecto-de-ley-economico-urgente-fue-aprobado-por-la-asamblea\/","title":{"rendered":"Proyecto de ley econ\u00f3mico-urgente fue aprobado por la Asamblea"},"content":{"rendered":"<p>Con 107 votos a favor, el Pleno Legislativo aprob\u00f3 el\u00a0<strong>Proyecto de Ley Org\u00e1nica de Eficiencia Econ\u00f3mica y Generaci\u00f3n de Emple<\/strong>o, este 19 de diciembre de 2023.<\/p>\n<p>Esta reforma tributaria fue remitida al Legislativo por el Gobierno de Daniel Noboa con el\u00a0<strong>car\u00e1cter de econ\u00f3mico-urgente.<\/strong><\/p>\n<blockquote class=\"twitter-tweet\" data-width=\"550\" data-dnt=\"true\">\n<p lang=\"es\" dir=\"ltr\">Con patriotismo el Pleno Legislativo le dijo S\u00ed a la <a href=\"https:\/\/twitter.com\/hashtag\/LeyEficienciaEcon%C3%B3mica?src=hash&amp;ref_src=twsrc%5Etfw\">#LeyEficienciaEcon\u00f3mica<\/a>, aprob\u00e1ndola con m\u00e1s de 100 votos<br \/> <a href=\"https:\/\/twitter.com\/hashtag\/AsambleaEc2023?src=hash&amp;ref_src=twsrc%5Etfw\">#AsambleaEc2023<\/a> <a href=\"https:\/\/twitter.com\/hashtag\/NuevaAsamblea?src=hash&amp;ref_src=twsrc%5Etfw\">#NuevaAsamblea<\/a> <a href=\"https:\/\/t.co\/VJwOdDnqUU\">pic.twitter.com\/VJwOdDnqUU<\/a><\/p>\n<p>&mdash; Asamblea Nacional (@AsambleaEcuador) <a href=\"https:\/\/twitter.com\/AsambleaEcuador\/status\/1737183467631210801?ref_src=twsrc%5Etfw\">December 19, 2023<\/a><\/p><\/blockquote>\n<p><script async src=\"https:\/\/platform.twitter.com\/widgets.js\" charset=\"utf-8\"><\/script><\/p>\n<p>Tras enviar este proyecto de ley, el presidente Daniel Noboa inform\u00f3 las caracter\u00edsticas de ese marco normativo.<\/p>\n<p>-Las empresas que incrementen nuevas plazas de trabajo para j\u00f3venes, entre 18 y 29 a\u00f1os, podr\u00e1n tener una deducci\u00f3n adicional en el pago del impuesto a la renta.<\/p>\n<p>-Podr\u00e1n reducir a un 150% adicional por los gastos de publicidad o auspicios si apoyas a estudiantes de bajos recursos, personas con discapacidad, con enfermedades catastr\u00f3ficas, deportistas y entidades centradas en la desnutrici\u00f3n cr\u00f3nica infantil.<\/p>\n<p>-Las zonas francas tendr\u00e1n una tarifa del 0% en impuesto a la renta por los 5 primeros a\u00f1os. <strong>Fuente: El Tel\u00e9grafo<\/strong><\/p>\n","protected":false},"excerpt":{"rendered":"<p>Con 107 votos a favor, el Pleno Legislativo aprob\u00f3 el\u00a0Proyecto de Ley Org\u00e1nica de Eficiencia Econ\u00f3mica y Generaci\u00f3n de Empleo, este 19 de diciembre de 2023. Esta reforma tributaria fue remitida al Legislativo por el Gobierno de Daniel Noboa con el\u00a0car\u00e1cter de econ\u00f3mico-urgente. Con patriotismo el Pleno Legislativo le dijo S\u00ed a la #LeyEficienciaEcon\u00f3mica, aprob\u00e1ndola con m\u00e1s de 100 votos #AsambleaEc2023 #NuevaAsamblea pic.twitter.com\/VJwOdDnqUU &mdash; Asamblea Nacional (@AsambleaEcuador) December 19, 2023 Tras enviar este proyecto de ley, el presidente Daniel Noboa inform\u00f3 las caracter\u00edsticas de ese marco normativo. -Las empresas que incrementen nuevas plazas de trabajo para j\u00f3venes, entre 18 y 29 a\u00f1os, podr\u00e1n tener una deducci\u00f3n adicional en el pago del impuesto a la renta. -Podr\u00e1n reducir a un 150% adicional por los gastos de publicidad o auspicios si apoyas a estudiantes de bajos recursos, personas con discapacidad, con enfermedades catastr\u00f3ficas, deportistas y entidades centradas en la desnutrici\u00f3n cr\u00f3nica infantil. -Las zonas francas tendr\u00e1n una tarifa del 0% en impuesto a la renta por los 5 primeros a\u00f1os. Fuente: El Tel\u00e9grafo<\/p>\n","protected":false},"author":1,"featured_media":12904,"comment_status":"open","ping_status":"open","sticky":false,"template":"","format":"standard","meta":{"footnotes":""},"categories":[268],"tags":[],"class_list":["post-12902","post","type-post","status-publish","format-standard","has-post-thumbnail","hentry","category-nacionales"],"_links":{"self":[{"href":"https:\/\/www.elamazonico.com\/portal\/wp-json\/wp\/v2\/posts\/12902","targetHints":{"allow":["GET"]}}],"collection":[{"href":"https:\/\/www.elamazonico.com\/portal\/wp-json\/wp\/v2\/posts"}],"about":[{"href":"https:\/\/www.elamazonico.com\/portal\/wp-json\/wp\/v2\/types\/post"}],"author":[{"embeddable":true,"href":"https:\/\/www.elamazonico.com\/portal\/wp-json\/wp\/v2\/users\/1"}],"replies":[{"embeddable":true,"href":"https:\/\/www.elamazonico.com\/portal\/wp-json\/wp\/v2\/comments?post=12902"}],"version-history":[{"count":1,"href":"https:\/\/www.elamazonico.com\/portal\/wp-json\/wp\/v2\/posts\/12902\/revisions"}],"predecessor-version":[{"id":12907,"href":"https:\/\/www.elamazonico.com\/portal\/wp-json\/wp\/v2\/posts\/12902\/revisions\/12907"}],"wp:featuredmedia":[{"embeddable":true,"href":"https:\/\/www.elamazonico.com\/portal\/wp-json\/wp\/v2\/media\/12904"}],"wp:attachment":[{"href":"https:\/\/www.elamazonico.com\/portal\/wp-json\/wp\/v2\/media?parent=12902"}],"wp:term":[{"taxonomy":"category","embeddable":true,"href":"https:\/\/www.elamazonico.com\/portal\/wp-json\/wp\/v2\/categories?post=12902"},{"taxonomy":"post_tag","embeddable":true,"href":"https:\/\/www.elamazonico.com\/portal\/wp-json\/wp\/v2\/tags?post=12902"}],"curies":[{"name":"wp","href":"https:\/\/api.w.org\/{rel}","templated":true}]}}