{"id":12884,"date":"2023-12-19T08:47:37","date_gmt":"2023-12-19T13:47:37","guid":{"rendered":"https:\/\/www.elamazonico.comportal\/?p=12884"},"modified":"2023-12-19T08:47:37","modified_gmt":"2023-12-19T13:47:37","slug":"alvaro-roman-asumio-la-presidencia-de-la-judicatura","status":"publish","type":"post","link":"https:\/\/www.elamazonico.com\/portal\/alvaro-roman-asumio-la-presidencia-de-la-judicatura\/","title":{"rendered":"\u00c1lvaro Rom\u00e1n asumi\u00f3 la Presidencia de la Judicatura"},"content":{"rendered":"<p>\u00c1lvaro Rom\u00e1n presidir\u00e1 la sesi\u00f3n del Pleno de la Judicatura, este martes 19 de diciembre del 2023. Asume el cargo despu\u00e9s de que Wilman Ter\u00e1n, actual presidente e implicado en el caso Met\u00e1stasis, pidi\u00f3 vacaciones y mantiene prisi\u00f3n preventiva.<\/p>\n<p>La convocatoria se conoci\u00f3 la tarde de este 18 de diciembre. Rom\u00e1n estableci\u00f3 dos puntos en el orden del d\u00eda. Uno tiene que ver con la lectura de comunicaciones y el segundo con procesos disciplinarios.<\/p>\n<p>En uno de ellos tiene se tratar\u00e1 la medida preventiva de suspensi\u00f3n en contra de los jueces de la Sala Especializada de lo Laboral de la Corte del Guayas.<\/p>\n<p>Esta ma\u00f1ana se conoci\u00f3 el pedido de vacaciones hecho por Ter\u00e1n. Solicit\u00f3 16 d\u00edas y pidi\u00f3 que se convoque a Rom\u00e1n ya que es el suplente del presidente de la Judicatura.<\/p>\n<p>Es la segunda vez en este a\u00f1o que Rom\u00e1n asume el cargo por ausencia del titular de la Judicatura. Tras la renuncia de Mar\u00eda del Carmen Maldonado, inici\u00f3 una disputa que termin\u00f3 con un pronunciamiento de la Corte Constitucional.<\/p>\n<p>Esta vez reemplaza a Ter\u00e1n, quien fue detenido el jueves pasado en un operativo realizado por la Fiscal\u00eda y la Polic\u00eda Nacional. Se vincula al Presidente de la Judicatura con una estructura criminal organizada por el asesinado narcotraficante, Leandro Norero.\u00a0 (I)<\/p>\n<p>Fuente: Ecuadorenvivo<\/p>\n","protected":false},"excerpt":{"rendered":"<p>\u00c1lvaro Rom\u00e1n presidir\u00e1 la sesi\u00f3n del Pleno de la Judicatura, este martes 19 de diciembre del 2023. Asume el cargo despu\u00e9s de que Wilman Ter\u00e1n, actual presidente e implicado en el caso Met\u00e1stasis, pidi\u00f3 vacaciones y mantiene prisi\u00f3n preventiva. La convocatoria se conoci\u00f3 la tarde de este 18 de diciembre. Rom\u00e1n estableci\u00f3 dos puntos en el orden del d\u00eda. Uno tiene que ver con la lectura de comunicaciones y el segundo con procesos disciplinarios. En uno de ellos tiene se tratar\u00e1 la medida preventiva de suspensi\u00f3n en contra de los jueces de la Sala Especializada de lo Laboral de la Corte del Guayas. Esta ma\u00f1ana se conoci\u00f3 el pedido de vacaciones hecho por Ter\u00e1n. Solicit\u00f3 16 d\u00edas y pidi\u00f3 que se convoque a Rom\u00e1n ya que es el suplente del presidente de la Judicatura. Es la segunda vez en este a\u00f1o que Rom\u00e1n asume el cargo por ausencia del titular de la Judicatura. Tras la renuncia de Mar\u00eda del Carmen Maldonado, inici\u00f3 una disputa que termin\u00f3 con un pronunciamiento de la Corte Constitucional. Esta vez reemplaza a Ter\u00e1n, quien fue detenido el jueves pasado en un operativo realizado por la Fiscal\u00eda y la Polic\u00eda Nacional. Se vincula al Presidente de la Judicatura con una estructura criminal organizada por el asesinado narcotraficante, Leandro Norero.\u00a0 (I) Fuente: Ecuadorenvivo<\/p>\n","protected":false},"author":1,"featured_media":12885,"comment_status":"open","ping_status":"open","sticky":false,"template":"","format":"standard","meta":{"footnotes":""},"categories":[268],"tags":[],"class_list":["post-12884","post","type-post","status-publish","format-standard","has-post-thumbnail","hentry","category-nacionales"],"_links":{"self":[{"href":"https:\/\/www.elamazonico.com\/portal\/wp-json\/wp\/v2\/posts\/12884","targetHints":{"allow":["GET"]}}],"collection":[{"href":"https:\/\/www.elamazonico.com\/portal\/wp-json\/wp\/v2\/posts"}],"about":[{"href":"https:\/\/www.elamazonico.com\/portal\/wp-json\/wp\/v2\/types\/post"}],"author":[{"embeddable":true,"href":"https:\/\/www.elamazonico.com\/portal\/wp-json\/wp\/v2\/users\/1"}],"replies":[{"embeddable":true,"href":"https:\/\/www.elamazonico.com\/portal\/wp-json\/wp\/v2\/comments?post=12884"}],"version-history":[{"count":1,"href":"https:\/\/www.elamazonico.com\/portal\/wp-json\/wp\/v2\/posts\/12884\/revisions"}],"predecessor-version":[{"id":12886,"href":"https:\/\/www.elamazonico.com\/portal\/wp-json\/wp\/v2\/posts\/12884\/revisions\/12886"}],"wp:featuredmedia":[{"embeddable":true,"href":"https:\/\/www.elamazonico.com\/portal\/wp-json\/wp\/v2\/media\/12885"}],"wp:attachment":[{"href":"https:\/\/www.elamazonico.com\/portal\/wp-json\/wp\/v2\/media?parent=12884"}],"wp:term":[{"taxonomy":"category","embeddable":true,"href":"https:\/\/www.elamazonico.com\/portal\/wp-json\/wp\/v2\/categories?post=12884"},{"taxonomy":"post_tag","embeddable":true,"href":"https:\/\/www.elamazonico.com\/portal\/wp-json\/wp\/v2\/tags?post=12884"}],"curies":[{"name":"wp","href":"https:\/\/api.w.org\/{rel}","templated":true}]}}