{"id":1288,"date":"2021-10-06T17:43:44","date_gmt":"2021-10-06T22:43:44","guid":{"rendered":"https:\/\/www.elamazonico.comportal\/?p=1288"},"modified":"2021-10-06T17:43:52","modified_gmt":"2021-10-06T22:43:52","slug":"los-valiosos-472-anos-de-la-fundacion-de-zamora-de-los-alcaides-alcaldes","status":"publish","type":"post","link":"https:\/\/www.elamazonico.com\/portal\/los-valiosos-472-anos-de-la-fundacion-de-zamora-de-los-alcaides-alcaldes\/","title":{"rendered":"Los valiosos 472 a\u00f1os de la Fundaci\u00f3n de Zamora de los Alcaides (ALCALDES)"},"content":{"rendered":"\n<p>Este domingo por la ma\u00f1ana 3 de octubre de 2021, en un ambiente soleado de verano, transitaba por el centro de la ciudad de Zamora, de pronto escuche timbrar mi tel\u00e9fono, pero no conteste, estaba un poco ocupado, ustedes saben las tareas de fin de semana; luego de 20 minutos devolv\u00ed la llamada, fue una sorpresa porque mi interlocutor, periodista \u00e9l, me ped\u00eda escribir acerca de la fundaci\u00f3n de Zamora. Ciudad que me acogi\u00f3 desde el 1 de septiembre de 1996, luego de aceptar la propuesta del Sr. Alcalde electo Ing. Eugenio Reyes, para desempe\u00f1ar las funciones de director de Planificaci\u00f3n de la Municipalidad. Peque\u00f1a urbe que la ve\u00eda alejada como para establecerme por muchos a\u00f1os, esto porque el regreso a mi provincia, luego de graduarme como arquitecto en la Universidad de Cuenca deb\u00eda ser Yantzaza, mi pueblo natal. Pero, la hospitalidad y cari\u00f1o de la gente me atrapo por completo y continuare por siempre.<\/p>\n\n\n\n<p>La ciudad de Zamora, \u201cTierras de Aves y Cascadas\u201d y del reloj \u201cM\u00e1s grande del mundo\u201d, por sus 30 metros de di\u00e1metro, tiene historia de larga data. Es un honor escribir un resumen, como dice un amigo \u201cen pastilla\u201d, acerca de la fundaci\u00f3n de esta acogedora ciudad.<\/p>\n\n\n\n<p>Los aventureros espa\u00f1oles escuchan la noticia que los r\u00edos orientales de esta selva ind\u00f3mita hasta esa fecha, llevan mucho oro en sus entra\u00f1as. Con la codicia por delante entre 1546 a 1548, Pedro de la Garza da la orden a Alonso de Mercadillo para que inicie la conquista de la regi\u00f3n oriental, este a su vez delega a Hernando de Barahona y Guido Hern\u00e1ndez de Serpa, quienes m\u00e1s adelante son los protagonistas de la fundaci\u00f3n de Zamora.<\/p>\n\n\n\n<p>Los historiadores hacen referencia al Reino de los Yaguarzongos, traducida al castellano significa \u201cCoraz\u00f3n de Sangre\u201d, que estaba situado al oriente de la cordillera de los Andes, tribu que habit\u00f3 estos territorios. Cuenta la historia que Alonso de Mercadillo toma en nombre de la corona espa\u00f1ola esta tierra, le fue f\u00e1cil porque entra con 160 soldados desde Loja, acompa\u00f1ado de Pedro Hernando de Benavente, Guido Hern\u00e1ndez de Serpa y otros, ubic\u00e1ndose cerca de la desembocadura del rio Yacuambi con el Yayamayu (Zamora) el domingo 6 de octubre de 1549, lugar conocido en la actualidad como Soapaca.<\/p>\n\n\n\n<p>Se le nombra como \u201cZamora de los Alcaides\u201d (alcaldes), en memoria a la procedencia de sus fundadores, venidos desde Espa\u00f1a. La comitiva estuvo conformada por: Alonso de Mercadillo, Pedro Hernando de Benavente, Guido Hern\u00e1ndez de Serpa, Juan de Salinas Loyola, Juan de Arag\u00f3n, H\u00e9ctor Pugo, Alonso Hern\u00e1ndez, Crist\u00f3bal Ruiz, Diego Mart\u00ednez, Pedro Perdomo, Sebasti\u00e1n Calvo, Vasco Martin, , Juan P\u00e9rez de Vivanco, entre otros.<\/p>\n\n\n\n<p>Una vez marcado este hecho hist\u00f3rico, Mercadillo y Salinas proceden a retirarse y queda para organizar la ciudad el capit\u00e1n Hernando de Barahona, en compa\u00f1\u00eda de 50 soldados, que nombran a las autoridades y trazan la ciudad. Su procedencia marca las caracter\u00edsticas de la futura urbe; es decir parte de una plaza central o plaza de \u201carmas\u201d, de ah\u00ed inician amplias y largas calles que conforman cuadros o cuadras de 150 pies por lado. Se levantan las primeras casas con paredes de tabiques, sus techos se cubr\u00edan con lo que ten\u00edan en el medio natural que eran las hojas de palma. La religi\u00f3n impuesta por los fundadores se cimienta con la construcci\u00f3n de la iglesia y monasterio de la orden de Santo Domingo, manejado por un cura y sacrist\u00e1n.<\/p>\n\n\n\n<p>Si retrocedemos a la \u00e9poca, es f\u00e1cil entender, que las condiciones de aislamiento y abandono de las autoridades, se tornaban precarias las fundaciones de estos pueblos y poco sostenible en el tiempo. Su tendencia era trasladarlas a otro sitio con mejor ubicaci\u00f3n estrat\u00e9gica en defensa y ataque. Otro factor muy importante es el azote de enfermedades tra\u00eddas por los espa\u00f1oles. Para el caso de Zamora, ciudad reci\u00e9n fundada les afecta notablemente a sus pobladores la fiebre amarilla. Esta problem\u00e1tica le obliga a Salinas a trasladar a la ciudad entre el a\u00f1o 1558 a 1559 y la levanta a la margen derecha del rio Yacuambi, en las estribaciones de la cordillera \u201cChivatos\u201d, entre Piuntza y Guaguayme. Fue una decisi\u00f3n urgente con el fin de salvaguardar la vida de los compatriotas y nativos de lugar, ante la antes dicha enfermedad; tambi\u00e9n se procedi\u00f3 a quemar todas las casas levantadas, con el fin de eliminar la mencionada peste.<\/p>\n\n\n\n<p>Los historiadores no precisan la definitiva fundaci\u00f3n de la actual ciudad de Zamora, pero ellos mismos calculan que aproximadamente en el a\u00f1o 1800 se funda por tercera vez, este evento se da en la confluencia de los r\u00edos Bombuscaro y Jambo\u00e9, dominios que pertenec\u00edan a las comunidades shuar de Mart\u00edn Ujukam, Serembo y Unupi.<\/p>\n\n\n\n<p>Es evidente el esfuerzo y tenacidad de sus fundadores, por las condiciones impenetrables de la espesa selva amaz\u00f3nica. Pero mas all\u00e1 del hito hist\u00f3rico, debemos destacar la presencia de los primeros habitantes naturales de la zona, que dominaban estos territorios.<\/p>\n\n\n\n<p>Tambi\u00e9n es justo saludar a los pioneros y sus familias, que se decidieron poblar y construir una ciudad con una sociedad solidaria y pr\u00f3spera. Su esfuerzo por el bien com\u00fan es un gran ejemplo para las presentes y futuras generaciones.<\/p>\n\n\n\n<p>La frase a \u201cZamora la construimos todos\u201d, o \u201cViva Zamora\u201d, no tiene que ser una trivial ret\u00f3rica, mas, todo lo contrario; debe ser el combustible que nos anime para comprometernos a rescatar lo que nuestros predecesores nos dejaron como legado: La visionaria manera de hacer las cosas, en busca de mejores d\u00edas para Zamora y su gente.<\/p>\n\n\n\n<p>Contaba al inicio de este relato, como fue mi inesperada venida a Zamora, ya han pasado 25 a\u00f1os, Dios permita que pueda seguir aportando modestamente al desarrollo integral de la misma. Me despido con la frase que uso en mis programas de radio: \u201cHasta siempre Zamora Chinchipe\u201d.<\/p>\n\n\n\n<p>Por: Luis Antonio Zaruma<\/p>\n\n\n\n<p><\/p>\n","protected":false},"excerpt":{"rendered":"<p>Este domingo por la ma\u00f1ana 3 de octubre de 2021, en un ambiente soleado de verano, transitaba por el centro de la ciudad de Zamora, de pronto escuche timbrar mi tel\u00e9fono, pero no conteste, estaba un poco ocupado, ustedes saben las tareas de fin de semana; luego de 20 minutos devolv\u00ed la llamada, fue una sorpresa porque mi interlocutor, periodista \u00e9l, me ped\u00eda escribir acerca de la fundaci\u00f3n de Zamora. Ciudad que me acogi\u00f3 desde el 1 de septiembre de 1996, luego de aceptar la propuesta del Sr. Alcalde electo Ing. Eugenio Reyes, para desempe\u00f1ar las funciones de director de Planificaci\u00f3n de la Municipalidad. Peque\u00f1a urbe que la ve\u00eda alejada como para establecerme por muchos a\u00f1os, esto porque el regreso a mi provincia, luego de graduarme como arquitecto en la Universidad de Cuenca deb\u00eda ser Yantzaza, mi pueblo natal. Pero, la hospitalidad y cari\u00f1o de la gente me atrapo por completo y continuare por siempre. La ciudad de Zamora, \u201cTierras de Aves y Cascadas\u201d y del reloj \u201cM\u00e1s grande del mundo\u201d, por sus 30 metros de di\u00e1metro, tiene historia de larga data. Es un honor escribir un resumen, como dice un amigo \u201cen pastilla\u201d, acerca de la fundaci\u00f3n de esta acogedora ciudad. Los aventureros espa\u00f1oles escuchan la noticia que los r\u00edos orientales de esta selva ind\u00f3mita hasta esa fecha, llevan mucho oro en sus entra\u00f1as. Con la codicia por delante entre 1546 a 1548, Pedro de la Garza da la orden a Alonso de Mercadillo para que inicie la conquista de la regi\u00f3n oriental, este a su vez delega a Hernando de Barahona y Guido Hern\u00e1ndez de Serpa, quienes m\u00e1s adelante son los protagonistas de la fundaci\u00f3n de Zamora. Los historiadores hacen referencia al Reino de los Yaguarzongos, traducida al castellano significa \u201cCoraz\u00f3n de Sangre\u201d, que estaba situado al oriente de la cordillera de los Andes, tribu que habit\u00f3 estos territorios. Cuenta la historia que Alonso de Mercadillo toma en nombre de la corona espa\u00f1ola esta tierra, le fue f\u00e1cil porque entra con 160 soldados desde Loja, acompa\u00f1ado de Pedro Hernando de Benavente, Guido Hern\u00e1ndez de Serpa y otros, ubic\u00e1ndose cerca de la desembocadura del rio Yacuambi con el Yayamayu (Zamora) el domingo 6 de octubre de 1549, lugar conocido en la actualidad como Soapaca. Se le nombra como \u201cZamora de los Alcaides\u201d (alcaldes), en memoria a la procedencia de sus fundadores, venidos desde Espa\u00f1a. La comitiva estuvo conformada por: Alonso de Mercadillo, Pedro Hernando de Benavente, Guido Hern\u00e1ndez de Serpa, Juan de Salinas Loyola, Juan de Arag\u00f3n, H\u00e9ctor Pugo, Alonso Hern\u00e1ndez, Crist\u00f3bal Ruiz, Diego Mart\u00ednez, Pedro Perdomo, Sebasti\u00e1n Calvo, Vasco Martin, , Juan P\u00e9rez de Vivanco, entre otros. Una vez marcado este hecho hist\u00f3rico, Mercadillo y Salinas proceden a retirarse y queda para organizar la ciudad el capit\u00e1n Hernando de Barahona, en compa\u00f1\u00eda de 50 soldados, que nombran a las autoridades y trazan la ciudad. Su procedencia marca las caracter\u00edsticas de la futura urbe; es decir parte de una plaza central o plaza de \u201carmas\u201d, de ah\u00ed inician amplias y largas calles que conforman cuadros o cuadras de 150 pies por lado. Se levantan las primeras casas con paredes de tabiques, sus techos se cubr\u00edan con lo que ten\u00edan en el medio natural que eran las hojas de palma. La religi\u00f3n impuesta por los fundadores se cimienta con la construcci\u00f3n de la iglesia y monasterio de la orden de Santo Domingo, manejado por un cura y sacrist\u00e1n. Si retrocedemos a la \u00e9poca, es f\u00e1cil entender, que las condiciones de aislamiento y abandono de las autoridades, se tornaban precarias las fundaciones de estos pueblos y poco sostenible en el tiempo. Su tendencia era trasladarlas a otro sitio con mejor ubicaci\u00f3n estrat\u00e9gica en defensa y ataque. Otro factor muy importante es el azote de enfermedades tra\u00eddas por los espa\u00f1oles. Para el caso de Zamora, ciudad reci\u00e9n fundada les afecta notablemente a sus pobladores la fiebre amarilla. Esta problem\u00e1tica le obliga a Salinas a trasladar a la ciudad entre el a\u00f1o 1558 a 1559 y la levanta a la margen derecha del rio Yacuambi, en las estribaciones de la cordillera \u201cChivatos\u201d, entre Piuntza y Guaguayme. Fue una decisi\u00f3n urgente con el fin de salvaguardar la vida de los compatriotas y nativos de lugar, ante la antes dicha enfermedad; tambi\u00e9n se procedi\u00f3 a quemar todas las casas levantadas, con el fin de eliminar la mencionada peste. Los historiadores no precisan la definitiva fundaci\u00f3n de la actual ciudad de Zamora, pero ellos mismos calculan que aproximadamente en el a\u00f1o 1800 se funda por tercera vez, este evento se da en la confluencia de los r\u00edos Bombuscaro y Jambo\u00e9, dominios que pertenec\u00edan a las comunidades shuar de Mart\u00edn Ujukam, Serembo y Unupi. Es evidente el esfuerzo y tenacidad de sus fundadores, por las condiciones impenetrables de la espesa selva amaz\u00f3nica. Pero mas all\u00e1 del hito hist\u00f3rico, debemos destacar la presencia de los primeros habitantes naturales de la zona, que dominaban estos territorios. Tambi\u00e9n es justo saludar a los pioneros y sus familias, que se decidieron poblar y construir una ciudad con una sociedad solidaria y pr\u00f3spera. Su esfuerzo por el bien com\u00fan es un gran ejemplo para las presentes y futuras generaciones. La frase a \u201cZamora la construimos todos\u201d, o \u201cViva Zamora\u201d, no tiene que ser una trivial ret\u00f3rica, mas, todo lo contrario; debe ser el combustible que nos anime para comprometernos a rescatar lo que nuestros predecesores nos dejaron como legado: La visionaria manera de hacer las cosas, en busca de mejores d\u00edas para Zamora y su gente. Contaba al inicio de este relato, como fue mi inesperada venida a Zamora, ya han pasado 25 a\u00f1os, Dios permita que pueda seguir aportando modestamente al desarrollo integral de la misma. Me despido con la frase que uso en mis programas de radio: \u201cHasta siempre Zamora Chinchipe\u201d. Por: Luis Antonio Zaruma<\/p>\n","protected":false},"author":1,"featured_media":1290,"comment_status":"open","ping_status":"open","sticky":false,"template":"","format":"standard","meta":{"footnotes":""},"categories":[243],"tags":[],"class_list":["post-1288","post","type-post","status-publish","format-standard","has-post-thumbnail","hentry","category-noticias-zamora"],"_links":{"self":[{"href":"https:\/\/www.elamazonico.com\/portal\/wp-json\/wp\/v2\/posts\/1288","targetHints":{"allow":["GET"]}}],"collection":[{"href":"https:\/\/www.elamazonico.com\/portal\/wp-json\/wp\/v2\/posts"}],"about":[{"href":"https:\/\/www.elamazonico.com\/portal\/wp-json\/wp\/v2\/types\/post"}],"author":[{"embeddable":true,"href":"https:\/\/www.elamazonico.com\/portal\/wp-json\/wp\/v2\/users\/1"}],"replies":[{"embeddable":true,"href":"https:\/\/www.elamazonico.com\/portal\/wp-json\/wp\/v2\/comments?post=1288"}],"version-history":[{"count":1,"href":"https:\/\/www.elamazonico.com\/portal\/wp-json\/wp\/v2\/posts\/1288\/revisions"}],"predecessor-version":[{"id":1291,"href":"https:\/\/www.elamazonico.com\/portal\/wp-json\/wp\/v2\/posts\/1288\/revisions\/1291"}],"wp:featuredmedia":[{"embeddable":true,"href":"https:\/\/www.elamazonico.com\/portal\/wp-json\/wp\/v2\/media\/1290"}],"wp:attachment":[{"href":"https:\/\/www.elamazonico.com\/portal\/wp-json\/wp\/v2\/media?parent=1288"}],"wp:term":[{"taxonomy":"category","embeddable":true,"href":"https:\/\/www.elamazonico.com\/portal\/wp-json\/wp\/v2\/categories?post=1288"},{"taxonomy":"post_tag","embeddable":true,"href":"https:\/\/www.elamazonico.com\/portal\/wp-json\/wp\/v2\/tags?post=1288"}],"curies":[{"name":"wp","href":"https:\/\/api.w.org\/{rel}","templated":true}]}}