{"id":12849,"date":"2023-12-18T08:53:52","date_gmt":"2023-12-18T13:53:52","guid":{"rendered":"https:\/\/www.elamazonico.comportal\/?p=12849"},"modified":"2023-12-18T08:53:52","modified_gmt":"2023-12-18T13:53:52","slug":"la-pension-promedio-cada-vez-mas-insuficiente-para-jubilados","status":"publish","type":"post","link":"https:\/\/www.elamazonico.com\/portal\/la-pension-promedio-cada-vez-mas-insuficiente-para-jubilados\/","title":{"rendered":"La pensi\u00f3n promedio, cada vez m\u00e1s insuficiente para jubilados"},"content":{"rendered":"<p id=\"m103-102-104\" class=\"paragraph \" data-mrf-recirculation=\"Links p\u00e1rrafos\">El monto promedio de la pensi\u00f3n jubilar en el pa\u00eds es tan bajo que una de las principales ofertas de campa\u00f1a del ahora presidente de la Rep\u00fablica, Daniel Noboa, fue aumentarlas de tal manera que nadie recibiera menos del salario b\u00e1sico unificado. Una promesa que los jubilados est\u00e1n pendientes de que la cumpla. Y por ello se la recuerdan en esta nueva entrega de casos de la campa\u00f1a de EXPRESO, \u2018En defensa del afiliado\u2019.<\/p>\n<div id=\"m108-107-109\" class=\"content-highlight highlight \" data-mrf-recirculation=\"Highlight\">\n<p id=\"m145-144-146\" class=\"paragraph \" data-mrf-recirculation=\"Links p\u00e1rrafos\"><u><strong>Su Pensi\u00f3n jubilar ha comenzado a bajar con los a\u00f1os<\/strong><\/u><\/p>\n<p id=\"m150-149-151\" class=\"paragraph \" data-mrf-recirculation=\"Links p\u00e1rrafos\"><strong>1.\u00a0<\/strong>Buenos d\u00edas. Gracias a\u00a0<strong>Diario EXPRESO<\/strong>\u00a0por su espacio \u2018En defensa del afiliado\u2019 tengo a bien exponer mi caso y manifestar mi malestar. Antes no lo hice porque s\u00e9 que a unos compa\u00f1eros el Seguro Social los ten\u00edan como a una pelota, de aqu\u00ed para all\u00e1, y nunca han encontrado soluci\u00f3n a sus problemas. Mas, ahora que gracias a esta columna nosotros los afiliados y jubilados tenemos voz les expongo mi situaci\u00f3n. Desde 2020 comenc\u00e9 a experimentar rebajas de mi pensi\u00f3n comparada con el salario b\u00e1sico, hasta la actualidad, ya que ahora ni el salario b\u00e1sico gano porque solo recibo 445,20 d\u00f3lares. Se puede dar cuenta que en la mayor\u00eda de los a\u00f1os, recib\u00eda m\u00e1s que el salario b\u00e1sico. (Adjunta un gr\u00e1fico con cifras de los \u00faltimos a\u00f1os que lo demuestra). Pido a la persona que corresponda, que revise mi caso. Estar\u00e9 muy agradecido por su gesti\u00f3n.<\/p>\n<p id=\"m155-154-156\" class=\"paragraph \" data-mrf-recirculation=\"Links p\u00e1rrafos\"><strong>RESPUESTA:<\/strong>\u00a0La Direcci\u00f3n de Pensiones del<strong>\u00a0Seguro Social<\/strong> revisa el caso e informa que la pensi\u00f3n jubilar es el c\u00e1lculo de los a\u00f1os de aportaci\u00f3n o tiempo de servicio y las imposiciones o n\u00famero de aportes.El monto promedio de la pensi\u00f3n jubilar en el pa\u00eds es tan bajo que una de las principales ofertas de campa\u00f1a del ahora presidente de la Rep\u00fablica, Daniel Noboa, fue aumentarlas de tal manera que nadie recibiera menos del salario b\u00e1sico unificado. Una promesa que los jubilados est\u00e1n pendientes de que la cumpla. Y por ello se la recuerdan en esta nueva entrega de casos de la campa\u00f1a de EXPRESO, \u2018En defensa del afiliado\u2019.<\/p>\n<div class=\"page-content con\">\n<div id=\"m29-27-30\">\n<article id=\"article-182920\" class=\"article default\" data-history-state=\"0\" data-title=\"La pensi\u00f3n promedio, cada vez m\u00e1s insuficiente para jubilados\">\n<div class=\"box3x1 flo-left con\">\n<div class=\"content-modules\">\n<div class=\"content-modules-container\">\n<p id=\"m145-144-146\" class=\"paragraph \" data-mrf-recirculation=\"Links p\u00e1rrafos\"><u><strong>Su Pensi\u00f3n jubilar ha comenzado a bajar con los a\u00f1os<\/strong><\/u><\/p>\n<p id=\"m150-149-151\" class=\"paragraph \" data-mrf-recirculation=\"Links p\u00e1rrafos\"><strong>1.\u00a0<\/strong>Buenos d\u00edas. Gracias a\u00a0<strong>Diario EXPRESO<\/strong>\u00a0por su espacio \u2018En defensa del afiliado\u2019 tengo a bien exponer mi caso y manifestar mi malestar. Antes no lo hice porque s\u00e9 que a unos compa\u00f1eros el Seguro Social los ten\u00edan como a una pelota, de aqu\u00ed para all\u00e1, y nunca han encontrado soluci\u00f3n a sus problemas. Mas, ahora que gracias a esta columna nosotros los afiliados y jubilados tenemos voz les expongo mi situaci\u00f3n. Desde 2020 comenc\u00e9 a experimentar rebajas de mi pensi\u00f3n comparada con el salario b\u00e1sico, hasta la actualidad, ya que ahora ni el salario b\u00e1sico gano porque solo recibo 445,20 d\u00f3lares. Se puede dar cuenta que en la mayor\u00eda de los a\u00f1os, recib\u00eda m\u00e1s que el salario b\u00e1sico. (Adjunta un gr\u00e1fico con cifras de los \u00faltimos a\u00f1os que lo demuestra). Pido a la persona que corresponda, que revise mi caso. Estar\u00e9 muy agradecido por su gesti\u00f3n.<\/p>\n<p id=\"m155-154-156\" class=\"paragraph \" data-mrf-recirculation=\"Links p\u00e1rrafos\"><strong>RESPUESTA:<\/strong>\u00a0La Direcci\u00f3n de Pensiones del<strong>\u00a0Seguro Social<\/strong>\u00a0revisa el caso e informa que la pensi\u00f3n jubilar es el c\u00e1lculo de los a\u00f1os de aportaci\u00f3n o tiempo de servicio y las imposiciones o n\u00famero de aportes.<\/p>\n<p id=\"m165-164-166\" class=\"paragraph \" data-mrf-recirculation=\"Links p\u00e1rrafos\"><u><strong>Tiene aportes faltantes, pero su empleador ya no existe<\/strong><\/u><\/p>\n<p id=\"m170-169-171\" class=\"paragraph \" data-mrf-recirculation=\"Links p\u00e1rrafos\"><strong>2.<\/strong>\u00a0Buenos d\u00edas. Hace ocho a\u00f1os mi patrono no me ha aportado al IESS como ocho meses y tambi\u00e9n tengo un pr\u00e9stamo en mora. He intentado pagar personalmente y no he podido ya que la empresa donde trabaj\u00e9 ya desapareci\u00f3 y no puedo ni hacer pr\u00e9stamos ni retirar los fondos de reserva. He puesto una denuncia en el<strong>\u00a0IESS en Quito y en Guayaquil.<\/strong>\u00a0Quiero que el IESS me d\u00e9 una soluci\u00f3n. Que me diga qu\u00e9 puedo hacer.<\/p>\n<p id=\"m175-174-176\" class=\"paragraph \" data-mrf-recirculation=\"Links p\u00e1rrafos\"><strong>RESPUESTA:<\/strong> La Direcci\u00f3n Nacional de Recaudaci\u00f3n y Cartera informa que tras la revisi\u00f3n del caso y comprobar la mora patronal que existe, el caso se remite a otras direcciones a fin de generar comprobantes excepcionales y cubrir los aportes impagos.<strong>3.<\/strong>\u00a0Buenos d\u00edas. Gracias por esta importante v\u00eda de comunicaci\u00f3n que ustedes han puesto al servicio de los lectores de este prestigioso Diario, que nos sirve mucho como un eco para las autoridades. Ustedes est\u00e1n siendo un \u00f3rgano pegado al derecho del pueblo, sus reportajes y editoriales de las personas que ponen sus pensamientos a favor de un razonamiento que el pueblo desea expresar. Deseo que ustedes hagan p\u00fablico, de la mejor manera, un recordatorio al\u00a0<strong>presidente Daniel Noboa Az\u00edn<\/strong>, de su promesa que hizo p\u00fablica en campa\u00f1a de un aumento de las pensiones a los jubilados que ganan una pensi\u00f3n menor al salario b\u00e1sico unificado m\u00ednimo. De aumentarles o nivelarles la pensi\u00f3n. Porque no solo les pidi\u00f3 el voto. Y parece que \u00e9l se ha olvidado de los jubilados. Somos adultos mayores que con el alza de sesenta centavos que dej\u00f3 el gobierno de Rafael Correa, como aumento anual, no podemos vivir. Y menos en las condiciones en que est\u00e1 el IESS, en que hay que comprarse las medicinas para poder vivir los \u00faltimos a\u00f1os que Dios generosamente nos permite. Y como EXPRESO es solidario con el pueblo, le pedimos que hagan una menci\u00f3n de este pedido. Mil gracias. Sigan adelante. Manuel Balseca Barriga, jubilado.<\/p>\n<\/div>\n<\/div>\n<\/div>\n<\/article>\n<\/div>\n<\/div>\n<\/div>\n","protected":false},"excerpt":{"rendered":"<p>El monto promedio de la pensi\u00f3n jubilar en el pa\u00eds es tan bajo que una de las principales ofertas de campa\u00f1a del ahora presidente de la Rep\u00fablica, Daniel Noboa, fue aumentarlas de tal manera que nadie recibiera menos del salario b\u00e1sico unificado. Una promesa que los jubilados est\u00e1n pendientes de que la cumpla. Y por ello se la recuerdan en esta nueva entrega de casos de la campa\u00f1a de EXPRESO, \u2018En defensa del afiliado\u2019. Su Pensi\u00f3n jubilar ha comenzado a bajar con los a\u00f1os 1.\u00a0Buenos d\u00edas. Gracias a\u00a0Diario EXPRESO\u00a0por su espacio \u2018En defensa del afiliado\u2019 tengo a bien exponer mi caso y manifestar mi malestar. Antes no lo hice porque s\u00e9 que a unos compa\u00f1eros el Seguro Social los ten\u00edan como a una pelota, de aqu\u00ed para all\u00e1, y nunca han encontrado soluci\u00f3n a sus problemas. Mas, ahora que gracias a esta columna nosotros los afiliados y jubilados tenemos voz les expongo mi situaci\u00f3n. Desde 2020 comenc\u00e9 a experimentar rebajas de mi pensi\u00f3n comparada con el salario b\u00e1sico, hasta la actualidad, ya que ahora ni el salario b\u00e1sico gano porque solo recibo 445,20 d\u00f3lares. Se puede dar cuenta que en la mayor\u00eda de los a\u00f1os, recib\u00eda m\u00e1s que el salario b\u00e1sico. (Adjunta un gr\u00e1fico con cifras de los \u00faltimos a\u00f1os que lo demuestra). Pido a la persona que corresponda, que revise mi caso. Estar\u00e9 muy agradecido por su gesti\u00f3n. RESPUESTA:\u00a0La Direcci\u00f3n de Pensiones del\u00a0Seguro Social revisa el caso e informa que la pensi\u00f3n jubilar es el c\u00e1lculo de los a\u00f1os de aportaci\u00f3n o tiempo de servicio y las imposiciones o n\u00famero de aportes.El monto promedio de la pensi\u00f3n jubilar en el pa\u00eds es tan bajo que una de las principales ofertas de campa\u00f1a del ahora presidente de la Rep\u00fablica, Daniel Noboa, fue aumentarlas de tal manera que nadie recibiera menos del salario b\u00e1sico unificado. Una promesa que los jubilados est\u00e1n pendientes de que la cumpla. Y por ello se la recuerdan en esta nueva entrega de casos de la campa\u00f1a de EXPRESO, \u2018En defensa del afiliado\u2019. Su Pensi\u00f3n jubilar ha comenzado a bajar con los a\u00f1os 1.\u00a0Buenos d\u00edas. Gracias a\u00a0Diario EXPRESO\u00a0por su espacio \u2018En defensa del afiliado\u2019 tengo a bien exponer mi caso y manifestar mi malestar. Antes no lo hice porque s\u00e9 que a unos compa\u00f1eros el Seguro Social los ten\u00edan como a una pelota, de aqu\u00ed para all\u00e1, y nunca han encontrado soluci\u00f3n a sus problemas. Mas, ahora que gracias a esta columna nosotros los afiliados y jubilados tenemos voz les expongo mi situaci\u00f3n. Desde 2020 comenc\u00e9 a experimentar rebajas de mi pensi\u00f3n comparada con el salario b\u00e1sico, hasta la actualidad, ya que ahora ni el salario b\u00e1sico gano porque solo recibo 445,20 d\u00f3lares. Se puede dar cuenta que en la mayor\u00eda de los a\u00f1os, recib\u00eda m\u00e1s que el salario b\u00e1sico. (Adjunta un gr\u00e1fico con cifras de los \u00faltimos a\u00f1os que lo demuestra). Pido a la persona que corresponda, que revise mi caso. Estar\u00e9 muy agradecido por su gesti\u00f3n. RESPUESTA:\u00a0La Direcci\u00f3n de Pensiones del\u00a0Seguro Social\u00a0revisa el caso e informa que la pensi\u00f3n jubilar es el c\u00e1lculo de los a\u00f1os de aportaci\u00f3n o tiempo de servicio y las imposiciones o n\u00famero de aportes. Tiene aportes faltantes, pero su empleador ya no existe 2.\u00a0Buenos d\u00edas. Hace ocho a\u00f1os mi patrono no me ha aportado al IESS como ocho meses y tambi\u00e9n tengo un pr\u00e9stamo en mora. He intentado pagar personalmente y no he podido ya que la empresa donde trabaj\u00e9 ya desapareci\u00f3 y no puedo ni hacer pr\u00e9stamos ni retirar los fondos de reserva. He puesto una denuncia en el\u00a0IESS en Quito y en Guayaquil.\u00a0Quiero que el IESS me d\u00e9 una soluci\u00f3n. Que me diga qu\u00e9 puedo hacer. RESPUESTA: La Direcci\u00f3n Nacional de Recaudaci\u00f3n y Cartera informa que tras la revisi\u00f3n del caso y comprobar la mora patronal que existe, el caso se remite a otras direcciones a fin de generar comprobantes excepcionales y cubrir los aportes impagos.3.\u00a0Buenos d\u00edas. Gracias por esta importante v\u00eda de comunicaci\u00f3n que ustedes han puesto al servicio de los lectores de este prestigioso Diario, que nos sirve mucho como un eco para las autoridades. Ustedes est\u00e1n siendo un \u00f3rgano pegado al derecho del pueblo, sus reportajes y editoriales de las personas que ponen sus pensamientos a favor de un razonamiento que el pueblo desea expresar. Deseo que ustedes hagan p\u00fablico, de la mejor manera, un recordatorio al\u00a0presidente Daniel Noboa Az\u00edn, de su promesa que hizo p\u00fablica en campa\u00f1a de un aumento de las pensiones a los jubilados que ganan una pensi\u00f3n menor al salario b\u00e1sico unificado m\u00ednimo. De aumentarles o nivelarles la pensi\u00f3n. Porque no solo les pidi\u00f3 el voto. Y parece que \u00e9l se ha olvidado de los jubilados. Somos adultos mayores que con el alza de sesenta centavos que dej\u00f3 el gobierno de Rafael Correa, como aumento anual, no podemos vivir. Y menos en las condiciones en que est\u00e1 el IESS, en que hay que comprarse las medicinas para poder vivir los \u00faltimos a\u00f1os que Dios generosamente nos permite. Y como EXPRESO es solidario con el pueblo, le pedimos que hagan una menci\u00f3n de este pedido. Mil gracias. Sigan adelante. Manuel Balseca Barriga, jubilado.<\/p>\n","protected":false},"author":1,"featured_media":12850,"comment_status":"open","ping_status":"open","sticky":false,"template":"","format":"standard","meta":{"footnotes":""},"categories":[268],"tags":[],"class_list":["post-12849","post","type-post","status-publish","format-standard","has-post-thumbnail","hentry","category-nacionales"],"_links":{"self":[{"href":"https:\/\/www.elamazonico.com\/portal\/wp-json\/wp\/v2\/posts\/12849","targetHints":{"allow":["GET"]}}],"collection":[{"href":"https:\/\/www.elamazonico.com\/portal\/wp-json\/wp\/v2\/posts"}],"about":[{"href":"https:\/\/www.elamazonico.com\/portal\/wp-json\/wp\/v2\/types\/post"}],"author":[{"embeddable":true,"href":"https:\/\/www.elamazonico.com\/portal\/wp-json\/wp\/v2\/users\/1"}],"replies":[{"embeddable":true,"href":"https:\/\/www.elamazonico.com\/portal\/wp-json\/wp\/v2\/comments?post=12849"}],"version-history":[{"count":1,"href":"https:\/\/www.elamazonico.com\/portal\/wp-json\/wp\/v2\/posts\/12849\/revisions"}],"predecessor-version":[{"id":12851,"href":"https:\/\/www.elamazonico.com\/portal\/wp-json\/wp\/v2\/posts\/12849\/revisions\/12851"}],"wp:featuredmedia":[{"embeddable":true,"href":"https:\/\/www.elamazonico.com\/portal\/wp-json\/wp\/v2\/media\/12850"}],"wp:attachment":[{"href":"https:\/\/www.elamazonico.com\/portal\/wp-json\/wp\/v2\/media?parent=12849"}],"wp:term":[{"taxonomy":"category","embeddable":true,"href":"https:\/\/www.elamazonico.com\/portal\/wp-json\/wp\/v2\/categories?post=12849"},{"taxonomy":"post_tag","embeddable":true,"href":"https:\/\/www.elamazonico.com\/portal\/wp-json\/wp\/v2\/tags?post=12849"}],"curies":[{"name":"wp","href":"https:\/\/api.w.org\/{rel}","templated":true}]}}