{"id":12838,"date":"2023-12-17T23:01:06","date_gmt":"2023-12-18T04:01:06","guid":{"rendered":"https:\/\/www.elamazonico.comportal\/?p=12838"},"modified":"2023-12-17T23:05:21","modified_gmt":"2023-12-18T04:05:21","slug":"mexico-confirma-que-glas-esta-en-su-embajada-y-responde-que-le-dara-asilo-si-lo-cree-pertinente","status":"publish","type":"post","link":"https:\/\/www.elamazonico.com\/portal\/mexico-confirma-que-glas-esta-en-su-embajada-y-responde-que-le-dara-asilo-si-lo-cree-pertinente\/","title":{"rendered":"M\u00e9xico confirma que Glas est\u00e1 en su embajada y responde que le dar\u00e1 asilo si lo cree pertinente"},"content":{"rendered":"<p>La\u00a0<strong><a title=\"embajada de M\u00e9xico en el Ecuador\" href=\"https:\/\/twitter.com\/EmbaMexEcu\/with_replies\" target=\"_blank\" rel=\"noopener\">embajada de M\u00e9xico en el Ecuador<\/a><\/strong>\u00a0ha confirmado que el exvicepresidente de la Rep\u00fablica\u00a0<strong><a title=\"Jorge Glas\" href=\"https:\/\/www.larepublica.ec\/blog\/2023\/12\/17\/cancilleria-advierte-a-mexico-que-dar-asilo-a-glas-seria-ilicito-y-le-pide-que-lo-invite-a-abandonar-la-embajada\/\" target=\"_blank\" rel=\"noopener\">Jorge Glas<\/a><\/strong>\u00a0ha ingresado a esa sede diplom\u00e1tica este domingo 17 de diciembre, que ha solicitado ingreso y salvaguarda, expresando temor por su seguridad y libertad personales, y que permanece ah\u00ed en calidad de h\u00faesped.<\/p>\n<div class=\"mh-content-ad\">\n<p>Los mexicanos han respondido, a la advertencia de la Canciller\u00eda del Ecuador de no considerar l\u00edcito un eventual otorgamiento de asilo diplom\u00e1tico, que si Glas lo solicita, M\u00e9xico lo analizar\u00e1 \u00abdetenidamente\u00bb y proceder\u00e1 \u00abcomo fuera pertinente\u00bb.<\/p>\n<\/div>\n<p>En una carta enviada esta tarde, la\u00a0<strong>Canciller\u00eda<\/strong>\u00a0del Ecuador ha informado a la Embajada de M\u00e9xico que para el Gobierno del Ecuador \u00abresulta jur\u00eddicamente evidente que no ser\u00eda l\u00edcita la concesi\u00f3n de asilo diplom\u00e1tico\u00bb, al exvicepresidente\u00a0<strong>Jorge Glas<\/strong>, presuntamente refugiado en esa sede, \u00aben virtud del art\u00edculo III de la Convenci\u00f3n sobre Asilo Diplom\u00e1tico de 1954\u00bb.<\/p>\n<p>Glas entr\u00f3 a la embajada. horas despu\u00e9s que la\u00a0<strong><a href=\"https:\/\/twitter.com\/FiscaliaEcuador\" target=\"_blank\" rel=\"noreferrer noopener\">Fiscal\u00eda General del Estado<\/a><\/strong>\u00a0solicit\u00f3, el s\u00e1bado 16 de diciembre, al comandante de la Polic\u00eda Nacional, C\u00e9sar Zapata Correa, que lo localice, detenga y traslade para llevar a cabo diversas diligencias investigativas.<\/p>\n<p>Salazar invoc\u00f3 en el escrito el C\u00f3digo Org\u00e1nico Integral Penal, que en uno de sus art\u00edculos dispone que el fiscal podr\u00e1\u00a0<strong>\u00abimpedir, por un tiempo no mayor de doce horas, que las personas cuya informaci\u00f3n sea necesaria o sospechosos, se ausenten del lugar\u00bb<\/strong>\u00a0de la investigaci\u00f3n.<\/p>\n<h2 class=\"wp-block-heading\">\u00bfPeculado?<\/h2>\n<p>Aunque en el documento no especifica la causa en cuya investigaci\u00f3n se requiere la presencia de Glas, se cree que se trata la de\u00a0<strong>presunto peculado en obras por la reconstrucci\u00f3n de Manab\u00ed<\/strong>, tras el terremoto de 2016.<\/p>\n<p>Glas tambi\u00e9n enfrenta\u00a0<strong>acusaciones de intimidaci\u00f3n formuladas por Soledad Padilla, exasistente del exvicepresidente<\/strong>.<\/p>\n<p>Jimena Mena Mart\u00ednez, fiscal de la Unidad de Fuero de Corte Nacional, ha sido delegada por la Fiscal\u00eda para gestionar la recepci\u00f3n de testimonios y cualquier otro tr\u00e1mite necesario. Se ha pedido expresamente que Glas no sea esposado durante el requerimiento.<\/p>\n<p>Oficialmente,\u00a0<strong>la Fiscal\u00eda no ha informado de la orden de capturar a Glas<\/strong>. \u00a0En cambio, s\u00ed ha emitido un comunicado en el que recuerda a actores pol\u00edticos y medios de comunicaci\u00f3n que la difusi\u00f3n de informaci\u00f3n restringida es penado por la ley con uno a tres a\u00f1os de prisi\u00f3n. \u201cLa reserva de la informaci\u00f3n es fundamental para el correcto desarrollo de las investigaciones\u201d.<\/p>\n","protected":false},"excerpt":{"rendered":"<p>La\u00a0embajada de M\u00e9xico en el Ecuador\u00a0ha confirmado que el exvicepresidente de la Rep\u00fablica\u00a0Jorge Glas\u00a0ha ingresado a esa sede diplom\u00e1tica este domingo 17 de diciembre, que ha solicitado ingreso y salvaguarda, expresando temor por su seguridad y libertad personales, y que permanece ah\u00ed en calidad de h\u00faesped. Los mexicanos han respondido, a la advertencia de la Canciller\u00eda del Ecuador de no considerar l\u00edcito un eventual otorgamiento de asilo diplom\u00e1tico, que si Glas lo solicita, M\u00e9xico lo analizar\u00e1 \u00abdetenidamente\u00bb y proceder\u00e1 \u00abcomo fuera pertinente\u00bb. En una carta enviada esta tarde, la\u00a0Canciller\u00eda\u00a0del Ecuador ha informado a la Embajada de M\u00e9xico que para el Gobierno del Ecuador \u00abresulta jur\u00eddicamente evidente que no ser\u00eda l\u00edcita la concesi\u00f3n de asilo diplom\u00e1tico\u00bb, al exvicepresidente\u00a0Jorge Glas, presuntamente refugiado en esa sede, \u00aben virtud del art\u00edculo III de la Convenci\u00f3n sobre Asilo Diplom\u00e1tico de 1954\u00bb. Glas entr\u00f3 a la embajada. horas despu\u00e9s que la\u00a0Fiscal\u00eda General del Estado\u00a0solicit\u00f3, el s\u00e1bado 16 de diciembre, al comandante de la Polic\u00eda Nacional, C\u00e9sar Zapata Correa, que lo localice, detenga y traslade para llevar a cabo diversas diligencias investigativas. Salazar invoc\u00f3 en el escrito el C\u00f3digo Org\u00e1nico Integral Penal, que en uno de sus art\u00edculos dispone que el fiscal podr\u00e1\u00a0\u00abimpedir, por un tiempo no mayor de doce horas, que las personas cuya informaci\u00f3n sea necesaria o sospechosos, se ausenten del lugar\u00bb\u00a0de la investigaci\u00f3n. \u00bfPeculado? Aunque en el documento no especifica la causa en cuya investigaci\u00f3n se requiere la presencia de Glas, se cree que se trata la de\u00a0presunto peculado en obras por la reconstrucci\u00f3n de Manab\u00ed, tras el terremoto de 2016. Glas tambi\u00e9n enfrenta\u00a0acusaciones de intimidaci\u00f3n formuladas por Soledad Padilla, exasistente del exvicepresidente. Jimena Mena Mart\u00ednez, fiscal de la Unidad de Fuero de Corte Nacional, ha sido delegada por la Fiscal\u00eda para gestionar la recepci\u00f3n de testimonios y cualquier otro tr\u00e1mite necesario. Se ha pedido expresamente que Glas no sea esposado durante el requerimiento. Oficialmente,\u00a0la Fiscal\u00eda no ha informado de la orden de capturar a Glas. \u00a0En cambio, s\u00ed ha emitido un comunicado en el que recuerda a actores pol\u00edticos y medios de comunicaci\u00f3n que la difusi\u00f3n de informaci\u00f3n restringida es penado por la ley con uno a tres a\u00f1os de prisi\u00f3n. \u201cLa reserva de la informaci\u00f3n es fundamental para el correcto desarrollo de las investigaciones\u201d.<\/p>\n","protected":false},"author":1,"featured_media":12846,"comment_status":"open","ping_status":"open","sticky":false,"template":"","format":"standard","meta":{"footnotes":""},"categories":[268],"tags":[],"class_list":["post-12838","post","type-post","status-publish","format-standard","has-post-thumbnail","hentry","category-nacionales"],"_links":{"self":[{"href":"https:\/\/www.elamazonico.com\/portal\/wp-json\/wp\/v2\/posts\/12838","targetHints":{"allow":["GET"]}}],"collection":[{"href":"https:\/\/www.elamazonico.com\/portal\/wp-json\/wp\/v2\/posts"}],"about":[{"href":"https:\/\/www.elamazonico.com\/portal\/wp-json\/wp\/v2\/types\/post"}],"author":[{"embeddable":true,"href":"https:\/\/www.elamazonico.com\/portal\/wp-json\/wp\/v2\/users\/1"}],"replies":[{"embeddable":true,"href":"https:\/\/www.elamazonico.com\/portal\/wp-json\/wp\/v2\/comments?post=12838"}],"version-history":[{"count":3,"href":"https:\/\/www.elamazonico.com\/portal\/wp-json\/wp\/v2\/posts\/12838\/revisions"}],"predecessor-version":[{"id":12848,"href":"https:\/\/www.elamazonico.com\/portal\/wp-json\/wp\/v2\/posts\/12838\/revisions\/12848"}],"wp:featuredmedia":[{"embeddable":true,"href":"https:\/\/www.elamazonico.com\/portal\/wp-json\/wp\/v2\/media\/12846"}],"wp:attachment":[{"href":"https:\/\/www.elamazonico.com\/portal\/wp-json\/wp\/v2\/media?parent=12838"}],"wp:term":[{"taxonomy":"category","embeddable":true,"href":"https:\/\/www.elamazonico.com\/portal\/wp-json\/wp\/v2\/categories?post=12838"},{"taxonomy":"post_tag","embeddable":true,"href":"https:\/\/www.elamazonico.com\/portal\/wp-json\/wp\/v2\/tags?post=12838"}],"curies":[{"name":"wp","href":"https:\/\/api.w.org\/{rel}","templated":true}]}}