{"id":12835,"date":"2023-12-18T05:56:31","date_gmt":"2023-12-18T10:56:31","guid":{"rendered":"https:\/\/www.elamazonico.comportal\/?p=12835"},"modified":"2023-12-17T22:58:36","modified_gmt":"2023-12-18T03:58:36","slug":"desaparicion-de-jenny-priscila-perez-pelaez-en-chordeleg","status":"publish","type":"post","link":"https:\/\/www.elamazonico.com\/portal\/desaparicion-de-jenny-priscila-perez-pelaez-en-chordeleg\/","title":{"rendered":"Desaparici\u00f3n de Jenny Priscila P\u00e9rez Pel\u00e1ez en Chordeleg"},"content":{"rendered":"<p>En una preocupante situaci\u00f3n, se informa que Jenny Priscila P\u00e9rez Pel\u00e1ez, d JBe 14 a\u00f1os, ha sido declarada como desaparecida en Chordeleg, provincia de #Azuay.<\/p>\n<p>La joven sali\u00f3 de su domicilio en Chazhalao y fue vista por \u00faltima vez en el parque central.<\/p>\n<p>Las c\u00e1maras de seguridad registraron la presencia de Jenny Priscila en compa\u00f1\u00eda de un ciudadano a\u00fan no identificado.<\/p>\n<p>La colaboraci\u00f3n ciudadana es fundamental para obtener informaci\u00f3n sobre su paradero. Las autoridades locales y fuerzas de seguridad est\u00e1n desplegando esfuerzos para localizar a la adolescente.<\/p>\n<p>Se insta a cualquier persona que tenga informaci\u00f3n relevante a comunicarse de inmediato con las autoridades competentes.<\/p>\n<p>La familia de Jenny Priscila P\u00e9rez Pel\u00e1ez vive momentos dif\u00edciles, y se solicita respetar su privacidad mientras se lleva a cabo la investigaci\u00f3n.<\/p>\n<p>La solidaridad de la comunidad es esencial para resolver este caso y asegurar el regreso seguro de la joven desaparecida.<\/p>\n","protected":false},"excerpt":{"rendered":"<p>En una preocupante situaci\u00f3n, se informa que Jenny Priscila P\u00e9rez Pel\u00e1ez, d JBe 14 a\u00f1os, ha sido declarada como desaparecida en Chordeleg, provincia de #Azuay. La joven sali\u00f3 de su domicilio en Chazhalao y fue vista por \u00faltima vez en el parque central. Las c\u00e1maras de seguridad registraron la presencia de Jenny Priscila en compa\u00f1\u00eda de un ciudadano a\u00fan no identificado. La colaboraci\u00f3n ciudadana es fundamental para obtener informaci\u00f3n sobre su paradero. Las autoridades locales y fuerzas de seguridad est\u00e1n desplegando esfuerzos para localizar a la adolescente. Se insta a cualquier persona que tenga informaci\u00f3n relevante a comunicarse de inmediato con las autoridades competentes. La familia de Jenny Priscila P\u00e9rez Pel\u00e1ez vive momentos dif\u00edciles, y se solicita respetar su privacidad mientras se lleva a cabo la investigaci\u00f3n. La solidaridad de la comunidad es esencial para resolver este caso y asegurar el regreso seguro de la joven desaparecida.<\/p>\n","protected":false},"author":1,"featured_media":12836,"comment_status":"open","ping_status":"open","sticky":false,"template":"","format":"standard","meta":{"footnotes":""},"categories":[268],"tags":[],"class_list":["post-12835","post","type-post","status-publish","format-standard","has-post-thumbnail","hentry","category-nacionales"],"_links":{"self":[{"href":"https:\/\/www.elamazonico.com\/portal\/wp-json\/wp\/v2\/posts\/12835","targetHints":{"allow":["GET"]}}],"collection":[{"href":"https:\/\/www.elamazonico.com\/portal\/wp-json\/wp\/v2\/posts"}],"about":[{"href":"https:\/\/www.elamazonico.com\/portal\/wp-json\/wp\/v2\/types\/post"}],"author":[{"embeddable":true,"href":"https:\/\/www.elamazonico.com\/portal\/wp-json\/wp\/v2\/users\/1"}],"replies":[{"embeddable":true,"href":"https:\/\/www.elamazonico.com\/portal\/wp-json\/wp\/v2\/comments?post=12835"}],"version-history":[{"count":1,"href":"https:\/\/www.elamazonico.com\/portal\/wp-json\/wp\/v2\/posts\/12835\/revisions"}],"predecessor-version":[{"id":12837,"href":"https:\/\/www.elamazonico.com\/portal\/wp-json\/wp\/v2\/posts\/12835\/revisions\/12837"}],"wp:featuredmedia":[{"embeddable":true,"href":"https:\/\/www.elamazonico.com\/portal\/wp-json\/wp\/v2\/media\/12836"}],"wp:attachment":[{"href":"https:\/\/www.elamazonico.com\/portal\/wp-json\/wp\/v2\/media?parent=12835"}],"wp:term":[{"taxonomy":"category","embeddable":true,"href":"https:\/\/www.elamazonico.com\/portal\/wp-json\/wp\/v2\/categories?post=12835"},{"taxonomy":"post_tag","embeddable":true,"href":"https:\/\/www.elamazonico.com\/portal\/wp-json\/wp\/v2\/tags?post=12835"}],"curies":[{"name":"wp","href":"https:\/\/api.w.org\/{rel}","templated":true}]}}