{"id":12825,"date":"2023-12-17T12:00:29","date_gmt":"2023-12-17T17:00:29","guid":{"rendered":"https:\/\/www.elamazonico.com\/portal\/?p=12825"},"modified":"2023-12-17T12:00:29","modified_gmt":"2023-12-17T17:00:29","slug":"la-fiscal-esta-mostrandonos-como-funciona-un-narco-estado-maria-paula-romo","status":"publish","type":"post","link":"https:\/\/www.elamazonico.com\/portal\/la-fiscal-esta-mostrandonos-como-funciona-un-narco-estado-maria-paula-romo\/","title":{"rendered":"\u201cLa fiscal est\u00e1 mostr\u00e1ndonos como funciona un narco Estado\u201d Mar\u00eda Paula Romo"},"content":{"rendered":"<p>Mar\u00eda Paula Romo, dirigente del movimiento Construye, que no acept\u00f3 ser parte del acuerdo legislativo al que llegaron el corre\u00edsmo, el Partido Social Cristiano y el Gobierno, sostiene que el caso Met\u00e1stasis confirma que ten\u00eda raz\u00f3n cuando dijeron que el corre\u00edsmo era una l\u00ednea roja. \u201cSi ya lo sab\u00edamos antes, esto que acaba de ocurrir confirma nuestras peores sospechas\u201d, dice. \u201c\u00bfQu\u00e9 va a pasar con el acuerdo? Esto tienen que responderlo los socios del corre\u00edsmo\u201d, sostiene.<\/p>\n<p><strong>P: \u00bfQu\u00e9 significa Met\u00e1stasis en las actuales circunstancias pol\u00edticas del pa\u00eds?<\/strong><br \/>\n<strong>R:<\/strong> La fiscal y un equipo de personas est\u00e1n mostr\u00e1ndole al pa\u00eds c\u00f3mo funciona un narco-Estado. Cuando hablamos de estas grandes palabras como narco-Estado, de la narcopol\u00edtica o de la contaminaci\u00f3n del Estado, se ven como ideas muy lejanas. Lo que hoy estamos mirando en Met\u00e1stasis es exactamente de qu\u00e9 se tratan todos estos conceptos. Un capo de una organizaci\u00f3n criminal llega a tener contactos con jueces de la Corte Nacional de Justicia, compra polic\u00edas, jueces, fiscales y todo un grupo alrededor para fabricar su inocencia. Finalmente se quedan con el administrador de la justicia del pa\u00eds.<br \/>\n(Le puede interesar: Caso Met\u00e1stasis: Wilman Ter\u00e1n y Pablo Ram\u00edrez se excusan de la prisi\u00f3n preventiva)<\/p>\n<p><strong>P: El movimiento que usted dirige lo advirti\u00f3: con el corre\u00edsmo no haremos acuerdo.<\/strong><br \/>\n<strong>R:<\/strong> Exacto. Por eso dijimos que el corre\u00edsmo es una l\u00ednea roja, no porque seamos radicales o porque tengamos problemas personales o porque no comprendemos la pol\u00edtica. Por esto es por lo que el corre\u00edsmo es una l\u00ednea roja. Son sus abogados, literalmente, los que firman sus escritos, los mismos que los representaron en Sobornos, en Singue, los que pusieron los habeas corpus truchos para sacarlos de la c\u00e1rcel como a Glas, los mismos que han defendido a los narcos. Por todo esto, Met\u00e1stasis es tan clave para poner en contexto nuestra posici\u00f3n pol\u00edtica.<\/p>\n<p><strong>P: A esto habr\u00eda que a\u00f1adir el intenso activismo del corre\u00edsmo en redes sociales y organismos internacionales para defender a los acusados y desprestigiar el operativo.<\/strong><br \/>\n<strong>R:<\/strong> Efectivamente, la participaci\u00f3n de estos d\u00edas muestra una vinculaci\u00f3n y un compromiso todav\u00eda m\u00e1s grande de lo que uno pod\u00eda imaginar. Rafael Correa alerta sobre este megaoperativo y habr\u00eda provocado la fuga de algunos de los investigados. Luego, de una manera comprometida y entusiasta, todas las cabezas del corre\u00edsmo se dedican no solo a defender a los involucrados, sino a armar una narrativa de protecci\u00f3n. \u00bfCu\u00e1l es su narrativa de protecci\u00f3n? Esto es inventado, es pol\u00edtico, es puro lawfare, no hay pruebas\u2026 \u00a1Son aproximadamente 15 mil p\u00e1ginas de pruebas las que ha presentado la fiscal! Ya se pronunci\u00f3 el Grupo de Puebla. Es decir, empiezan a trasladar esto a un \u00e1mbito internacional. As\u00ed de involucrados est\u00e1n con la estructura que nos mostr\u00f3 la fiscal general del Estado.<\/p>\n<p><strong>P: Esto nos lleva a una pregunta inevitable. \u00bfCu\u00e1l es el futuro de este acuerdo llamado de gobernabilidad?<\/strong><br \/>\n<strong>R:<\/strong> No nos corresponde a nosotros responder esa pregunta porque para nosotros esa alianza era imposible e impresentable, aun antes de saber de Met\u00e1stasis. Nosotros, aun antes de que esto se conozca, pens\u00e1bamos que un acuerdo con ellos no era posible y que no se le pod\u00eda entregar al corre\u00edsmo la Comisi\u00f3n de Justicia o de Fiscalizaci\u00f3n de la Asamblea.<\/p>\n<p><strong>P: \u00bfUsted cree que el Gobierno ecuatoriano va a elevar una nota de protesta al Gobierno de B\u00e9lgica por el trabajo \u2018de campana\u2019 de Rafael Correa?<\/strong><br \/>\n<strong>R:<\/strong> No lo s\u00e9. Pienso que esa es una pregunta que hay que hacerle al Gobierno, pero me parece que la Fiscal\u00eda y la justicia en el Ecuador tienen elementos suficientes para discutir esto considerando la condici\u00f3n migratoria del expresidente. Pero si se ha cometido un delito, tambi\u00e9n podr\u00eda procesarlo la justicia.<\/p>\n<p><strong>P: \u00bfCu\u00e1l es el futuro del juicio pol\u00edtico a la fiscal en la Asamblea, tomando en cuenta que es ella quien est\u00e1 procesando un caso muy grave?<\/strong><br \/>\n<strong>R:<\/strong> Antes de esto, el juicio pol\u00edtico no ten\u00eda presentaci\u00f3n porque no se refer\u00eda a la gesti\u00f3n de la Fiscal\u00eda o a la pol\u00edtica criminal, (sino que) era una lista de asuntos jurisdiccionales, de ajuste de cuentas de los procesos penales de los l\u00edderes del corre\u00edsmo. La pregunta es que si queremos una sociedad de derecho y de democracia, \u00bfde qu\u00e9 lado va a estar qui\u00e9n? \u00bfQu\u00e9 tipo de sociedad ser\u00edamos si despu\u00e9s de este caso la sancionada es la fiscal?<\/p>\n<p><strong>P: En octubre de 2022, Andersson Bosc\u00e1n, de La Posta, aseguraba que usted se reun\u00eda con los narcotraficantes Norero y Fito. Que incluso cenaba con ellos. <\/strong><strong>\u00bfQu\u00e9 puede decir?<\/strong><\/p>\n<p><strong>R:<\/strong> Una pieza muy importante de este rompecabezas va a ser el papel de esas plataformas de informaci\u00f3n, entre comillas. \u00bfPor qu\u00e9? Porque La Posta y Andersson Bosc\u00e1n entran a la c\u00e1rcel con la protecci\u00f3n de Norero cuando no estaba todav\u00eda preso. Entran a la c\u00e1rcel, hacen un publirreportaje y terminan enviando el mensaje que lamentablemente el Gobierno de Guillermo Lasso acept\u00f3 y recogi\u00f3: que hab\u00eda que hacer comisiones de negociaci\u00f3n con los presos. Ese es un papel tremendo y que deliberadamente ha jugado La Posta, Bosc\u00e1n y que se ver\u00e1 reflejado a\u00fan m\u00e1s en este y otros casos.<\/p>\n<p><strong>P: \u00bfY sobre la acusaci\u00f3n?<\/strong><br \/>\n<strong>R:<\/strong> Para responder esta burda acusaci\u00f3n solamente voy a dar un detalle. Cuando yo era ministra de Gobierno, la justicia le daba por muerto a Norero porque \u00e9l fingi\u00f3 su muerte en el Per\u00fa. Cuando yo era ministra, \u00e9l no estaba preso. Fue detenido y llevado a prisi\u00f3n cuando Patricio Carrillo era ministro y eso explica el odio furibundo del corre\u00edsmo y de La Posta contra Carrillo. Yo creo que tanto La Posta como el corre\u00edsmo han jugado un papel sistem\u00e1tico para debilitar el sistema de justicia y seguridad en el Ecuador. Esto hay que saberlo para entender c\u00f3mo es que el pa\u00eds lleg\u00f3 a una crisis de inseguridad tan terrible. Entre los responsables de esto est\u00e1n estos se\u00f1ores, especialmente Bosc\u00e1n. <strong>Fuente: Diario El Expreso<\/strong><\/p>\n","protected":false},"excerpt":{"rendered":"<p>Mar\u00eda Paula Romo, dirigente del movimiento Construye, que no acept\u00f3 ser parte del acuerdo legislativo al que llegaron el corre\u00edsmo, el Partido Social Cristiano y el Gobierno, sostiene que el caso Met\u00e1stasis confirma que ten\u00eda raz\u00f3n cuando dijeron que el corre\u00edsmo era una l\u00ednea roja. \u201cSi ya lo sab\u00edamos antes, esto que acaba de ocurrir confirma nuestras peores sospechas\u201d, dice. \u201c\u00bfQu\u00e9 va a pasar con el acuerdo? Esto tienen que responderlo los socios del corre\u00edsmo\u201d, sostiene. P: \u00bfQu\u00e9 significa Met\u00e1stasis en las actuales circunstancias pol\u00edticas del pa\u00eds? R: La fiscal y un equipo de personas est\u00e1n mostr\u00e1ndole al pa\u00eds c\u00f3mo funciona un narco-Estado. Cuando hablamos de estas grandes palabras como narco-Estado, de la narcopol\u00edtica o de la contaminaci\u00f3n del Estado, se ven como ideas muy lejanas. Lo que hoy estamos mirando en Met\u00e1stasis es exactamente de qu\u00e9 se tratan todos estos conceptos. Un capo de una organizaci\u00f3n criminal llega a tener contactos con jueces de la Corte Nacional de Justicia, compra polic\u00edas, jueces, fiscales y todo un grupo alrededor para fabricar su inocencia. Finalmente se quedan con el administrador de la justicia del pa\u00eds. (Le puede interesar: Caso Met\u00e1stasis: Wilman Ter\u00e1n y Pablo Ram\u00edrez se excusan de la prisi\u00f3n preventiva) P: El movimiento que usted dirige lo advirti\u00f3: con el corre\u00edsmo no haremos acuerdo. R: Exacto. Por eso dijimos que el corre\u00edsmo es una l\u00ednea roja, no porque seamos radicales o porque tengamos problemas personales o porque no comprendemos la pol\u00edtica. Por esto es por lo que el corre\u00edsmo es una l\u00ednea roja. Son sus abogados, literalmente, los que firman sus escritos, los mismos que los representaron en Sobornos, en Singue, los que pusieron los habeas corpus truchos para sacarlos de la c\u00e1rcel como a Glas, los mismos que han defendido a los narcos. Por todo esto, Met\u00e1stasis es tan clave para poner en contexto nuestra posici\u00f3n pol\u00edtica. P: A esto habr\u00eda que a\u00f1adir el intenso activismo del corre\u00edsmo en redes sociales y organismos internacionales para defender a los acusados y desprestigiar el operativo. R: Efectivamente, la participaci\u00f3n de estos d\u00edas muestra una vinculaci\u00f3n y un compromiso todav\u00eda m\u00e1s grande de lo que uno pod\u00eda imaginar. Rafael Correa alerta sobre este megaoperativo y habr\u00eda provocado la fuga de algunos de los investigados. Luego, de una manera comprometida y entusiasta, todas las cabezas del corre\u00edsmo se dedican no solo a defender a los involucrados, sino a armar una narrativa de protecci\u00f3n. \u00bfCu\u00e1l es su narrativa de protecci\u00f3n? Esto es inventado, es pol\u00edtico, es puro lawfare, no hay pruebas\u2026 \u00a1Son aproximadamente 15 mil p\u00e1ginas de pruebas las que ha presentado la fiscal! Ya se pronunci\u00f3 el Grupo de Puebla. Es decir, empiezan a trasladar esto a un \u00e1mbito internacional. As\u00ed de involucrados est\u00e1n con la estructura que nos mostr\u00f3 la fiscal general del Estado. P: Esto nos lleva a una pregunta inevitable. \u00bfCu\u00e1l es el futuro de este acuerdo llamado de gobernabilidad? R: No nos corresponde a nosotros responder esa pregunta porque para nosotros esa alianza era imposible e impresentable, aun antes de saber de Met\u00e1stasis. Nosotros, aun antes de que esto se conozca, pens\u00e1bamos que un acuerdo con ellos no era posible y que no se le pod\u00eda entregar al corre\u00edsmo la Comisi\u00f3n de Justicia o de Fiscalizaci\u00f3n de la Asamblea. P: \u00bfUsted cree que el Gobierno ecuatoriano va a elevar una nota de protesta al Gobierno de B\u00e9lgica por el trabajo \u2018de campana\u2019 de Rafael Correa? R: No lo s\u00e9. Pienso que esa es una pregunta que hay que hacerle al Gobierno, pero me parece que la Fiscal\u00eda y la justicia en el Ecuador tienen elementos suficientes para discutir esto considerando la condici\u00f3n migratoria del expresidente. Pero si se ha cometido un delito, tambi\u00e9n podr\u00eda procesarlo la justicia. P: \u00bfCu\u00e1l es el futuro del juicio pol\u00edtico a la fiscal en la Asamblea, tomando en cuenta que es ella quien est\u00e1 procesando un caso muy grave? R: Antes de esto, el juicio pol\u00edtico no ten\u00eda presentaci\u00f3n porque no se refer\u00eda a la gesti\u00f3n de la Fiscal\u00eda o a la pol\u00edtica criminal, (sino que) era una lista de asuntos jurisdiccionales, de ajuste de cuentas de los procesos penales de los l\u00edderes del corre\u00edsmo. La pregunta es que si queremos una sociedad de derecho y de democracia, \u00bfde qu\u00e9 lado va a estar qui\u00e9n? \u00bfQu\u00e9 tipo de sociedad ser\u00edamos si despu\u00e9s de este caso la sancionada es la fiscal? P: En octubre de 2022, Andersson Bosc\u00e1n, de La Posta, aseguraba que usted se reun\u00eda con los narcotraficantes Norero y Fito. Que incluso cenaba con ellos. \u00bfQu\u00e9 puede decir? R: Una pieza muy importante de este rompecabezas va a ser el papel de esas plataformas de informaci\u00f3n, entre comillas. \u00bfPor qu\u00e9? Porque La Posta y Andersson Bosc\u00e1n entran a la c\u00e1rcel con la protecci\u00f3n de Norero cuando no estaba todav\u00eda preso. Entran a la c\u00e1rcel, hacen un publirreportaje y terminan enviando el mensaje que lamentablemente el Gobierno de Guillermo Lasso acept\u00f3 y recogi\u00f3: que hab\u00eda que hacer comisiones de negociaci\u00f3n con los presos. Ese es un papel tremendo y que deliberadamente ha jugado La Posta, Bosc\u00e1n y que se ver\u00e1 reflejado a\u00fan m\u00e1s en este y otros casos. P: \u00bfY sobre la acusaci\u00f3n? R: Para responder esta burda acusaci\u00f3n solamente voy a dar un detalle. Cuando yo era ministra de Gobierno, la justicia le daba por muerto a Norero porque \u00e9l fingi\u00f3 su muerte en el Per\u00fa. Cuando yo era ministra, \u00e9l no estaba preso. Fue detenido y llevado a prisi\u00f3n cuando Patricio Carrillo era ministro y eso explica el odio furibundo del corre\u00edsmo y de La Posta contra Carrillo. Yo creo que tanto La Posta como el corre\u00edsmo han jugado un papel sistem\u00e1tico para debilitar el sistema de justicia y seguridad en el Ecuador. Esto hay que saberlo para entender c\u00f3mo es que el pa\u00eds lleg\u00f3 a una crisis de inseguridad tan terrible. Entre los responsables de esto est\u00e1n estos se\u00f1ores, especialmente Bosc\u00e1n. Fuente: Diario El Expreso<\/p>\n","protected":false},"author":1,"featured_media":12826,"comment_status":"open","ping_status":"open","sticky":false,"template":"","format":"standard","meta":{"footnotes":""},"categories":[268],"tags":[],"class_list":["post-12825","post","type-post","status-publish","format-standard","has-post-thumbnail","hentry","category-nacionales"],"_links":{"self":[{"href":"https:\/\/www.elamazonico.com\/portal\/wp-json\/wp\/v2\/posts\/12825","targetHints":{"allow":["GET"]}}],"collection":[{"href":"https:\/\/www.elamazonico.com\/portal\/wp-json\/wp\/v2\/posts"}],"about":[{"href":"https:\/\/www.elamazonico.com\/portal\/wp-json\/wp\/v2\/types\/post"}],"author":[{"embeddable":true,"href":"https:\/\/www.elamazonico.com\/portal\/wp-json\/wp\/v2\/users\/1"}],"replies":[{"embeddable":true,"href":"https:\/\/www.elamazonico.com\/portal\/wp-json\/wp\/v2\/comments?post=12825"}],"version-history":[{"count":1,"href":"https:\/\/www.elamazonico.com\/portal\/wp-json\/wp\/v2\/posts\/12825\/revisions"}],"predecessor-version":[{"id":12827,"href":"https:\/\/www.elamazonico.com\/portal\/wp-json\/wp\/v2\/posts\/12825\/revisions\/12827"}],"wp:featuredmedia":[{"embeddable":true,"href":"https:\/\/www.elamazonico.com\/portal\/wp-json\/wp\/v2\/media\/12826"}],"wp:attachment":[{"href":"https:\/\/www.elamazonico.com\/portal\/wp-json\/wp\/v2\/media?parent=12825"}],"wp:term":[{"taxonomy":"category","embeddable":true,"href":"https:\/\/www.elamazonico.com\/portal\/wp-json\/wp\/v2\/categories?post=12825"},{"taxonomy":"post_tag","embeddable":true,"href":"https:\/\/www.elamazonico.com\/portal\/wp-json\/wp\/v2\/tags?post=12825"}],"curies":[{"name":"wp","href":"https:\/\/api.w.org\/{rel}","templated":true}]}}