{"id":12818,"date":"2023-12-16T17:59:24","date_gmt":"2023-12-16T22:59:24","guid":{"rendered":"https:\/\/www.elamazonico.com\/portal\/?p=12818"},"modified":"2023-12-16T17:59:24","modified_gmt":"2023-12-16T22:59:24","slug":"caso-metastasis-daniel-noboa-ha-sido-una-de-las-semanas-mas-duras-desde-que-hemos-vuelto-a-la-democracia","status":"publish","type":"post","link":"https:\/\/www.elamazonico.com\/portal\/caso-metastasis-daniel-noboa-ha-sido-una-de-las-semanas-mas-duras-desde-que-hemos-vuelto-a-la-democracia\/","title":{"rendered":"Caso Met\u00e1stasis | Daniel Noboa: \u00abHa sido una de las semanas m\u00e1s duras desde que hemos vuelto a la democracia\u00bb"},"content":{"rendered":"<p>El\u00a0<b><a href=\"https:\/\/www.ecuavisa.com\/noticias\/politica\/noboa-tentativas-consulta-popular-2024-XK6491642\" target=\"_blank\" rel=\"noopener noreferrer\">presidente Daniel Noboa<\/a>\u00a0<\/b>particip\u00f3 en un evento del\u00a0<b>Ministerio de Inclusi\u00f3n Econ\u00f3mica y Social (MIES)<\/b>\u00a0este 16 de diciembre de 2023, en el que se realiz\u00f3 la firma del &#8216;Pacto Social y Productivo por el Nuevo Ecuador&#8217;. Sin embargo, en su declaraci\u00f3n dio algunas declaraciones pol\u00edticas y coyunturales.<\/p>\n<p>Sobre el caso\u00a0<a href=\"https:\/\/www.ecuavisa.com\/noticias\/seguridad\/caso-metastasis-detenidos-provincias-trasladados-quito-NM6482843\" target=\"_blank\" rel=\"noopener noreferrer\">Met\u00e1stasis<\/a>,\u00a0<b>un golpe de la Fiscal\u00eda al narcotr\u00e1fico y la corrupci\u00f3n<\/b>, el Mandatario dijo que la semana pasada es determinante. Dijo que es una de las \u00abm\u00e1s duras\u00bb desde el retorno a la Democracia y una de las m\u00e1s determinantes en los pr\u00f3ximos 10 a\u00f1os.<\/p>\n<div class=\"paragraph\">\n<p>Felicit\u00f3 a la fiscal Dina Salazar, al\u00a0<b>Ministerio de Interior y Ministerio de Defensa<\/b>\u00a0por sus actuaciones en el caso y asegur\u00f3: \u00abHemos atacado la delincuencia, hemos dado guerra a los grupos de crimen organizado\u00bb.<\/p>\n<\/div>\n<h2 class=\"h2-componente\">Noboa se refiri\u00f3 a la reforma tributaria<\/h2>\n<div class=\"paragraph\">\n<p>El presidente<b><a href=\"https:\/\/www.ecuavisa.com\/noticias\/politica\/en-vivo-reforma-tributaria-ley-economica-asamblea-primer-debate-HA6471292\" target=\"_blank\" rel=\"noopener noreferrer\">\u00a0Daniel Noboa tambi\u00e9n se refiri\u00f3 a la reforma tributaria<\/a><\/b>\u00a0que present\u00f3 a la Asamblea Nacional para que sea tramitada como un proyecto econ\u00f3mico urgente.<\/p>\n<p>Dijo que el proyecto fue pensado para incentivar la contrataci\u00f3n de j\u00f3venes y que espera que \u00abla funci\u00f3n Legislativa haga su parte y act\u00fae con celeridad\u00bb.<\/p>\n<p>Sobre su paso por la Asamblea anterior, dijo que no fue la peor de la historia, sino la peor manejada, pero que ahora, espera que los legisladores tengan un\u00a0<b>compromiso con la ciudadan\u00eda<\/b>. <strong>Fuente: Ecuavisa\u00a0<\/strong><\/p>\n<\/div>\n","protected":false},"excerpt":{"rendered":"<p>El\u00a0presidente Daniel Noboa\u00a0particip\u00f3 en un evento del\u00a0Ministerio de Inclusi\u00f3n Econ\u00f3mica y Social (MIES)\u00a0este 16 de diciembre de 2023, en el que se realiz\u00f3 la firma del &#8216;Pacto Social y Productivo por el Nuevo Ecuador&#8217;. Sin embargo, en su declaraci\u00f3n dio algunas declaraciones pol\u00edticas y coyunturales. Sobre el caso\u00a0Met\u00e1stasis,\u00a0un golpe de la Fiscal\u00eda al narcotr\u00e1fico y la corrupci\u00f3n, el Mandatario dijo que la semana pasada es determinante. Dijo que es una de las \u00abm\u00e1s duras\u00bb desde el retorno a la Democracia y una de las m\u00e1s determinantes en los pr\u00f3ximos 10 a\u00f1os. Felicit\u00f3 a la fiscal Dina Salazar, al\u00a0Ministerio de Interior y Ministerio de Defensa\u00a0por sus actuaciones en el caso y asegur\u00f3: \u00abHemos atacado la delincuencia, hemos dado guerra a los grupos de crimen organizado\u00bb. Noboa se refiri\u00f3 a la reforma tributaria El presidente\u00a0Daniel Noboa tambi\u00e9n se refiri\u00f3 a la reforma tributaria\u00a0que present\u00f3 a la Asamblea Nacional para que sea tramitada como un proyecto econ\u00f3mico urgente. Dijo que el proyecto fue pensado para incentivar la contrataci\u00f3n de j\u00f3venes y que espera que \u00abla funci\u00f3n Legislativa haga su parte y act\u00fae con celeridad\u00bb. Sobre su paso por la Asamblea anterior, dijo que no fue la peor de la historia, sino la peor manejada, pero que ahora, espera que los legisladores tengan un\u00a0compromiso con la ciudadan\u00eda. Fuente: Ecuavisa\u00a0<\/p>\n","protected":false},"author":1,"featured_media":12819,"comment_status":"open","ping_status":"open","sticky":false,"template":"","format":"standard","meta":{"footnotes":""},"categories":[268],"tags":[],"class_list":["post-12818","post","type-post","status-publish","format-standard","has-post-thumbnail","hentry","category-nacionales"],"_links":{"self":[{"href":"https:\/\/www.elamazonico.com\/portal\/wp-json\/wp\/v2\/posts\/12818","targetHints":{"allow":["GET"]}}],"collection":[{"href":"https:\/\/www.elamazonico.com\/portal\/wp-json\/wp\/v2\/posts"}],"about":[{"href":"https:\/\/www.elamazonico.com\/portal\/wp-json\/wp\/v2\/types\/post"}],"author":[{"embeddable":true,"href":"https:\/\/www.elamazonico.com\/portal\/wp-json\/wp\/v2\/users\/1"}],"replies":[{"embeddable":true,"href":"https:\/\/www.elamazonico.com\/portal\/wp-json\/wp\/v2\/comments?post=12818"}],"version-history":[{"count":1,"href":"https:\/\/www.elamazonico.com\/portal\/wp-json\/wp\/v2\/posts\/12818\/revisions"}],"predecessor-version":[{"id":12820,"href":"https:\/\/www.elamazonico.com\/portal\/wp-json\/wp\/v2\/posts\/12818\/revisions\/12820"}],"wp:featuredmedia":[{"embeddable":true,"href":"https:\/\/www.elamazonico.com\/portal\/wp-json\/wp\/v2\/media\/12819"}],"wp:attachment":[{"href":"https:\/\/www.elamazonico.com\/portal\/wp-json\/wp\/v2\/media?parent=12818"}],"wp:term":[{"taxonomy":"category","embeddable":true,"href":"https:\/\/www.elamazonico.com\/portal\/wp-json\/wp\/v2\/categories?post=12818"},{"taxonomy":"post_tag","embeddable":true,"href":"https:\/\/www.elamazonico.com\/portal\/wp-json\/wp\/v2\/tags?post=12818"}],"curies":[{"name":"wp","href":"https:\/\/api.w.org\/{rel}","templated":true}]}}