{"id":12801,"date":"2023-12-15T11:19:49","date_gmt":"2023-12-15T16:19:49","guid":{"rendered":"https:\/\/www.elamazonico.com\/portal\/?p=12801"},"modified":"2023-12-15T11:19:49","modified_gmt":"2023-12-15T16:19:49","slug":"exjuez-detenido-por-el-caso-metastasis-ordeno-que-se-le-reconozca-la-ciudadania-ecuatoriana-a-byron-castillo","status":"publish","type":"post","link":"https:\/\/www.elamazonico.com\/portal\/exjuez-detenido-por-el-caso-metastasis-ordeno-que-se-le-reconozca-la-ciudadania-ecuatoriana-a-byron-castillo\/","title":{"rendered":"Exjuez detenido por el caso Met\u00e1stasis orden\u00f3 que se le reconozca la ciudadan\u00eda ecuatoriana a Byron Castillo"},"content":{"rendered":"<h2 class=\"fw-normal\">Ronald Guerrero Cruz se encuentra entre los detenidos por el caso Met\u00e1stasis. \u00c9l fue quien orden\u00f3 en el 2021 que el Registro Civil le otorgara la c\u00e9dula de ciudadan\u00eda ecuatoriana al concederle un Habeas Data.<\/h2>\n<p><b><a href=\"https:\/\/www.ecuavisa.com\/noticias\/politica\/caso-metastasis-audiencia-formulacion-cargos-corte-nacional-YG6484122\">Ronald Guerrero Cruz, exjuez<\/a><\/b>\u00a0que se encuentra detenido entre los 31 procesados en el caso Met\u00e1stasis, (acusado por presunta delincuencia organizada), tiene relaci\u00f3n con el f\u00fatbol ecuatoriano, precisamente con el pol\u00e9mico caso del jugador\u00a0<b>Byron Castillo.<\/b><\/p>\n<p>Ecuavisa.com registr\u00f3 en febrero del 2021 que\u00a0<b>Guerrero Cruz,\u00a0<\/b>quien estaba en funciones dentro de la\u00a0<b>Unidad Judicial Norte 2 Penal, con sede en Guayaquil,\u00a0<\/b>hab\u00eda ordenado al\u00a0<b>Registro Civil\u00a0<\/b>que registre a\u00a0<b>Byron David Castillo Segura<\/b>\u00a0como ciudadano ecuatoriano tras concederle un habeas data.<\/p>\n<p>Este medio entrevist\u00f3 en su momento al director del<b>\u00a0<a href=\"https:\/\/www.ecuavisa.com\/deportes\/futbol-nacional\/registro-civil-apelo-sentencia-favor-byron-castillo-HJEC694146\">Registro Civil,<\/a><\/b><a href=\"https:\/\/www.ecuavisa.com\/deportes\/futbol-nacional\/registro-civil-apelo-sentencia-favor-byron-castillo-HJEC694146\">\u00a0<\/a><b><a href=\"https:\/\/www.ecuavisa.com\/deportes\/futbol-nacional\/registro-civil-apelo-sentencia-favor-byron-castillo-HJEC694146\">Rodrigo Avil\u00e9s<\/a>,\u00a0<\/b>quien revel\u00f3 que la entidad p\u00fablica iba a apelar la decisi\u00f3n del juez Guerrero \u00abya que el cuerpo legal (del Registro Civil) encontr\u00f3 varias inconsistencias en la documentaci\u00f3n de Castillo\u00bb.<\/p>\n<p>Profundizando en relaci\u00f3n a la postura del<b>\u00a0Registro Civil, Aviles<\/b>\u00a0detall\u00f3: \u00abnuestro cuerpo legal encontr\u00f3 dudas, o el procedimiento no fue lo correcto, Castillo present\u00f3 un\u00a0<i>Habeas Data,<\/i>\u00a0por lo que puede que los abogados no crean que fue la forma de abarcar el tema\u00bb.<\/p>\n<p>Finalmente,\u00a0<b>Avil\u00e9s no continu\u00f3 en el cargo, en su reemplazo estuvo Fernando Alvear,<\/b>\u00a0quien tambi\u00e9n convers\u00f3 con Ecuavisa y a diferencia de su antecesor dej\u00f3 a un lado la apelaci\u00f3n y acept\u00f3 la orden del juez, otorgando la ciudadan\u00eda al lateral de\u00a0<b>Barcelona SC<\/b>\u00a0y en aquel entonces la selecci\u00f3n ecuatoriana de f\u00fatbol.<\/p>\n<p><iframe title=\"Registro Civil apel\u00f3 sentencia a favor de Byron Castillo de registrarlo como ecuatoriano | Ecuavisa\" width=\"740\" height=\"416\" src=\"https:\/\/www.youtube.com\/embed\/4D8Xl8JfzN0?feature=oembed\" frameborder=\"0\" allow=\"accelerometer; autoplay; clipboard-write; encrypted-media; gyroscope; picture-in-picture; web-share\" referrerpolicy=\"strict-origin-when-cross-origin\" allowfullscreen><\/iframe><\/p>\n<div class=\"paragraph\">\n<p>El 19 de marzo del 2021,\u00a0<b>Castillo recibi\u00f3 la c\u00e9dula por parte del Registro Civil,\u00a0<\/b>dando punto final al tema a nivel nacional, sin embargo, un a\u00f1o despu\u00e9s y tras quemar todas las instancias, el Tribunal Federal Suizo reafirm\u00f3 que exist\u00edan \u00abirregularidades en los documentos\u00bb del ahora jugador del\u00a0<b>Pachuca de M\u00e9xico,\u00a0<\/b>se\u00f1alando que hab\u00edan \u00abclaras sospechas de haber nacido en Colombia\u00bb.<\/p>\n<\/div>\n<div class=\"paragraph\">\n<p>Ante esta decisi\u00f3n, la<b>\u00a0FEF (Federaci\u00f3n Ecuatoriana de F\u00fatbol)\u00a0<\/b>se vio obligado a pagar una multa superior a los\u00a0<b>USD 100 mil<\/b>\u00a0y la resta de tres puntos en la tabla de posiciones de las actuales Eliminatorias al Mundial 2026.<\/p>\n<p><a href=\"https:\/\/www.ecuavisa.com\/deportes\/futbol-internacional\/byron-castillo-tribunal-federal-suizo-EB5627622\">Byron Castillo<\/a> no ha vuelto a ser llamado a la selecci\u00f3n de Ecuador previo al Mundial de Qatar 2022, quedando marginado de cualquier convocatoria.\u00a0<strong>Fuente: Ecuavisa<\/strong><\/p>\n<\/div>\n","protected":false},"excerpt":{"rendered":"<p>Ronald Guerrero Cruz se encuentra entre los detenidos por el caso Met\u00e1stasis. \u00c9l fue quien orden\u00f3 en el 2021 que el Registro Civil le otorgara la c\u00e9dula de ciudadan\u00eda ecuatoriana al concederle un Habeas Data. Ronald Guerrero Cruz, exjuez\u00a0que se encuentra detenido entre los 31 procesados en el caso Met\u00e1stasis, (acusado por presunta delincuencia organizada), tiene relaci\u00f3n con el f\u00fatbol ecuatoriano, precisamente con el pol\u00e9mico caso del jugador\u00a0Byron Castillo. Ecuavisa.com registr\u00f3 en febrero del 2021 que\u00a0Guerrero Cruz,\u00a0quien estaba en funciones dentro de la\u00a0Unidad Judicial Norte 2 Penal, con sede en Guayaquil,\u00a0hab\u00eda ordenado al\u00a0Registro Civil\u00a0que registre a\u00a0Byron David Castillo Segura\u00a0como ciudadano ecuatoriano tras concederle un habeas data. Este medio entrevist\u00f3 en su momento al director del\u00a0Registro Civil,\u00a0Rodrigo Avil\u00e9s,\u00a0quien revel\u00f3 que la entidad p\u00fablica iba a apelar la decisi\u00f3n del juez Guerrero \u00abya que el cuerpo legal (del Registro Civil) encontr\u00f3 varias inconsistencias en la documentaci\u00f3n de Castillo\u00bb. Profundizando en relaci\u00f3n a la postura del\u00a0Registro Civil, Aviles\u00a0detall\u00f3: \u00abnuestro cuerpo legal encontr\u00f3 dudas, o el procedimiento no fue lo correcto, Castillo present\u00f3 un\u00a0Habeas Data,\u00a0por lo que puede que los abogados no crean que fue la forma de abarcar el tema\u00bb. Finalmente,\u00a0Avil\u00e9s no continu\u00f3 en el cargo, en su reemplazo estuvo Fernando Alvear,\u00a0quien tambi\u00e9n convers\u00f3 con Ecuavisa y a diferencia de su antecesor dej\u00f3 a un lado la apelaci\u00f3n y acept\u00f3 la orden del juez, otorgando la ciudadan\u00eda al lateral de\u00a0Barcelona SC\u00a0y en aquel entonces la selecci\u00f3n ecuatoriana de f\u00fatbol. El 19 de marzo del 2021,\u00a0Castillo recibi\u00f3 la c\u00e9dula por parte del Registro Civil,\u00a0dando punto final al tema a nivel nacional, sin embargo, un a\u00f1o despu\u00e9s y tras quemar todas las instancias, el Tribunal Federal Suizo reafirm\u00f3 que exist\u00edan \u00abirregularidades en los documentos\u00bb del ahora jugador del\u00a0Pachuca de M\u00e9xico,\u00a0se\u00f1alando que hab\u00edan \u00abclaras sospechas de haber nacido en Colombia\u00bb. Ante esta decisi\u00f3n, la\u00a0FEF (Federaci\u00f3n Ecuatoriana de F\u00fatbol)\u00a0se vio obligado a pagar una multa superior a los\u00a0USD 100 mil\u00a0y la resta de tres puntos en la tabla de posiciones de las actuales Eliminatorias al Mundial 2026. Byron Castillo no ha vuelto a ser llamado a la selecci\u00f3n de Ecuador previo al Mundial de Qatar 2022, quedando marginado de cualquier convocatoria.\u00a0Fuente: Ecuavisa<\/p>\n","protected":false},"author":1,"featured_media":12802,"comment_status":"open","ping_status":"open","sticky":false,"template":"","format":"standard","meta":{"footnotes":""},"categories":[6],"tags":[],"class_list":["post-12801","post","type-post","status-publish","format-standard","has-post-thumbnail","hentry","category-deportes"],"_links":{"self":[{"href":"https:\/\/www.elamazonico.com\/portal\/wp-json\/wp\/v2\/posts\/12801","targetHints":{"allow":["GET"]}}],"collection":[{"href":"https:\/\/www.elamazonico.com\/portal\/wp-json\/wp\/v2\/posts"}],"about":[{"href":"https:\/\/www.elamazonico.com\/portal\/wp-json\/wp\/v2\/types\/post"}],"author":[{"embeddable":true,"href":"https:\/\/www.elamazonico.com\/portal\/wp-json\/wp\/v2\/users\/1"}],"replies":[{"embeddable":true,"href":"https:\/\/www.elamazonico.com\/portal\/wp-json\/wp\/v2\/comments?post=12801"}],"version-history":[{"count":1,"href":"https:\/\/www.elamazonico.com\/portal\/wp-json\/wp\/v2\/posts\/12801\/revisions"}],"predecessor-version":[{"id":12803,"href":"https:\/\/www.elamazonico.com\/portal\/wp-json\/wp\/v2\/posts\/12801\/revisions\/12803"}],"wp:featuredmedia":[{"embeddable":true,"href":"https:\/\/www.elamazonico.com\/portal\/wp-json\/wp\/v2\/media\/12802"}],"wp:attachment":[{"href":"https:\/\/www.elamazonico.com\/portal\/wp-json\/wp\/v2\/media?parent=12801"}],"wp:term":[{"taxonomy":"category","embeddable":true,"href":"https:\/\/www.elamazonico.com\/portal\/wp-json\/wp\/v2\/categories?post=12801"},{"taxonomy":"post_tag","embeddable":true,"href":"https:\/\/www.elamazonico.com\/portal\/wp-json\/wp\/v2\/tags?post=12801"}],"curies":[{"name":"wp","href":"https:\/\/api.w.org\/{rel}","templated":true}]}}