{"id":12794,"date":"2023-12-15T11:08:47","date_gmt":"2023-12-15T16:08:47","guid":{"rendered":"https:\/\/www.elamazonico.com\/portal\/?p=12794"},"modified":"2023-12-15T11:08:47","modified_gmt":"2023-12-15T16:08:47","slug":"barcelona-sc-janner-corozo-fernando-gaibor-y-carlos-rodriguez-entre-los-jugadores-que-se-analiza-su-continuidad","status":"publish","type":"post","link":"https:\/\/www.elamazonico.com\/portal\/barcelona-sc-janner-corozo-fernando-gaibor-y-carlos-rodriguez-entre-los-jugadores-que-se-analiza-su-continuidad\/","title":{"rendered":"Barcelona SC: Janner Corozo, Fernando Gaibor y Carlos Rodr\u00edguez, entre los jugadores que se analiza su continuidad"},"content":{"rendered":"<h2 class=\"fw-normal\">Barcelona SC no ha quedado contento con la actual plantilla, por esa raz\u00f3n analiza la situaci\u00f3n de nueve jugadores.<\/h2>\n<p><b><a href=\"https:\/\/www.ecuavisa.com\/deportes\/futbol-nacional\/barcelona-sc-emelec-interesados-jugador-el-nacional-FH6485667\">Barcelona SC<\/a><\/b>\u00a0no pudo llegar a la final de la Liga Pro en este 2023 con el actual equipo, por ello desde la<b>\u00a0directiva y el cuerpo t\u00e9cnico analizan<\/b>\u00a0la situaci\u00f3n contractual de<b>\u00a0al menos<a href=\"https:\/\/www.ecuavisa.com\/deportes\/futbol-nacional\/nueve-jugadores-terminan-contrato-con-barcelona-sc-a-final-de-temporada-JF6315209\">\u00a0nueve futbolistas para saber si siguen<\/a><\/b>\u00a0o los dejan salir.<\/p>\n<p>Los toreros est\u00e1n estudiando la\u00a0<b>continuidad de seis jugadores que son defensas<\/b>, la zona m\u00e1s floja del equipo guayaquile\u00f1o, pues recibieron 35 goles, la cifra m\u00e1s alta en los \u00faltimos cuatro a\u00f1os.<\/p>\n<p>Seg\u00fan mencion\u00f3 el periodista Christian Carrasco<b>, Luca Sosa, Paco Rodr\u00edguez y<a href=\"https:\/\/www.ecuavisa.com\/deportes\/futbol-nacional\/pedro-pablo-perlaza-las-polemicas-del-nuevo-jugador-de-barcelona-sc-LH5449962\">\u00a0Pedro Pablo Perlaza<\/a>\u00a0<\/b>est\u00e1n<b>\u00a0dentro de los planes de Diego L\u00f3pez<\/b>\u00a0para el armado del plantel en el pr\u00f3ximo a\u00f1o.<\/p>\n<p>Mientras que\u00a0<b><a href=\"https:\/\/www.ecuavisa.com\/deportes\/futbol-internacional\/seleccion-ecuador-felix-sanchez-bas-obando-quinonez-barcelona-eliminatorias-DB5883511\">Joshu\u00e9 Qui\u00f1\u00f3nez<\/a>\u00a0y Jeison Mina<\/b>\u00a0les est\u00e1n buscando equipos para<b>\u00a0cederlos la pr\u00f3xima temporada<\/b>. Adem\u00e1s,\u00a0<b>Mario Pineida se encuentra en advertencia<\/b>, por la dirigencia, pues estar encima del peso.<\/p>\n<p>En otras zonas del \u00e1rea como el mediocampo y el ataque est\u00e1n considerando la permanencia de tres jugadores.<\/p>\n<p>En los casos de:\u00a0<b><a href=\"https:\/\/www.ecuavisa.com\/deportes\/futbol-nacional\/fernando-gaibor-gana-demanda-independiente-de-avellaneda-recibira-millonaria-cifra-EB6030226\">Fernando Gaibor<\/a>\u00a0estar\u00eda planeado que siga<\/b>\u00a0en el equipo la siguiente temporada<b>;\u00a0<a href=\"https:\/\/www.ecuavisa.com\/deportes\/futbol-nacional\/barcelona-sc-suma-dos-nuevas-bajas-por-lesion-tras-su-partido-por-copa-libertadores-janner-corozo-y-fidel-martinez-CD5225567\">Janner Corozo<\/a>\u00a0se encuentra en an\u00e1lisis del costo<\/b>\u00a0que puede significar; y a\u00a0<a href=\"https:\/\/www.ecuavisa.com\/deportes\/futbol-nacional\/jonatan-bauman-delantero-de-barcelona-sc-revela-por-que-no-ficho-por-emelec-XL4287981\">J<b>onathan Bauman\u00a0<\/b><\/a><b>le van a buscar equipo para prestarlo<\/b>\u00a0o llegar a un acuerdo para liberarlo.<\/p>\n<p>&nbsp;<\/p>\n","protected":false},"excerpt":{"rendered":"<p>Barcelona SC no ha quedado contento con la actual plantilla, por esa raz\u00f3n analiza la situaci\u00f3n de nueve jugadores. Barcelona SC\u00a0no pudo llegar a la final de la Liga Pro en este 2023 con el actual equipo, por ello desde la\u00a0directiva y el cuerpo t\u00e9cnico analizan\u00a0la situaci\u00f3n contractual de\u00a0al menos\u00a0nueve futbolistas para saber si siguen\u00a0o los dejan salir. Los toreros est\u00e1n estudiando la\u00a0continuidad de seis jugadores que son defensas, la zona m\u00e1s floja del equipo guayaquile\u00f1o, pues recibieron 35 goles, la cifra m\u00e1s alta en los \u00faltimos cuatro a\u00f1os. Seg\u00fan mencion\u00f3 el periodista Christian Carrasco, Luca Sosa, Paco Rodr\u00edguez y\u00a0Pedro Pablo Perlaza\u00a0est\u00e1n\u00a0dentro de los planes de Diego L\u00f3pez\u00a0para el armado del plantel en el pr\u00f3ximo a\u00f1o. Mientras que\u00a0Joshu\u00e9 Qui\u00f1\u00f3nez\u00a0y Jeison Mina\u00a0les est\u00e1n buscando equipos para\u00a0cederlos la pr\u00f3xima temporada. Adem\u00e1s,\u00a0Mario Pineida se encuentra en advertencia, por la dirigencia, pues estar encima del peso. En otras zonas del \u00e1rea como el mediocampo y el ataque est\u00e1n considerando la permanencia de tres jugadores. En los casos de:\u00a0Fernando Gaibor\u00a0estar\u00eda planeado que siga\u00a0en el equipo la siguiente temporada;\u00a0Janner Corozo\u00a0se encuentra en an\u00e1lisis del costo\u00a0que puede significar; y a\u00a0Jonathan Bauman\u00a0le van a buscar equipo para prestarlo\u00a0o llegar a un acuerdo para liberarlo. &nbsp;<\/p>\n","protected":false},"author":1,"featured_media":12796,"comment_status":"open","ping_status":"open","sticky":false,"template":"","format":"standard","meta":{"footnotes":""},"categories":[6],"tags":[],"class_list":["post-12794","post","type-post","status-publish","format-standard","has-post-thumbnail","hentry","category-deportes"],"_links":{"self":[{"href":"https:\/\/www.elamazonico.com\/portal\/wp-json\/wp\/v2\/posts\/12794","targetHints":{"allow":["GET"]}}],"collection":[{"href":"https:\/\/www.elamazonico.com\/portal\/wp-json\/wp\/v2\/posts"}],"about":[{"href":"https:\/\/www.elamazonico.com\/portal\/wp-json\/wp\/v2\/types\/post"}],"author":[{"embeddable":true,"href":"https:\/\/www.elamazonico.com\/portal\/wp-json\/wp\/v2\/users\/1"}],"replies":[{"embeddable":true,"href":"https:\/\/www.elamazonico.com\/portal\/wp-json\/wp\/v2\/comments?post=12794"}],"version-history":[{"count":1,"href":"https:\/\/www.elamazonico.com\/portal\/wp-json\/wp\/v2\/posts\/12794\/revisions"}],"predecessor-version":[{"id":12797,"href":"https:\/\/www.elamazonico.com\/portal\/wp-json\/wp\/v2\/posts\/12794\/revisions\/12797"}],"wp:featuredmedia":[{"embeddable":true,"href":"https:\/\/www.elamazonico.com\/portal\/wp-json\/wp\/v2\/media\/12796"}],"wp:attachment":[{"href":"https:\/\/www.elamazonico.com\/portal\/wp-json\/wp\/v2\/media?parent=12794"}],"wp:term":[{"taxonomy":"category","embeddable":true,"href":"https:\/\/www.elamazonico.com\/portal\/wp-json\/wp\/v2\/categories?post=12794"},{"taxonomy":"post_tag","embeddable":true,"href":"https:\/\/www.elamazonico.com\/portal\/wp-json\/wp\/v2\/tags?post=12794"}],"curies":[{"name":"wp","href":"https:\/\/api.w.org\/{rel}","templated":true}]}}