{"id":12767,"date":"2023-12-15T10:43:57","date_gmt":"2023-12-15T15:43:57","guid":{"rendered":"https:\/\/www.elamazonico.com\/portal\/?p=12767"},"modified":"2023-12-15T10:43:57","modified_gmt":"2023-12-15T15:43:57","slug":"cal-ratifica-su-compromiso-con-la-administracion-de-justicia-la-transparencia-gubernamental-y-la-eficiencia-administrativa","status":"publish","type":"post","link":"https:\/\/www.elamazonico.com\/portal\/cal-ratifica-su-compromiso-con-la-administracion-de-justicia-la-transparencia-gubernamental-y-la-eficiencia-administrativa\/","title":{"rendered":"CAL ratifica su Compromiso con la Administraci\u00f3n de Justicia, la Transparencia Gubernamental y la Eficiencia Administrativa"},"content":{"rendered":"<p>El Consejo de Administraci\u00f3n Legislativa (CAL), en su sesi\u00f3n No. 0004, tom\u00f3 varias resoluciones importantes que reflejan el compromiso del cuerpo legislativo con la administraci\u00f3n de justicia, la transparencia gubernamental y la eficiencia administrativa.<\/p>\n<p>En primer lugar, avoc\u00f3 conocimiento de la solicitud de juicio pol\u00edtico presentada por el asamble\u00edsta Jorge Pe\u00f1afiel Cede\u00f1o en contra de Wilman Ter\u00e1n Carrillo, Xavier Mu\u00f1oz Intriago y Maribel Barreno Vel\u00edn, presidente, vocal y exvocal del Consejo de la Judicatura, respectivamente, lo que marca un momento trascendental en la supervisi\u00f3n de las m\u00e1s altas esferas judiciales del pa\u00eds.<\/p>\n<p>En virtud de ello, requiri\u00f3 a la Unidad de T\u00e9cnica Legislativa (UTL) el informe t\u00e9cnico &#8211; jur\u00eddico no vinculante de cumplimiento de requisitos de la solicitud de juicio pol\u00edtico.<\/p>\n<p>Adem\u00e1s, resolvi\u00f3 reabrir las Casas Legislativas en todas las provincias a partir de enero de 2024, lo que demuestra un esfuerzo por revitalizar y fortalecer la presencia del Parlamento en cada territorio del pa\u00eds y acercar la Asamblea a la ciudadan\u00eda para atender sus necesidades a trav\u00e9s de la aprobaci\u00f3n de las leyes. Para ello, el CAL dispuso a la Coordinaci\u00f3n de Participaci\u00f3n Ciudadana que presente a la Administraci\u00f3n General un informe detallado sobre la infraestructura, presupuesto y personal, junto con un cronograma de apertura de las Casas Legislativas, esto es una muestra de la planificaci\u00f3n y la gesti\u00f3n eficiente de la administraci\u00f3n del presidente Henry Kronfle al mando de la Asamblea Nacional.<\/p>\n<p>En otro punto de la agenda, el CAL avoc\u00f3 conocimiento de la solicitud de amnist\u00eda en favor de los ciudadanos defensores de los derechos humanos, del agua y la naturaleza: Fausto Heriberto Arech\u00faa Gualle, Wilinton Miguel Arech\u00faa Silva y otros, presentada por la activista Elsie Monge, de la Comisi\u00f3n Ecum\u00e9nica de Derechos Humanos. La UTL deber\u00e1 presentar en 4 d\u00edas un informe de cumplimiento de requisitos.<\/p>\n<p>Finalmente, el CAL aprob\u00f3 la nueva estructura organizacional de la Escolta Legislativa, lo cual no solo optimiza la eficiencia de esta unidad, sino que tambi\u00e9n subraya la importancia de la seguridad y el orden en las operaciones legislativas. La designaci\u00f3n del Comandante de la Escolta Legislativa para implementar esta nueva estructura es un paso importante hacia una organizaci\u00f3n m\u00e1s estructurada y eficaz.<\/p>\n<p>Estas resoluciones, en conjunto, destacan la labor de un Consejo de Administraci\u00f3n Legislativa comprometido con la mejora continua, la responsabilidad y la justicia, elementos clave en la gobernanza moderna y efectiva.<\/p>\n","protected":false},"excerpt":{"rendered":"<p>El Consejo de Administraci\u00f3n Legislativa (CAL), en su sesi\u00f3n No. 0004, tom\u00f3 varias resoluciones importantes que reflejan el compromiso del cuerpo legislativo con la administraci\u00f3n de justicia, la transparencia gubernamental y la eficiencia administrativa. En primer lugar, avoc\u00f3 conocimiento de la solicitud de juicio pol\u00edtico presentada por el asamble\u00edsta Jorge Pe\u00f1afiel Cede\u00f1o en contra de Wilman Ter\u00e1n Carrillo, Xavier Mu\u00f1oz Intriago y Maribel Barreno Vel\u00edn, presidente, vocal y exvocal del Consejo de la Judicatura, respectivamente, lo que marca un momento trascendental en la supervisi\u00f3n de las m\u00e1s altas esferas judiciales del pa\u00eds. En virtud de ello, requiri\u00f3 a la Unidad de T\u00e9cnica Legislativa (UTL) el informe t\u00e9cnico &#8211; jur\u00eddico no vinculante de cumplimiento de requisitos de la solicitud de juicio pol\u00edtico. Adem\u00e1s, resolvi\u00f3 reabrir las Casas Legislativas en todas las provincias a partir de enero de 2024, lo que demuestra un esfuerzo por revitalizar y fortalecer la presencia del Parlamento en cada territorio del pa\u00eds y acercar la Asamblea a la ciudadan\u00eda para atender sus necesidades a trav\u00e9s de la aprobaci\u00f3n de las leyes. Para ello, el CAL dispuso a la Coordinaci\u00f3n de Participaci\u00f3n Ciudadana que presente a la Administraci\u00f3n General un informe detallado sobre la infraestructura, presupuesto y personal, junto con un cronograma de apertura de las Casas Legislativas, esto es una muestra de la planificaci\u00f3n y la gesti\u00f3n eficiente de la administraci\u00f3n del presidente Henry Kronfle al mando de la Asamblea Nacional. En otro punto de la agenda, el CAL avoc\u00f3 conocimiento de la solicitud de amnist\u00eda en favor de los ciudadanos defensores de los derechos humanos, del agua y la naturaleza: Fausto Heriberto Arech\u00faa Gualle, Wilinton Miguel Arech\u00faa Silva y otros, presentada por la activista Elsie Monge, de la Comisi\u00f3n Ecum\u00e9nica de Derechos Humanos. La UTL deber\u00e1 presentar en 4 d\u00edas un informe de cumplimiento de requisitos. Finalmente, el CAL aprob\u00f3 la nueva estructura organizacional de la Escolta Legislativa, lo cual no solo optimiza la eficiencia de esta unidad, sino que tambi\u00e9n subraya la importancia de la seguridad y el orden en las operaciones legislativas. La designaci\u00f3n del Comandante de la Escolta Legislativa para implementar esta nueva estructura es un paso importante hacia una organizaci\u00f3n m\u00e1s estructurada y eficaz. Estas resoluciones, en conjunto, destacan la labor de un Consejo de Administraci\u00f3n Legislativa comprometido con la mejora continua, la responsabilidad y la justicia, elementos clave en la gobernanza moderna y efectiva.<\/p>\n","protected":false},"author":1,"featured_media":12792,"comment_status":"open","ping_status":"open","sticky":false,"template":"","format":"standard","meta":{"footnotes":""},"categories":[268],"tags":[],"class_list":["post-12767","post","type-post","status-publish","format-standard","has-post-thumbnail","hentry","category-nacionales"],"_links":{"self":[{"href":"https:\/\/www.elamazonico.com\/portal\/wp-json\/wp\/v2\/posts\/12767","targetHints":{"allow":["GET"]}}],"collection":[{"href":"https:\/\/www.elamazonico.com\/portal\/wp-json\/wp\/v2\/posts"}],"about":[{"href":"https:\/\/www.elamazonico.com\/portal\/wp-json\/wp\/v2\/types\/post"}],"author":[{"embeddable":true,"href":"https:\/\/www.elamazonico.com\/portal\/wp-json\/wp\/v2\/users\/1"}],"replies":[{"embeddable":true,"href":"https:\/\/www.elamazonico.com\/portal\/wp-json\/wp\/v2\/comments?post=12767"}],"version-history":[{"count":1,"href":"https:\/\/www.elamazonico.com\/portal\/wp-json\/wp\/v2\/posts\/12767\/revisions"}],"predecessor-version":[{"id":12793,"href":"https:\/\/www.elamazonico.com\/portal\/wp-json\/wp\/v2\/posts\/12767\/revisions\/12793"}],"wp:featuredmedia":[{"embeddable":true,"href":"https:\/\/www.elamazonico.com\/portal\/wp-json\/wp\/v2\/media\/12792"}],"wp:attachment":[{"href":"https:\/\/www.elamazonico.com\/portal\/wp-json\/wp\/v2\/media?parent=12767"}],"wp:term":[{"taxonomy":"category","embeddable":true,"href":"https:\/\/www.elamazonico.com\/portal\/wp-json\/wp\/v2\/categories?post=12767"},{"taxonomy":"post_tag","embeddable":true,"href":"https:\/\/www.elamazonico.com\/portal\/wp-json\/wp\/v2\/tags?post=12767"}],"curies":[{"name":"wp","href":"https:\/\/api.w.org\/{rel}","templated":true}]}}