{"id":12754,"date":"2023-12-15T09:02:18","date_gmt":"2023-12-15T14:02:18","guid":{"rendered":"https:\/\/www.elamazonico.com\/portal\/?p=12754"},"modified":"2023-12-15T09:02:18","modified_gmt":"2023-12-15T14:02:18","slug":"caso-metastasis-audiencia-de-formulacion-de-cargos-se-instala-en-la-corte","status":"publish","type":"post","link":"https:\/\/www.elamazonico.com\/portal\/caso-metastasis-audiencia-de-formulacion-de-cargos-se-instala-en-la-corte\/","title":{"rendered":"Caso Met\u00e1stasis: Audiencia de formulaci\u00f3n de cargos se instala en la Corte"},"content":{"rendered":"<p>La\u00a0<strong>audiencia\u00a0<\/strong>se instal\u00f3 a las 21:40 en la\u00a0<strong>Corte Nacional de Justicia<\/strong>, en Quito. A un costado del estrado se encuentra la fiscal general del Estado,\u00a0<strong>Diana Salazar<\/strong>. En tanto, 31<strong>\u00a0sospechosos<\/strong>\u00a0siguen la diligencia desde otra sala del recinto. Entre ellos est\u00e1 el presidente del Consejo de la Judicatura,\u00a0<strong>Wilman Ter\u00e1n<\/strong>, detenido la madrugada de este jueves 14 de diciembre de 2023, en el denominado\u00a0<a href=\"https:\/\/www.teleamazonas.com\/caso-metastasis-detenidos-audiencias-fuero\/\">el caso Met\u00e1stasis<\/a>.<\/p>\n<p>En la audiencia, la Fiscal formula cargos contra Ter\u00e1n y m\u00e1s funcionarios judiciales, polic\u00edas, fiscales, gu\u00edas penitenciarios y otros servidores, por el delito de\u00a0<strong>delincuencia organizada\u00a0<\/strong>en el marco de una investigaci\u00f3n por una presunta \u00ab<strong>estructura criminal\u00a0<\/strong>incrustada en todos los niveles del\u00a0<strong>Estado<\/strong>\u00ab.<\/p>\n<p>Alrededor de las 15:40, el presidente de la Judicatura ingres\u00f3 a la Corte con custodia, junto a las otras 28 personas involucradas para la diligencia, en medio de un fuerte<strong>\u00a0resguardo policial<\/strong>. En los exteriores del Tribunal se escucharon\u00a0<strong>gritos<\/strong>\u00a0de\u00a0<strong>apoyo<\/strong>\u00a0a Ter\u00e1n.<\/p>\n<div class=\"code-block code-block-9\"><\/div>\n<p>Minutos despu\u00e9s, el juez nacional\u00a0<strong>Felipe C\u00f3rdova<\/strong>, quien estar\u00e1 al frente del caso, ingres\u00f3 a la sala de audiencias. \u00c9l decidir\u00e1 las\u00a0<strong>medidas cautelares\u00a0<\/strong>que aplica contra los sospechosos, tras escuchar los\u00a0<strong>argumentos<\/strong>\u00a0de la fiscal\u00a0<strong>Salazar\u00a0<\/strong>y de la\u00a0<strong>defensa\u00a0<\/strong>de los imputados.<\/p>\n<p>En ese sentido, C\u00f3rdova puede disponer la\u00a0<strong>prisi\u00f3n preventiva<\/strong>\u00a0o dictar\u00a0<strong>medidas sustitutivas<\/strong>\u00a0como la presentaci\u00f3n peri\u00f3dica de un procesado ante una autoridad judicial, el uso de\u00a0<strong>grillete electr\u00f3nico<\/strong>, la prohibici\u00f3n de salida del pa\u00eds, el\u00a0<strong>arresto domiciliario<\/strong>\u2026<\/p>\n<blockquote class=\"twitter-tweet\" data-width=\"550\" data-dnt=\"true\">\n<p lang=\"es\" dir=\"ltr\"><a href=\"https:\/\/twitter.com\/hashtag\/CasoMet%C3%A1stasis?src=hash&amp;ref_src=twsrc%5Etfw\">#CasoMet\u00e1stasis<\/a> | Llega a la Corte Nacional de Justicia el presidente del Consejo de la Judicatura, Wilman Ter\u00e1n. La Fiscal\u00eda formular\u00e1 cargos contra \u00e9l y 28 personas m\u00e1s por el presunto delito de delincuencia organizada. <\/p>\n<p>V\u00eda: <a href=\"https:\/\/twitter.com\/DanyValenciaT?ref_src=twsrc%5Etfw\">@DanyValenciaT<\/a> <a href=\"https:\/\/t.co\/ECBTpjdlLL\">pic.twitter.com\/ECBTpjdlLL<\/a><\/p>\n<p>&mdash; Teleamazonas (@teleamazonasec) <a href=\"https:\/\/twitter.com\/teleamazonasec\/status\/1735402426461814951?ref_src=twsrc%5Etfw\">December 14, 2023<\/a><\/p><\/blockquote>\n<p><script async src=\"https:\/\/platform.twitter.com\/widgets.js\" charset=\"utf-8\"><\/script><\/p>\n<p>Por el gran n\u00famero de involucrados, las\u00a0<strong>partes procesales<\/strong>\u00a0se distribuir\u00e1n en\u00a0<strong>dos salas\u00a0<\/strong>m\u00e1s. En la primera se podr\u00e1 seguir la\u00a0<strong>audiencia<\/strong>\u00a0de manera\u00a0<strong>presencial<\/strong>\u00a0y otro grupo de\u00a0<strong>abogados\u00a0<\/strong>deber\u00e1n seguirla de forma\u00a0<strong>telem\u00e1tica<\/strong>. Los\u00a0<strong>procesados<\/strong>\u00a0se encuentran en el edificio de la Corte y tambi\u00e9n seguir\u00e1n la diligencia desde\u00a0<strong>otra\u00a0sala.<\/strong><\/p>\n<p>Durante la audiencia, la\u00a0<strong>Polic\u00eda<\/strong>\u00a0Nacional ratific\u00f3 ante C\u00f3rdova que en las\u00a0<strong>detenciones<\/strong>\u00a0se\u00a0<strong>cumpli\u00f3<\/strong>\u00a0con el\u00a0<strong>procedimiento legal<\/strong>\u00a0al leerles sus derechos. Sin embargo, varias de las defensas argumentaron que muchos de los\u00a0<strong>sospechosos<\/strong>\u00a0desconocen los<strong>\u00a0motivos<\/strong>\u00a0de su\u00a0<strong>detenci\u00f3n<\/strong>\u00a0y no se estar\u00edan\u00a0<strong>respetando<\/strong>\u00a0sus\u00a0<strong>derechos<\/strong>.<\/p>\n<p>Por ello, cerca de las 16:30, el juez decidi\u00f3\u00a0<strong>suspender moment\u00e1neamente<\/strong>\u00a0la<strong>\u00a0diligencia\u00a0<\/strong>para que los defensores se\u00a0<strong>contacten\u00a0<\/strong>con las\u00a0<strong>personas detenidas<\/strong>, revisen los<strong>\u00a0informes\u00a0<\/strong>y\u00a0<strong>partes policiales<\/strong>. Se reanudar\u00e1 la diligencia una vez que la Defensor\u00eda P\u00fablica cumpla con este proceso.<\/p>\n<p>Una\u00a0<strong>hora despu\u00e9s<\/strong>, C\u00f3rdova\u00a0<strong>retom\u00f3<\/strong>\u00a0la diligencia.\u00a0<strong>Llam\u00f3<\/strong>\u00a0la\u00a0<strong>atenci\u00f3n<\/strong>\u00a0de la\u00a0<strong>defensa<\/strong>\u00a0de\u00a0<strong>Wilman Ter\u00e1n,<\/strong>\u00a0quien insist\u00eda para que su defendido sea llamado a\u00a0<strong>comparecer<\/strong>. El magistrado le indic\u00f3 que la solicitud ser\u00e1 atendida en el momento oportuno y\u00a0<strong>solicit\u00f3\u00a0<\/strong>que las partes se\u00a0<strong>abstengan<\/strong>\u00a0de causar\u00a0<strong>incidentes.<\/strong><\/p>\n<h2 class=\"wp-block-heading\">Intervenci\u00f3n de Ter\u00e1n<\/h2>\n<p>Cerca de las 19:00 intervino\u00a0<strong>Pablo Ram\u00edrez<\/strong>, exdirector del SNAI. Su abogado se\u00f1al\u00f3 que, al igual que a los otros procesados, no se les inform\u00f3 sobre los\u00a0<strong>motivos<\/strong>\u00a0de sus\u00a0<strong>detenci\u00f3n<\/strong>. Y por esta raz\u00f3n, la defensa solicit\u00f3 que se declaren\u00a0<strong>inconstitucionales<\/strong>\u00a0sus\u00a0<strong>detenciones<\/strong>.<\/p>\n<p>Luego, el presidente de la Judicatura,\u00a0<strong>Wilman Ter\u00e1n<\/strong>, pidi\u00f3 intervenir. \u00c9l se\u00f1al\u00f3 que se ha\u00a0<strong>vulnerado<\/strong>\u00a0su\u00a0<strong>derecho<\/strong>\u00a0a la\u00a0<strong>defens<\/strong>a y dijo que en su detenci\u00f3n tuvo un trato cruel y degradante. Y asevera que tampoco se le aclar\u00f3 el\u00a0<strong>tipo penal\u00a0<\/strong>por que el que lo\u00a0<strong>detuvieron<\/strong>.<\/p>\n<p>\u00abEn leg\u00edtimo uso de mi defensa he recusado al juez nacional Felipe C\u00f3rdova, no siento independencia ni transparencia en el proceso. He recibido un\u00a0<strong>trato inhumano<\/strong>: me han\u00a0<strong>limitado<\/strong>\u00a0de\u00a0<strong>alimentaci\u00f3n,<\/strong>\u00a0hidrataci\u00f3n,\u00a0<strong>aseo<\/strong>\u00a0y\u00a0<strong>descanso<\/strong>; derechos para mantener la vitalidad necesaria\u00bb, se\u00f1al\u00f3 el presidente del Consejo de la Judicatura en su cuenta de X.<\/p>\n<h2 class=\"wp-block-heading\">Fiscal ratifica la legalidad de las detenciones<\/h2>\n<p>Tras la intervenci\u00f3n de la defensa y Ter\u00e1n, la fiscal\u00a0<strong>Diana Salazar desminti\u00f3<\/strong>\u00a0que los detenidos no conozcan las razones por lo que se los procesar\u00e1 y asegur\u00f3 que en todos los\u00a0<strong>partes policiales\u00a0<\/strong>constan los motivos de su detenci\u00f3n.<\/p>\n<p>Y tambi\u00e9n pidi\u00f3 que se\u00a0<strong>declare legal<\/strong>\u00a0la\u00a0<strong>detenci\u00f3n<\/strong>\u00a0de las\u00a0<strong>31 personas<\/strong>\u00a0y que se instale la audiencia de formulaci\u00f3n de cargos. Asimismo, afirm\u00f3 que cuando formule los cargos se\u00a0<strong>entender\u00e1<\/strong>\u00a0\u00abel<strong>\u00a0modus operandi\u00a0<\/strong>de esta organizaci\u00f3n para buscar la impunidad\u00bb.<\/p>\n<p>https:\/\/www.teleamazonas.com\/caso-metastasis-audiencia-cargos-teran\/<\/p>\n<p>El juez F<strong>elipe C\u00f3rdova<\/strong>\u00a0declar\u00f3\u00a0<strong>legal<\/strong>\u00a0la\u00a0<strong>detenci\u00f3n<\/strong>\u00a0de 31 personas por el caso Met\u00e1stasis y declar\u00f3 instalada la audiencia de manera formal.<\/p>\n<p>Con la presencia de la fiscal general\u00a0<strong>Diana Salazar<\/strong>\u00a0se instal\u00f3 la diligencia cerca de las\u00a0<strong>21:40<\/strong>\u00a0de este jueves. All\u00ed la funcionaria formula\u00a0<strong>cargos<\/strong>\u00a0contra\u00a0<strong>31 detenidos\u00a0<\/strong>por su presunta participaci\u00f3n en el delito de delincuencia organizada, relacionado a hechos de\u00a0<strong>corrupci\u00f3n<\/strong>\u00a0y\u00a0<strong>narcotr\u00e1fico.<\/strong><\/p>\n<blockquote class=\"twitter-tweet\" data-width=\"550\" data-dnt=\"true\">\n<p lang=\"es\" dir=\"ltr\"><a href=\"https:\/\/twitter.com\/hashtag\/AHORA?src=hash&amp;ref_src=twsrc%5Etfw\">#AHORA<\/a> | <a href=\"https:\/\/twitter.com\/hashtag\/CasoMet%C3%A1stasis?src=hash&amp;ref_src=twsrc%5Etfw\">#CasoMet\u00e1stasis<\/a>: con la presencia de la fiscal general <a href=\"https:\/\/twitter.com\/DianaSalazarM2?ref_src=twsrc%5Etfw\">@DianaSalazarM2<\/a>, se instala la audiencia de formulaci\u00f3n de cargos contra 31 detenidos por su presunta participaci\u00f3n en el delito de <a href=\"https:\/\/twitter.com\/hashtag\/delincuenciaorganizada?src=hash&amp;ref_src=twsrc%5Etfw\">#delincuenciaorganizada<\/a>, relacionado a hechos de <a href=\"https:\/\/twitter.com\/hashtag\/corrupci%C3%B3n?src=hash&amp;ref_src=twsrc%5Etfw\">#corrupci\u00f3n<\/a> y <a href=\"https:\/\/twitter.com\/hashtag\/narcotr%C3%A1fico?src=hash&amp;ref_src=twsrc%5Etfw\">#narcotr\u00e1fico<\/a>. <a href=\"https:\/\/t.co\/6elTDZrPqj\">pic.twitter.com\/6elTDZrPqj<\/a><\/p>\n<p>&mdash; Fiscal\u00eda Ecuador (@FiscaliaEcuador) <a href=\"https:\/\/twitter.com\/FiscaliaEcuador\/status\/1735489974357663927?ref_src=twsrc%5Etfw\">December 15, 2023<\/a><\/p><\/blockquote>\n<p><script async src=\"https:\/\/platform.twitter.com\/widgets.js\" charset=\"utf-8\"><\/script><\/p>\n<h2 class=\"wp-block-heading\">\u00bfQu\u00e9 se investiga?<\/h2>\n<p>Seg\u00fan la Fiscal\u00eda, a ra\u00edz de la investigaci\u00f3n de la\u00a0<strong>muerte<\/strong>\u00a0del narcotraficante\u00a0<strong>Leandro Norero<\/strong>\u00a0se desprendieron \u00abuna serie de indicios de una estructura criminal\u00bb, a la que se denomin\u00f3\u00a0<strong>caso Met\u00e1stasis<\/strong>. En esta presunta red estar\u00edan\u00a0<strong>involucrados<\/strong>\u00a0altos\u00a0<strong>jueces, directores provinciales<\/strong>\u00a0de la judicatura,\u00a0<strong>polic\u00edas<\/strong>\u00a0y\u00a0<strong>l\u00edderes<\/strong>\u00a0de\u00a0<strong>bandas<\/strong>\u00a0criminales dedicadas directamente al narcotr\u00e1fico.<\/p>\n<p>La madrugada de este jueves, la Fiscal\u00eda y la Polic\u00eda Nacional ejecutaron m\u00e1s de\u00a0<strong>75 allanamientos<\/strong>. All\u00ed se detuvo a\u00a0<strong>Ter\u00e1n<\/strong>, a dos\u00a0<strong>jueces provinciales,<\/strong>\u00a0un\u00a0<strong>exjuez\u00a0<\/strong>de garant\u00edas constitucionales, un<strong>\u00a0fiscal<\/strong>, un\u00a0<strong>exdirector\u00a0<\/strong>del\u00a0<strong>Snai<\/strong>,\u00a0<strong>polic\u00edas<\/strong>, entre otros. <strong>Fuente: Teleamazonas<\/strong><\/p>\n<div class=\"wp-block-image\"><\/div>\n","protected":false},"excerpt":{"rendered":"<p>La\u00a0audiencia\u00a0se instal\u00f3 a las 21:40 en la\u00a0Corte Nacional de Justicia, en Quito. A un costado del estrado se encuentra la fiscal general del Estado,\u00a0Diana Salazar. En tanto, 31\u00a0sospechosos\u00a0siguen la diligencia desde otra sala del recinto. Entre ellos est\u00e1 el presidente del Consejo de la Judicatura,\u00a0Wilman Ter\u00e1n, detenido la madrugada de este jueves 14 de diciembre de 2023, en el denominado\u00a0el caso Met\u00e1stasis. En la audiencia, la Fiscal formula cargos contra Ter\u00e1n y m\u00e1s funcionarios judiciales, polic\u00edas, fiscales, gu\u00edas penitenciarios y otros servidores, por el delito de\u00a0delincuencia organizada\u00a0en el marco de una investigaci\u00f3n por una presunta \u00abestructura criminal\u00a0incrustada en todos los niveles del\u00a0Estado\u00ab. Alrededor de las 15:40, el presidente de la Judicatura ingres\u00f3 a la Corte con custodia, junto a las otras 28 personas involucradas para la diligencia, en medio de un fuerte\u00a0resguardo policial. En los exteriores del Tribunal se escucharon\u00a0gritos\u00a0de\u00a0apoyo\u00a0a Ter\u00e1n. Minutos despu\u00e9s, el juez nacional\u00a0Felipe C\u00f3rdova, quien estar\u00e1 al frente del caso, ingres\u00f3 a la sala de audiencias. \u00c9l decidir\u00e1 las\u00a0medidas cautelares\u00a0que aplica contra los sospechosos, tras escuchar los\u00a0argumentos\u00a0de la fiscal\u00a0Salazar\u00a0y de la\u00a0defensa\u00a0de los imputados. En ese sentido, C\u00f3rdova puede disponer la\u00a0prisi\u00f3n preventiva\u00a0o dictar\u00a0medidas sustitutivas\u00a0como la presentaci\u00f3n peri\u00f3dica de un procesado ante una autoridad judicial, el uso de\u00a0grillete electr\u00f3nico, la prohibici\u00f3n de salida del pa\u00eds, el\u00a0arresto domiciliario\u2026 #CasoMet\u00e1stasis | Llega a la Corte Nacional de Justicia el presidente del Consejo de la Judicatura, Wilman Ter\u00e1n. La Fiscal\u00eda formular\u00e1 cargos contra \u00e9l y 28 personas m\u00e1s por el presunto delito de delincuencia organizada. V\u00eda: @DanyValenciaT pic.twitter.com\/ECBTpjdlLL &mdash; Teleamazonas (@teleamazonasec) December 14, 2023 Por el gran n\u00famero de involucrados, las\u00a0partes procesales\u00a0se distribuir\u00e1n en\u00a0dos salas\u00a0m\u00e1s. En la primera se podr\u00e1 seguir la\u00a0audiencia\u00a0de manera\u00a0presencial\u00a0y otro grupo de\u00a0abogados\u00a0deber\u00e1n seguirla de forma\u00a0telem\u00e1tica. Los\u00a0procesados\u00a0se encuentran en el edificio de la Corte y tambi\u00e9n seguir\u00e1n la diligencia desde\u00a0otra\u00a0sala. Durante la audiencia, la\u00a0Polic\u00eda\u00a0Nacional ratific\u00f3 ante C\u00f3rdova que en las\u00a0detenciones\u00a0se\u00a0cumpli\u00f3\u00a0con el\u00a0procedimiento legal\u00a0al leerles sus derechos. Sin embargo, varias de las defensas argumentaron que muchos de los\u00a0sospechosos\u00a0desconocen los\u00a0motivos\u00a0de su\u00a0detenci\u00f3n\u00a0y no se estar\u00edan\u00a0respetando\u00a0sus\u00a0derechos. Por ello, cerca de las 16:30, el juez decidi\u00f3\u00a0suspender moment\u00e1neamente\u00a0la\u00a0diligencia\u00a0para que los defensores se\u00a0contacten\u00a0con las\u00a0personas detenidas, revisen los\u00a0informes\u00a0y\u00a0partes policiales. Se reanudar\u00e1 la diligencia una vez que la Defensor\u00eda P\u00fablica cumpla con este proceso. Una\u00a0hora despu\u00e9s, C\u00f3rdova\u00a0retom\u00f3\u00a0la diligencia.\u00a0Llam\u00f3\u00a0la\u00a0atenci\u00f3n\u00a0de la\u00a0defensa\u00a0de\u00a0Wilman Ter\u00e1n,\u00a0quien insist\u00eda para que su defendido sea llamado a\u00a0comparecer. El magistrado le indic\u00f3 que la solicitud ser\u00e1 atendida en el momento oportuno y\u00a0solicit\u00f3\u00a0que las partes se\u00a0abstengan\u00a0de causar\u00a0incidentes. Intervenci\u00f3n de Ter\u00e1n Cerca de las 19:00 intervino\u00a0Pablo Ram\u00edrez, exdirector del SNAI. Su abogado se\u00f1al\u00f3 que, al igual que a los otros procesados, no se les inform\u00f3 sobre los\u00a0motivos\u00a0de sus\u00a0detenci\u00f3n. Y por esta raz\u00f3n, la defensa solicit\u00f3 que se declaren\u00a0inconstitucionales\u00a0sus\u00a0detenciones. Luego, el presidente de la Judicatura,\u00a0Wilman Ter\u00e1n, pidi\u00f3 intervenir. \u00c9l se\u00f1al\u00f3 que se ha\u00a0vulnerado\u00a0su\u00a0derecho\u00a0a la\u00a0defensa y dijo que en su detenci\u00f3n tuvo un trato cruel y degradante. Y asevera que tampoco se le aclar\u00f3 el\u00a0tipo penal\u00a0por que el que lo\u00a0detuvieron. \u00abEn leg\u00edtimo uso de mi defensa he recusado al juez nacional Felipe C\u00f3rdova, no siento independencia ni transparencia en el proceso. He recibido un\u00a0trato inhumano: me han\u00a0limitado\u00a0de\u00a0alimentaci\u00f3n,\u00a0hidrataci\u00f3n,\u00a0aseo\u00a0y\u00a0descanso; derechos para mantener la vitalidad necesaria\u00bb, se\u00f1al\u00f3 el presidente del Consejo de la Judicatura en su cuenta de X. Fiscal ratifica la legalidad de las detenciones Tras la intervenci\u00f3n de la defensa y Ter\u00e1n, la fiscal\u00a0Diana Salazar desminti\u00f3\u00a0que los detenidos no conozcan las razones por lo que se los procesar\u00e1 y asegur\u00f3 que en todos los\u00a0partes policiales\u00a0constan los motivos de su detenci\u00f3n. Y tambi\u00e9n pidi\u00f3 que se\u00a0declare legal\u00a0la\u00a0detenci\u00f3n\u00a0de las\u00a031 personas\u00a0y que se instale la audiencia de formulaci\u00f3n de cargos. Asimismo, afirm\u00f3 que cuando formule los cargos se\u00a0entender\u00e1\u00a0\u00abel\u00a0modus operandi\u00a0de esta organizaci\u00f3n para buscar la impunidad\u00bb. https:\/\/www.teleamazonas.com\/caso-metastasis-audiencia-cargos-teran\/ El juez Felipe C\u00f3rdova\u00a0declar\u00f3\u00a0legal\u00a0la\u00a0detenci\u00f3n\u00a0de 31 personas por el caso Met\u00e1stasis y declar\u00f3 instalada la audiencia de manera formal. Con la presencia de la fiscal general\u00a0Diana Salazar\u00a0se instal\u00f3 la diligencia cerca de las\u00a021:40\u00a0de este jueves. All\u00ed la funcionaria formula\u00a0cargos\u00a0contra\u00a031 detenidos\u00a0por su presunta participaci\u00f3n en el delito de delincuencia organizada, relacionado a hechos de\u00a0corrupci\u00f3n\u00a0y\u00a0narcotr\u00e1fico. #AHORA | #CasoMet\u00e1stasis: con la presencia de la fiscal general @DianaSalazarM2, se instala la audiencia de formulaci\u00f3n de cargos contra 31 detenidos por su presunta participaci\u00f3n en el delito de #delincuenciaorganizada, relacionado a hechos de #corrupci\u00f3n y #narcotr\u00e1fico. pic.twitter.com\/6elTDZrPqj &mdash; Fiscal\u00eda Ecuador (@FiscaliaEcuador) December 15, 2023 \u00bfQu\u00e9 se investiga? Seg\u00fan la Fiscal\u00eda, a ra\u00edz de la investigaci\u00f3n de la\u00a0muerte\u00a0del narcotraficante\u00a0Leandro Norero\u00a0se desprendieron \u00abuna serie de indicios de una estructura criminal\u00bb, a la que se denomin\u00f3\u00a0caso Met\u00e1stasis. En esta presunta red estar\u00edan\u00a0involucrados\u00a0altos\u00a0jueces, directores provinciales\u00a0de la judicatura,\u00a0polic\u00edas\u00a0y\u00a0l\u00edderes\u00a0de\u00a0bandas\u00a0criminales dedicadas directamente al narcotr\u00e1fico. La madrugada de este jueves, la Fiscal\u00eda y la Polic\u00eda Nacional ejecutaron m\u00e1s de\u00a075 allanamientos. All\u00ed se detuvo a\u00a0Ter\u00e1n, a dos\u00a0jueces provinciales,\u00a0un\u00a0exjuez\u00a0de garant\u00edas constitucionales, un\u00a0fiscal, un\u00a0exdirector\u00a0del\u00a0Snai,\u00a0polic\u00edas, entre otros. Fuente: Teleamazonas<\/p>\n","protected":false},"author":1,"featured_media":12758,"comment_status":"open","ping_status":"open","sticky":false,"template":"","format":"standard","meta":{"footnotes":""},"categories":[268],"tags":[],"class_list":["post-12754","post","type-post","status-publish","format-standard","has-post-thumbnail","hentry","category-nacionales"],"_links":{"self":[{"href":"https:\/\/www.elamazonico.com\/portal\/wp-json\/wp\/v2\/posts\/12754","targetHints":{"allow":["GET"]}}],"collection":[{"href":"https:\/\/www.elamazonico.com\/portal\/wp-json\/wp\/v2\/posts"}],"about":[{"href":"https:\/\/www.elamazonico.com\/portal\/wp-json\/wp\/v2\/types\/post"}],"author":[{"embeddable":true,"href":"https:\/\/www.elamazonico.com\/portal\/wp-json\/wp\/v2\/users\/1"}],"replies":[{"embeddable":true,"href":"https:\/\/www.elamazonico.com\/portal\/wp-json\/wp\/v2\/comments?post=12754"}],"version-history":[{"count":1,"href":"https:\/\/www.elamazonico.com\/portal\/wp-json\/wp\/v2\/posts\/12754\/revisions"}],"predecessor-version":[{"id":12759,"href":"https:\/\/www.elamazonico.com\/portal\/wp-json\/wp\/v2\/posts\/12754\/revisions\/12759"}],"wp:featuredmedia":[{"embeddable":true,"href":"https:\/\/www.elamazonico.com\/portal\/wp-json\/wp\/v2\/media\/12758"}],"wp:attachment":[{"href":"https:\/\/www.elamazonico.com\/portal\/wp-json\/wp\/v2\/media?parent=12754"}],"wp:term":[{"taxonomy":"category","embeddable":true,"href":"https:\/\/www.elamazonico.com\/portal\/wp-json\/wp\/v2\/categories?post=12754"},{"taxonomy":"post_tag","embeddable":true,"href":"https:\/\/www.elamazonico.com\/portal\/wp-json\/wp\/v2\/tags?post=12754"}],"curies":[{"name":"wp","href":"https:\/\/api.w.org\/{rel}","templated":true}]}}