{"id":12730,"date":"2023-12-14T11:26:44","date_gmt":"2023-12-14T16:26:44","guid":{"rendered":"https:\/\/www.elamazonico.comportal\/?p=12730"},"modified":"2023-12-14T11:26:44","modified_gmt":"2023-12-14T16:26:44","slug":"muere-la-madre-de-los-cuatro-ninos-asesinados-en-el-guasmo","status":"publish","type":"post","link":"https:\/\/www.elamazonico.com\/portal\/muere-la-madre-de-los-cuatro-ninos-asesinados-en-el-guasmo\/","title":{"rendered":"Muere la madre de los cuatro ni\u00f1os asesinados en el Guasmo"},"content":{"rendered":"<p class=\"tmzr-el\">Rosa, la madre de los cuatro ni\u00f1os asesinados en el Guasmo Sur y que fue herida durante el ataque armado registrado la noche del lunes 11 de diciembre de 2023, falleci\u00f3.<\/p>\n<p class=\"tmzr-el\">Los medio de comunicaci\u00f3n nacional informaron la ma\u00f1ana de este jueves 14 de diciembre que no resisti\u00f3 a las heridas de bala que recibi\u00f3 cuando protegi\u00f3 a sus hijos.<\/p>\n<p class=\"tmzr-el\">De acuerdo a los reportes, Rosa se encontraba en estado de gestaci\u00f3n de su quinto hijo.<\/p>\n<p class=\"tmzr-el\">El crimen se registr\u00f3 alrededor de las 21:20 de la noche del lunes en el\u00a0<strong>Guasmo Sur<\/strong>, donde se han vuelto recurrentes los episodios de violencia, atribuidos principalmente a las bandas criminales que operan en la zona.<\/p>\n<p class=\"tmzr-el aBigClassNameToAvoidCollisionInText aBigClassNameToAvoidCollisionInText\">De acuerdo con medios locales, los ni\u00f1os asesinados ten\u00edan edades comprendidas entre los<strong>\u00a04 meses y los 7 a\u00f1os<\/strong>, mientras que los padres fueron hospitalizados tras haber sido trasladados a un centro m\u00e9dico; el padre sali\u00f3 y la madre a\u00fan se encuentra internada en estado cr\u00edtico.<\/p>\n<p class=\"tmzr-el\">V\u00edctor Herrera, comandante de la Zona 8<strong>\u00a0<\/strong>de la Polic\u00eda Nacional, dijo que el ataque armado estaba\u00a0<strong>dirigido a una vivienda adyacente<\/strong>. (I) El Mercurio<\/p>\n","protected":false},"excerpt":{"rendered":"<p>Rosa, la madre de los cuatro ni\u00f1os asesinados en el Guasmo Sur y que fue herida durante el ataque armado registrado la noche del lunes 11 de diciembre de 2023, falleci\u00f3. Los medio de comunicaci\u00f3n nacional informaron la ma\u00f1ana de este jueves 14 de diciembre que no resisti\u00f3 a las heridas de bala que recibi\u00f3 cuando protegi\u00f3 a sus hijos. De acuerdo a los reportes, Rosa se encontraba en estado de gestaci\u00f3n de su quinto hijo. El crimen se registr\u00f3 alrededor de las 21:20 de la noche del lunes en el\u00a0Guasmo Sur, donde se han vuelto recurrentes los episodios de violencia, atribuidos principalmente a las bandas criminales que operan en la zona. De acuerdo con medios locales, los ni\u00f1os asesinados ten\u00edan edades comprendidas entre los\u00a04 meses y los 7 a\u00f1os, mientras que los padres fueron hospitalizados tras haber sido trasladados a un centro m\u00e9dico; el padre sali\u00f3 y la madre a\u00fan se encuentra internada en estado cr\u00edtico. V\u00edctor Herrera, comandante de la Zona 8\u00a0de la Polic\u00eda Nacional, dijo que el ataque armado estaba\u00a0dirigido a una vivienda adyacente. (I) El Mercurio<\/p>\n","protected":false},"author":1,"featured_media":12731,"comment_status":"open","ping_status":"open","sticky":false,"template":"","format":"standard","meta":{"footnotes":""},"categories":[268],"tags":[],"class_list":["post-12730","post","type-post","status-publish","format-standard","has-post-thumbnail","hentry","category-nacionales"],"_links":{"self":[{"href":"https:\/\/www.elamazonico.com\/portal\/wp-json\/wp\/v2\/posts\/12730","targetHints":{"allow":["GET"]}}],"collection":[{"href":"https:\/\/www.elamazonico.com\/portal\/wp-json\/wp\/v2\/posts"}],"about":[{"href":"https:\/\/www.elamazonico.com\/portal\/wp-json\/wp\/v2\/types\/post"}],"author":[{"embeddable":true,"href":"https:\/\/www.elamazonico.com\/portal\/wp-json\/wp\/v2\/users\/1"}],"replies":[{"embeddable":true,"href":"https:\/\/www.elamazonico.com\/portal\/wp-json\/wp\/v2\/comments?post=12730"}],"version-history":[{"count":1,"href":"https:\/\/www.elamazonico.com\/portal\/wp-json\/wp\/v2\/posts\/12730\/revisions"}],"predecessor-version":[{"id":12732,"href":"https:\/\/www.elamazonico.com\/portal\/wp-json\/wp\/v2\/posts\/12730\/revisions\/12732"}],"wp:featuredmedia":[{"embeddable":true,"href":"https:\/\/www.elamazonico.com\/portal\/wp-json\/wp\/v2\/media\/12731"}],"wp:attachment":[{"href":"https:\/\/www.elamazonico.com\/portal\/wp-json\/wp\/v2\/media?parent=12730"}],"wp:term":[{"taxonomy":"category","embeddable":true,"href":"https:\/\/www.elamazonico.com\/portal\/wp-json\/wp\/v2\/categories?post=12730"},{"taxonomy":"post_tag","embeddable":true,"href":"https:\/\/www.elamazonico.com\/portal\/wp-json\/wp\/v2\/tags?post=12730"}],"curies":[{"name":"wp","href":"https:\/\/api.w.org\/{rel}","templated":true}]}}