{"id":12726,"date":"2023-12-14T07:21:54","date_gmt":"2023-12-14T12:21:54","guid":{"rendered":"https:\/\/www.elamazonico.comportal\/?p=12726"},"modified":"2023-12-14T07:21:54","modified_gmt":"2023-12-14T12:21:54","slug":"wilman-teran-fue-detenido-en-operativo-metastasis","status":"publish","type":"post","link":"https:\/\/www.elamazonico.com\/portal\/wilman-teran-fue-detenido-en-operativo-metastasis\/","title":{"rendered":"Wilman Ter\u00e1n fue detenido en operativo \u2018Met\u00e1stasis\u2019"},"content":{"rendered":"<p>La madrugada de hoy, jueves 14 de diciembre de 2023, la\u00a0<strong>Fiscal\u00eda General<\/strong>\u00a0ejecut\u00f3 un allanamiento denominado\u00a0<strong>\u2018Met\u00e1stasis\u2019<\/strong>\u00a0como parte de una investigaci\u00f3n por\u00a0<strong>delincuencia organizada<\/strong>\u00a0en casos relacionados con narcotr\u00e1fico y corrupci\u00f3n.<\/p>\n<p>Como parte de estas inspecciones, ejecutadas por la\u00a0<strong>Fiscal\u00eda y Polic\u00eda Nacional<\/strong>\u00a0conjuntamente, fue detenido el presidente del\u00a0<strong>Consejo de la Judicatura (CJ)<\/strong>,\u00a0<strong>Wilman Ter\u00e1n<\/strong>. Hasta el momento se han realizado cinco\u00a0<strong>allanamientos<\/strong>\u00a0a inmuebles privados y dependencias p\u00fablicas.<\/p>\n<p>Seg\u00fan inform\u00f3 personal de Fiscal\u00eda \u00abse levant\u00f3 indicios en la\u00a0<strong>Unidad de Flagrancia<\/strong>, en Santo Domingo, y en un despacho fiscal. En Santo Domingo de los Ts\u00e1chilas, \u200b\u200b\u200b\u200b\u200bse allan\u00f3 el domicilio de\u00a0<strong>V\u00edctor Hugo A.<\/strong>, fiscal de Soluciones R\u00e1pidas y encargado de flagrantes\u00bb. El funcionario hab\u00eda sido destituido por\u00a0<strong>error inexcusable<\/strong>; pero, fue restituido a su puesto. (I)<\/p>\n<p>Fuente: La Rep\u00fablica<\/p>\n","protected":false},"excerpt":{"rendered":"<p>La madrugada de hoy, jueves 14 de diciembre de 2023, la\u00a0Fiscal\u00eda General\u00a0ejecut\u00f3 un allanamiento denominado\u00a0\u2018Met\u00e1stasis\u2019\u00a0como parte de una investigaci\u00f3n por\u00a0delincuencia organizada\u00a0en casos relacionados con narcotr\u00e1fico y corrupci\u00f3n. Como parte de estas inspecciones, ejecutadas por la\u00a0Fiscal\u00eda y Polic\u00eda Nacional\u00a0conjuntamente, fue detenido el presidente del\u00a0Consejo de la Judicatura (CJ),\u00a0Wilman Ter\u00e1n. Hasta el momento se han realizado cinco\u00a0allanamientos\u00a0a inmuebles privados y dependencias p\u00fablicas. Seg\u00fan inform\u00f3 personal de Fiscal\u00eda \u00abse levant\u00f3 indicios en la\u00a0Unidad de Flagrancia, en Santo Domingo, y en un despacho fiscal. En Santo Domingo de los Ts\u00e1chilas, \u200b\u200b\u200b\u200b\u200bse allan\u00f3 el domicilio de\u00a0V\u00edctor Hugo A., fiscal de Soluciones R\u00e1pidas y encargado de flagrantes\u00bb. El funcionario hab\u00eda sido destituido por\u00a0error inexcusable; pero, fue restituido a su puesto. (I) Fuente: La Rep\u00fablica<\/p>\n","protected":false},"author":1,"featured_media":12727,"comment_status":"open","ping_status":"open","sticky":false,"template":"","format":"standard","meta":{"footnotes":""},"categories":[268],"tags":[],"class_list":["post-12726","post","type-post","status-publish","format-standard","has-post-thumbnail","hentry","category-nacionales"],"_links":{"self":[{"href":"https:\/\/www.elamazonico.com\/portal\/wp-json\/wp\/v2\/posts\/12726","targetHints":{"allow":["GET"]}}],"collection":[{"href":"https:\/\/www.elamazonico.com\/portal\/wp-json\/wp\/v2\/posts"}],"about":[{"href":"https:\/\/www.elamazonico.com\/portal\/wp-json\/wp\/v2\/types\/post"}],"author":[{"embeddable":true,"href":"https:\/\/www.elamazonico.com\/portal\/wp-json\/wp\/v2\/users\/1"}],"replies":[{"embeddable":true,"href":"https:\/\/www.elamazonico.com\/portal\/wp-json\/wp\/v2\/comments?post=12726"}],"version-history":[{"count":1,"href":"https:\/\/www.elamazonico.com\/portal\/wp-json\/wp\/v2\/posts\/12726\/revisions"}],"predecessor-version":[{"id":12728,"href":"https:\/\/www.elamazonico.com\/portal\/wp-json\/wp\/v2\/posts\/12726\/revisions\/12728"}],"wp:featuredmedia":[{"embeddable":true,"href":"https:\/\/www.elamazonico.com\/portal\/wp-json\/wp\/v2\/media\/12727"}],"wp:attachment":[{"href":"https:\/\/www.elamazonico.com\/portal\/wp-json\/wp\/v2\/media?parent=12726"}],"wp:term":[{"taxonomy":"category","embeddable":true,"href":"https:\/\/www.elamazonico.com\/portal\/wp-json\/wp\/v2\/categories?post=12726"},{"taxonomy":"post_tag","embeddable":true,"href":"https:\/\/www.elamazonico.com\/portal\/wp-json\/wp\/v2\/tags?post=12726"}],"curies":[{"name":"wp","href":"https:\/\/api.w.org\/{rel}","templated":true}]}}