{"id":12723,"date":"2023-12-14T07:16:37","date_gmt":"2023-12-14T12:16:37","guid":{"rendered":"https:\/\/www.elamazonico.comportal\/?p=12723"},"modified":"2023-12-14T07:16:37","modified_gmt":"2023-12-14T12:16:37","slug":"gobierno-crea-unidad-para-investigar-la-defraudacion-tributaria-y-el-lavado-de-activos","status":"publish","type":"post","link":"https:\/\/www.elamazonico.com\/portal\/gobierno-crea-unidad-para-investigar-la-defraudacion-tributaria-y-el-lavado-de-activos\/","title":{"rendered":"Gobierno crea unidad para investigar la defraudaci\u00f3n tributaria y el lavado de activos"},"content":{"rendered":"<p>Una nueva estrategia para combatir\u00a0<strong>la defraudaci\u00f3n tributaria y el lavado de activos<\/strong>\u00a0se instaur\u00f3 este mi\u00e9rcoles, 13 de diciembre de 2023. Se trata de una nueva unidad de investigaci\u00f3n, que estar\u00e1 integrada por cuatro entidades p\u00fablicas.<\/p>\n<p>En la lista de instituciones que conformar\u00e1n esta unidad est\u00e1n el\u00a0<strong>Ministerio de Gobierno<\/strong>, Ministerio del Interior, Servicio de Rentas Internas (SRI) y la Unidad de An\u00e1lisis Financiero y Econ\u00f3mico (UAFE).<\/p>\n<p>La idea es que esta nueva unidad sirva para identificar flujos financieros il\u00edcitos que se obtienen y financian el terrorismo y crimen organizado.<\/p>\n<p>La ministra de Gobierno e Interior,\u00a0<strong>M\u00f3nica Palencia<\/strong>, realiz\u00f3 un Acuerdo en conjunto con las otras entidades. En el documento se comprometieron a ejecutar acciones para revisar la veracidad sobre el patrimonio de los ciudadanos. (I)<\/p>\n<p>Fuente: El Tel\u00e9grafo<\/p>\n","protected":false},"excerpt":{"rendered":"<p>Una nueva estrategia para combatir\u00a0la defraudaci\u00f3n tributaria y el lavado de activos\u00a0se instaur\u00f3 este mi\u00e9rcoles, 13 de diciembre de 2023. Se trata de una nueva unidad de investigaci\u00f3n, que estar\u00e1 integrada por cuatro entidades p\u00fablicas. En la lista de instituciones que conformar\u00e1n esta unidad est\u00e1n el\u00a0Ministerio de Gobierno, Ministerio del Interior, Servicio de Rentas Internas (SRI) y la Unidad de An\u00e1lisis Financiero y Econ\u00f3mico (UAFE). La idea es que esta nueva unidad sirva para identificar flujos financieros il\u00edcitos que se obtienen y financian el terrorismo y crimen organizado. La ministra de Gobierno e Interior,\u00a0M\u00f3nica Palencia, realiz\u00f3 un Acuerdo en conjunto con las otras entidades. En el documento se comprometieron a ejecutar acciones para revisar la veracidad sobre el patrimonio de los ciudadanos. (I) Fuente: El Tel\u00e9grafo<\/p>\n","protected":false},"author":1,"featured_media":12724,"comment_status":"open","ping_status":"open","sticky":false,"template":"","format":"standard","meta":{"footnotes":""},"categories":[268],"tags":[],"class_list":["post-12723","post","type-post","status-publish","format-standard","has-post-thumbnail","hentry","category-nacionales"],"_links":{"self":[{"href":"https:\/\/www.elamazonico.com\/portal\/wp-json\/wp\/v2\/posts\/12723","targetHints":{"allow":["GET"]}}],"collection":[{"href":"https:\/\/www.elamazonico.com\/portal\/wp-json\/wp\/v2\/posts"}],"about":[{"href":"https:\/\/www.elamazonico.com\/portal\/wp-json\/wp\/v2\/types\/post"}],"author":[{"embeddable":true,"href":"https:\/\/www.elamazonico.com\/portal\/wp-json\/wp\/v2\/users\/1"}],"replies":[{"embeddable":true,"href":"https:\/\/www.elamazonico.com\/portal\/wp-json\/wp\/v2\/comments?post=12723"}],"version-history":[{"count":1,"href":"https:\/\/www.elamazonico.com\/portal\/wp-json\/wp\/v2\/posts\/12723\/revisions"}],"predecessor-version":[{"id":12725,"href":"https:\/\/www.elamazonico.com\/portal\/wp-json\/wp\/v2\/posts\/12723\/revisions\/12725"}],"wp:featuredmedia":[{"embeddable":true,"href":"https:\/\/www.elamazonico.com\/portal\/wp-json\/wp\/v2\/media\/12724"}],"wp:attachment":[{"href":"https:\/\/www.elamazonico.com\/portal\/wp-json\/wp\/v2\/media?parent=12723"}],"wp:term":[{"taxonomy":"category","embeddable":true,"href":"https:\/\/www.elamazonico.com\/portal\/wp-json\/wp\/v2\/categories?post=12723"},{"taxonomy":"post_tag","embeddable":true,"href":"https:\/\/www.elamazonico.com\/portal\/wp-json\/wp\/v2\/tags?post=12723"}],"curies":[{"name":"wp","href":"https:\/\/api.w.org\/{rel}","templated":true}]}}