{"id":12710,"date":"2023-12-13T10:32:49","date_gmt":"2023-12-13T15:32:49","guid":{"rendered":"https:\/\/www.elamazonico.com\/portal\/?p=12710"},"modified":"2023-12-13T10:32:49","modified_gmt":"2023-12-13T15:32:49","slug":"ministra-de-gobierno-asegura-que-ya-estan-identificados-los-asesinos-de-los-cuatro-ninos","status":"publish","type":"post","link":"https:\/\/www.elamazonico.com\/portal\/ministra-de-gobierno-asegura-que-ya-estan-identificados-los-asesinos-de-los-cuatro-ninos\/","title":{"rendered":"Ministra de Gobierno asegura que ya est\u00e1n &#8216;identificados&#8217; los asesinos de los cuatro ni\u00f1os"},"content":{"rendered":"<p>La ministra de Gobierno, M\u00f3nica Palencia, asegur\u00f3 que las autoridades ya identificaron a los autores de la \u00faltima masacre en el Guasmo Sur, de Guayaquil, donde cuatro ni\u00f1os murieron, mientras su madre se encuentra en estado cr\u00edtico, esto tras los primeros allanamientos.<\/p>\n<p>La ministra Palencia asegur\u00f3 que la Polic\u00eda ha realizado m\u00e1s de 10 allanamientos en este caso. \u00abYa se encuentran identificados los sujetos\u00bb, adelant\u00f3 en una entrevista con Ecuavisa la ma\u00f1ana del mi\u00e9rcoles 13 de diciembre.<\/p>\n<p>Palencia no dio m\u00e1s detalles de las investigaciones y asegur\u00f3 que espera tener buenas noticias en las pr\u00f3ximas horas.<\/p>\n<p>La Polic\u00eda confirm\u00f3 que el ataque armado no estaba dirigido a esta familia, sino contra integrantes de la banda delictiva Los Lagartos, pero los sicarios ingresaron a la vivienda equivocada. Los autores de la masacre ser\u00edan miembros de la banda delictiva Mafia-18, que es rival de Los Lagartos y se disputan el control en el sur de Guayaquil.<\/p>\n<p><strong>Ministerio de la Mujer activ\u00f3 servicios de protecci\u00f3n<\/strong><\/p>\n<p>La ma\u00f1ana de este mi\u00e9rcoles tambi\u00e9n se pronunci\u00f3 el Ministerio de la Mujer y Derechos Humanos, a trav\u00e9s de un comunicado en la red social X (antes Twitter). \u00abNuestros Servicios de Protecci\u00f3n Integral fueron activados, desplegando un equipo t\u00e9cnico especializado\u00bb, asegura el comunicado.<br \/>\nLa Cartera de Estado, que es dirigida por Arianna Tanca, asegura que brind\u00f3 atenci\u00f3n social a los familiares de las v\u00edctimas y coordin\u00f3 otras acciones de apoyo<\/p>\n<p>Fuente: Primicias<\/p>\n","protected":false},"excerpt":{"rendered":"<p>La ministra de Gobierno, M\u00f3nica Palencia, asegur\u00f3 que las autoridades ya identificaron a los autores de la \u00faltima masacre en el Guasmo Sur, de Guayaquil, donde cuatro ni\u00f1os murieron, mientras su madre se encuentra en estado cr\u00edtico, esto tras los primeros allanamientos. La ministra Palencia asegur\u00f3 que la Polic\u00eda ha realizado m\u00e1s de 10 allanamientos en este caso. \u00abYa se encuentran identificados los sujetos\u00bb, adelant\u00f3 en una entrevista con Ecuavisa la ma\u00f1ana del mi\u00e9rcoles 13 de diciembre. Palencia no dio m\u00e1s detalles de las investigaciones y asegur\u00f3 que espera tener buenas noticias en las pr\u00f3ximas horas. La Polic\u00eda confirm\u00f3 que el ataque armado no estaba dirigido a esta familia, sino contra integrantes de la banda delictiva Los Lagartos, pero los sicarios ingresaron a la vivienda equivocada. Los autores de la masacre ser\u00edan miembros de la banda delictiva Mafia-18, que es rival de Los Lagartos y se disputan el control en el sur de Guayaquil. Ministerio de la Mujer activ\u00f3 servicios de protecci\u00f3n La ma\u00f1ana de este mi\u00e9rcoles tambi\u00e9n se pronunci\u00f3 el Ministerio de la Mujer y Derechos Humanos, a trav\u00e9s de un comunicado en la red social X (antes Twitter). \u00abNuestros Servicios de Protecci\u00f3n Integral fueron activados, desplegando un equipo t\u00e9cnico especializado\u00bb, asegura el comunicado. La Cartera de Estado, que es dirigida por Arianna Tanca, asegura que brind\u00f3 atenci\u00f3n social a los familiares de las v\u00edctimas y coordin\u00f3 otras acciones de apoyo Fuente: Primicias<\/p>\n","protected":false},"author":1,"featured_media":12711,"comment_status":"open","ping_status":"open","sticky":false,"template":"","format":"standard","meta":{"footnotes":""},"categories":[268],"tags":[],"class_list":["post-12710","post","type-post","status-publish","format-standard","has-post-thumbnail","hentry","category-nacionales"],"_links":{"self":[{"href":"https:\/\/www.elamazonico.com\/portal\/wp-json\/wp\/v2\/posts\/12710","targetHints":{"allow":["GET"]}}],"collection":[{"href":"https:\/\/www.elamazonico.com\/portal\/wp-json\/wp\/v2\/posts"}],"about":[{"href":"https:\/\/www.elamazonico.com\/portal\/wp-json\/wp\/v2\/types\/post"}],"author":[{"embeddable":true,"href":"https:\/\/www.elamazonico.com\/portal\/wp-json\/wp\/v2\/users\/1"}],"replies":[{"embeddable":true,"href":"https:\/\/www.elamazonico.com\/portal\/wp-json\/wp\/v2\/comments?post=12710"}],"version-history":[{"count":1,"href":"https:\/\/www.elamazonico.com\/portal\/wp-json\/wp\/v2\/posts\/12710\/revisions"}],"predecessor-version":[{"id":12712,"href":"https:\/\/www.elamazonico.com\/portal\/wp-json\/wp\/v2\/posts\/12710\/revisions\/12712"}],"wp:featuredmedia":[{"embeddable":true,"href":"https:\/\/www.elamazonico.com\/portal\/wp-json\/wp\/v2\/media\/12711"}],"wp:attachment":[{"href":"https:\/\/www.elamazonico.com\/portal\/wp-json\/wp\/v2\/media?parent=12710"}],"wp:term":[{"taxonomy":"category","embeddable":true,"href":"https:\/\/www.elamazonico.com\/portal\/wp-json\/wp\/v2\/categories?post=12710"},{"taxonomy":"post_tag","embeddable":true,"href":"https:\/\/www.elamazonico.com\/portal\/wp-json\/wp\/v2\/tags?post=12710"}],"curies":[{"name":"wp","href":"https:\/\/api.w.org\/{rel}","templated":true}]}}