{"id":12684,"date":"2023-12-12T07:21:28","date_gmt":"2023-12-12T12:21:28","guid":{"rendered":"https:\/\/www.elamazonico.com\/portal\/?p=12684"},"modified":"2023-12-12T07:21:28","modified_gmt":"2023-12-12T12:21:28","slug":"incendio-devasta-vegetacion-en-parque-nacional-cajas","status":"publish","type":"post","link":"https:\/\/www.elamazonico.com\/portal\/incendio-devasta-vegetacion-en-parque-nacional-cajas\/","title":{"rendered":"Incendio devasta vegetaci\u00f3n en Parque Nacional Cajas"},"content":{"rendered":"<p class=\"tmzr-el\">Un<strong>\u00a0incendio forestal<\/strong>\u00a0de proporciones se gener\u00f3 en la zona de Llaviuco, en el<strong>\u00a0Parque Nacional Cajas en Cuenca<\/strong>. El fuego fue divisado desde mediod\u00eda del domingo 10 de diciembre de 2023 y ha avanzado devastando una extensa zona de pajonal y otras especies propias de esta zona de p\u00e1ramo.<\/p>\n<p class=\"tmzr-el\">El<strong>\u00a0Cuerpo de Bomberos Cuenca\u00a0<\/strong>activ\u00f3 a su personal para el control del incendio, sin embargo, hasta la tarde de ayer debido a las condiciones clim\u00e1ticas (intenso sol y fuerte viento), no fue posible sofocar el incendio.<\/p>\n<p class=\"tmzr-el aBigClassNameToAvoidCollisionInText aBigClassNameToAvoidCollisionInText\">En horas de la ma\u00f1ana de este 11 de diciembre, la\u00a0<strong>Secretar\u00eda de Gesti\u00f3n de Riesgos<\/strong>\u00a0activ\u00f3 el protocolo para el apoyo en el control de incendios forestales. De esta forma, personal de las Fuerzas Armadas se dirigi\u00f3 al sitio para apoyar al Cuerpo de Bomberos Cuenca en las labores contra el fuego.<\/p>\n<p class=\"tmzr-el\">La tarde de ayer, un total de\u00a0<strong>71 personas<\/strong>\u00a0de los organismos de primera respuesta se mantuvieron en el lugar combatiendo el fuego: 27 uniformados de\u00a0<strong>Bomberos Cuenca<\/strong>, 19 de\u00a0<strong>Fuerzas Armadas<\/strong>, 21\u00a0<strong>Guardaparques de ETAPA<\/strong>\u00a0y t\u00e9cnicos; adem\u00e1s de personal de Secretar\u00eda de\u00a0<strong>Gesti\u00f3n de Riesgos y Ministerio del Ambiente<\/strong>.<\/p>\n<p class=\"tmzr-el\">Al momento no se tiene un aproximado de hect\u00e1reas afectadas por este incendio forestal. El fuego fue divisado a lo largo de la zona de monta\u00f1a, al menos un kil\u00f3metro y medio de l\u00ednea de fuego.<\/p>\n<p class=\"tmzr-el\"><strong>Datos<\/strong><\/p>\n<p class=\"tmzr-el\">Desde la Unidad de Monitoreo de la Secretar\u00eda de Gesti\u00f3n de Riesgos, en lo que va de este a\u00f1o, se ha contabilizado un total de 4.029 hect\u00e1reas (ha) de vegetaci\u00f3n afectadas por los incendios forestales en la\u00a0<strong>provincia del Azuay<\/strong>.<\/p>\n<p class=\"tmzr-el\"><strong>Nab\u00f3n<\/strong>\u00a0es el cant\u00f3n m\u00e1s afectado, con un total de 1.108 ha., seguido por\u00a0<strong>O\u00f1a<\/strong>\u00a0con 699 ha y Cuenca con 677 ha, superando la estad\u00edstica del 2022 en donde se contabilizaron un total de 1.834 ha durante el a\u00f1o. (I)<\/p>\n<p>Fuente: El Mercurio<\/p>\n<div class=\"lazy-loading-container-38\"><\/div>\n","protected":false},"excerpt":{"rendered":"<p>Un\u00a0incendio forestal\u00a0de proporciones se gener\u00f3 en la zona de Llaviuco, en el\u00a0Parque Nacional Cajas en Cuenca. El fuego fue divisado desde mediod\u00eda del domingo 10 de diciembre de 2023 y ha avanzado devastando una extensa zona de pajonal y otras especies propias de esta zona de p\u00e1ramo. El\u00a0Cuerpo de Bomberos Cuenca\u00a0activ\u00f3 a su personal para el control del incendio, sin embargo, hasta la tarde de ayer debido a las condiciones clim\u00e1ticas (intenso sol y fuerte viento), no fue posible sofocar el incendio. En horas de la ma\u00f1ana de este 11 de diciembre, la\u00a0Secretar\u00eda de Gesti\u00f3n de Riesgos\u00a0activ\u00f3 el protocolo para el apoyo en el control de incendios forestales. De esta forma, personal de las Fuerzas Armadas se dirigi\u00f3 al sitio para apoyar al Cuerpo de Bomberos Cuenca en las labores contra el fuego. La tarde de ayer, un total de\u00a071 personas\u00a0de los organismos de primera respuesta se mantuvieron en el lugar combatiendo el fuego: 27 uniformados de\u00a0Bomberos Cuenca, 19 de\u00a0Fuerzas Armadas, 21\u00a0Guardaparques de ETAPA\u00a0y t\u00e9cnicos; adem\u00e1s de personal de Secretar\u00eda de\u00a0Gesti\u00f3n de Riesgos y Ministerio del Ambiente. Al momento no se tiene un aproximado de hect\u00e1reas afectadas por este incendio forestal. El fuego fue divisado a lo largo de la zona de monta\u00f1a, al menos un kil\u00f3metro y medio de l\u00ednea de fuego. Datos Desde la Unidad de Monitoreo de la Secretar\u00eda de Gesti\u00f3n de Riesgos, en lo que va de este a\u00f1o, se ha contabilizado un total de 4.029 hect\u00e1reas (ha) de vegetaci\u00f3n afectadas por los incendios forestales en la\u00a0provincia del Azuay. Nab\u00f3n\u00a0es el cant\u00f3n m\u00e1s afectado, con un total de 1.108 ha., seguido por\u00a0O\u00f1a\u00a0con 699 ha y Cuenca con 677 ha, superando la estad\u00edstica del 2022 en donde se contabilizaron un total de 1.834 ha durante el a\u00f1o. (I) Fuente: El Mercurio<\/p>\n","protected":false},"author":1,"featured_media":12685,"comment_status":"open","ping_status":"open","sticky":false,"template":"","format":"standard","meta":{"footnotes":""},"categories":[268],"tags":[],"class_list":["post-12684","post","type-post","status-publish","format-standard","has-post-thumbnail","hentry","category-nacionales"],"_links":{"self":[{"href":"https:\/\/www.elamazonico.com\/portal\/wp-json\/wp\/v2\/posts\/12684","targetHints":{"allow":["GET"]}}],"collection":[{"href":"https:\/\/www.elamazonico.com\/portal\/wp-json\/wp\/v2\/posts"}],"about":[{"href":"https:\/\/www.elamazonico.com\/portal\/wp-json\/wp\/v2\/types\/post"}],"author":[{"embeddable":true,"href":"https:\/\/www.elamazonico.com\/portal\/wp-json\/wp\/v2\/users\/1"}],"replies":[{"embeddable":true,"href":"https:\/\/www.elamazonico.com\/portal\/wp-json\/wp\/v2\/comments?post=12684"}],"version-history":[{"count":1,"href":"https:\/\/www.elamazonico.com\/portal\/wp-json\/wp\/v2\/posts\/12684\/revisions"}],"predecessor-version":[{"id":12686,"href":"https:\/\/www.elamazonico.com\/portal\/wp-json\/wp\/v2\/posts\/12684\/revisions\/12686"}],"wp:featuredmedia":[{"embeddable":true,"href":"https:\/\/www.elamazonico.com\/portal\/wp-json\/wp\/v2\/media\/12685"}],"wp:attachment":[{"href":"https:\/\/www.elamazonico.com\/portal\/wp-json\/wp\/v2\/media?parent=12684"}],"wp:term":[{"taxonomy":"category","embeddable":true,"href":"https:\/\/www.elamazonico.com\/portal\/wp-json\/wp\/v2\/categories?post=12684"},{"taxonomy":"post_tag","embeddable":true,"href":"https:\/\/www.elamazonico.com\/portal\/wp-json\/wp\/v2\/tags?post=12684"}],"curies":[{"name":"wp","href":"https:\/\/api.w.org\/{rel}","templated":true}]}}