{"id":12681,"date":"2023-12-12T07:16:23","date_gmt":"2023-12-12T12:16:23","guid":{"rendered":"https:\/\/www.elamazonico.com\/portal\/?p=12681"},"modified":"2023-12-12T07:16:23","modified_gmt":"2023-12-12T12:16:23","slug":"jueces-de-la-corte-nacional-no-llegan-a-un-acuerdo-ante-el-concurso-de-jueces","status":"publish","type":"post","link":"https:\/\/www.elamazonico.com\/portal\/jueces-de-la-corte-nacional-no-llegan-a-un-acuerdo-ante-el-concurso-de-jueces\/","title":{"rendered":"Jueces de la Corte Nacional no llegan a un acuerdo ante el concurso de jueces"},"content":{"rendered":"<p>Los jueces de la\u00a0<strong>Corte Nacional<\/strong>\u00a0de Justicia se reunieron la tarde y noche de este lunes, 11 de diciembre de 2023. El m\u00e1ximo organismo de justicia mantuvo un encuentro para analizar el concurso de jueces nacionales, impulsado por la Judicatura.<\/p>\n<p>La idea era emitir un pronunciamiento en conjunto sobre las denuncias que se han difundido de presuntas irregularidades en el concurso de jueces.<\/p>\n<p>Sin embargo, los\u00a0<strong>18 magistrados<\/strong>\u00a0de la Corte Nacional no llegaron a un acuerdo. Por dos ocasiones intentaron lograr un consenso para delimitar la posici\u00f3n que tomar\u00edan con respecto al concurso, que busca designar a ocho nuevos jueces.<\/p>\n<p>La primera moci\u00f3n del d\u00eda lleg\u00f3 por parte de la\u00a0<strong>jueza Emma Tapia<\/strong>. La magistrada intent\u00f3 que sus compa\u00f1eros lleguen a un acuerdo para consensuar que la Corte Nacional no tiene competencia para emitir ning\u00fan pronunciamiento.<\/p>\n<p>Sin embargo, esta opci\u00f3n consigui\u00f3 nueve votos a favor. El m\u00ednimo requerido para ser aprobado era de 12 votos.<\/p>\n<p>Tras superar este hecho, el juez nacional\u00a0<strong>Walter Mac\u00edas<\/strong>\u00a0mocion\u00f3 para que se emitiera un exhorto a la Judicatura sobre el concurso de jueces.<\/p>\n<p>Pero esta idea tampoco tuvo el apoyo suficiente. De los\u00a0<strong>18 presentes, 11 votaron a favor<\/strong>, seis en contra y uno se decidi\u00f3 por la abstenci\u00f3n.<\/p>\n<p>El presidente de la Corte, Iv\u00e1n Saquicela, no tuvo otra opci\u00f3n que dar por concluida la reuni\u00f3n. Antes de terminar la cita, Saquicela record\u00f3 que no existe el voto de abstenci\u00f3n para estas reuniones. Pero tampoco pidi\u00f3 que se reconsidere esta votaci\u00f3n.<\/p>\n<p>Durante el encuentro Saquicela se mostr\u00f3 en contra de las actuaciones del\u00a0<strong>presidente de la Judicatura, Wilman Ter\u00e1n.\u00a0<\/strong><\/p>\n<p>Este \u00faltimo ha sido observado por la\u00a0<strong>Asamblea Nacional<\/strong>, ente que prepara su enjuiciamiento pol\u00edtico. (I)<\/p>\n<p>Fuente: El Tel\u00e9grafo<\/p>\n<p>&nbsp;<\/p>\n","protected":false},"excerpt":{"rendered":"<p>Los jueces de la\u00a0Corte Nacional\u00a0de Justicia se reunieron la tarde y noche de este lunes, 11 de diciembre de 2023. El m\u00e1ximo organismo de justicia mantuvo un encuentro para analizar el concurso de jueces nacionales, impulsado por la Judicatura. La idea era emitir un pronunciamiento en conjunto sobre las denuncias que se han difundido de presuntas irregularidades en el concurso de jueces. Sin embargo, los\u00a018 magistrados\u00a0de la Corte Nacional no llegaron a un acuerdo. Por dos ocasiones intentaron lograr un consenso para delimitar la posici\u00f3n que tomar\u00edan con respecto al concurso, que busca designar a ocho nuevos jueces. La primera moci\u00f3n del d\u00eda lleg\u00f3 por parte de la\u00a0jueza Emma Tapia. La magistrada intent\u00f3 que sus compa\u00f1eros lleguen a un acuerdo para consensuar que la Corte Nacional no tiene competencia para emitir ning\u00fan pronunciamiento. Sin embargo, esta opci\u00f3n consigui\u00f3 nueve votos a favor. El m\u00ednimo requerido para ser aprobado era de 12 votos. Tras superar este hecho, el juez nacional\u00a0Walter Mac\u00edas\u00a0mocion\u00f3 para que se emitiera un exhorto a la Judicatura sobre el concurso de jueces. Pero esta idea tampoco tuvo el apoyo suficiente. De los\u00a018 presentes, 11 votaron a favor, seis en contra y uno se decidi\u00f3 por la abstenci\u00f3n. El presidente de la Corte, Iv\u00e1n Saquicela, no tuvo otra opci\u00f3n que dar por concluida la reuni\u00f3n. Antes de terminar la cita, Saquicela record\u00f3 que no existe el voto de abstenci\u00f3n para estas reuniones. Pero tampoco pidi\u00f3 que se reconsidere esta votaci\u00f3n. Durante el encuentro Saquicela se mostr\u00f3 en contra de las actuaciones del\u00a0presidente de la Judicatura, Wilman Ter\u00e1n.\u00a0 Este \u00faltimo ha sido observado por la\u00a0Asamblea Nacional, ente que prepara su enjuiciamiento pol\u00edtico. (I) Fuente: El Tel\u00e9grafo &nbsp;<\/p>\n","protected":false},"author":1,"featured_media":12682,"comment_status":"open","ping_status":"open","sticky":false,"template":"","format":"standard","meta":{"footnotes":""},"categories":[268],"tags":[],"class_list":["post-12681","post","type-post","status-publish","format-standard","has-post-thumbnail","hentry","category-nacionales"],"_links":{"self":[{"href":"https:\/\/www.elamazonico.com\/portal\/wp-json\/wp\/v2\/posts\/12681","targetHints":{"allow":["GET"]}}],"collection":[{"href":"https:\/\/www.elamazonico.com\/portal\/wp-json\/wp\/v2\/posts"}],"about":[{"href":"https:\/\/www.elamazonico.com\/portal\/wp-json\/wp\/v2\/types\/post"}],"author":[{"embeddable":true,"href":"https:\/\/www.elamazonico.com\/portal\/wp-json\/wp\/v2\/users\/1"}],"replies":[{"embeddable":true,"href":"https:\/\/www.elamazonico.com\/portal\/wp-json\/wp\/v2\/comments?post=12681"}],"version-history":[{"count":1,"href":"https:\/\/www.elamazonico.com\/portal\/wp-json\/wp\/v2\/posts\/12681\/revisions"}],"predecessor-version":[{"id":12683,"href":"https:\/\/www.elamazonico.com\/portal\/wp-json\/wp\/v2\/posts\/12681\/revisions\/12683"}],"wp:featuredmedia":[{"embeddable":true,"href":"https:\/\/www.elamazonico.com\/portal\/wp-json\/wp\/v2\/media\/12682"}],"wp:attachment":[{"href":"https:\/\/www.elamazonico.com\/portal\/wp-json\/wp\/v2\/media?parent=12681"}],"wp:term":[{"taxonomy":"category","embeddable":true,"href":"https:\/\/www.elamazonico.com\/portal\/wp-json\/wp\/v2\/categories?post=12681"},{"taxonomy":"post_tag","embeddable":true,"href":"https:\/\/www.elamazonico.com\/portal\/wp-json\/wp\/v2\/tags?post=12681"}],"curies":[{"name":"wp","href":"https:\/\/api.w.org\/{rel}","templated":true}]}}